{"id":6263,"date":"2021-09-14T13:00:00","date_gmt":"2021-09-14T11:00:00","guid":{"rendered":"https:\/\/carontestudio.com\/blog\/?p=6263"},"modified":"2025-05-19T14:43:07","modified_gmt":"2025-05-19T12:43:07","slug":"disenadores-ilustres-rob-janoff","status":"publish","type":"post","link":"https:\/\/carontestudio.com\/blog\/disenadores-ilustres-rob-janoff\/","title":{"rendered":"Dise\u00f1adores ilustres: Rob Janoff"},"content":{"rendered":"\n<p>\u00bfTe suena de algo el nombre de Rob Janoff? Era de esperar, puesto que es el creador de uno de los logotipos m\u00e1s famosos de la historia. Hoy repasamos la trayectoria del creador del omnipresente logotipo de Apple, y profundizamos en la intrahistoria de la creaci\u00f3n del logotipo de la manzana. \u00a1Vamos all\u00e1!<\/p>\n\n\n\n<h2 class=\"wp-block-heading\">Los inicios de Rob Janoff<\/h2>\n\n\n\n<p>Originario de Culver City, un suburbio de California, Janoff se form\u00f3 acad\u00e9micamente en la Universidad Estatal de San Jos\u00e9. Comenz\u00f3 interes\u00e1ndose por el dise\u00f1o industrial para acabar decant\u00e1ndose por  el dise\u00f1o gr\u00e1fico. Tras varios trabajos como dise\u00f1ador en distintas agencias de Silicon Valley y Nueva York, como <a href=\"https:\/\/www.tbwachiatday.com\/\" target=\"_blank\" rel=\"noreferrer noopener\">Chiat \/Day,<\/a> en 1977 <strong>consigue un puesto en \u00abRegis McKenna\u00bb,<\/strong> la agencia publicitaria del pionero del marketing empresarial hom\u00f3nimo, ubicada en \u00abPalo Alto\u00bb.<\/p>\n\n\n\n<h2 class=\"wp-block-heading\">La creaci\u00f3n del logotipo de Apple<\/h2>\n\n\n\n<p>Gracias a su experiencia en el sector de la imagen corporativa de empresas tecnol\u00f3gicas, en su primer a\u00f1o en \u00abMcKenna\u00bb Janoff recibi\u00f3 el encargo de crear la imagen corporativa de <strong>un nuevo cliente llamado Apple Computer<\/strong>. La empresa de Jobs, Wozniak y Markkula hab\u00eda comenzado su andanza y con el lanzamiento de su primer ordenador personal, el Apple II, se requii\u00f3 definir la identidad de esta. <\/p>\n\n\n\n<p>Janoff cuenta que para desarrollar la marca, se hizo con una bolsa de manzanas del supermercado y procedi\u00f3 a cortarlas en numerosas secciones y formas. Pas\u00f3 horas observ\u00e1ndolas para decidir un camino a seguir hasta que lleg\u00f3 a la idea que lo cambi\u00f3 todo. <strong>La manzana mordida de Apple naci\u00f3 en un formato monocrom\u00e1tico que enamor\u00f3 a Steve Jobs.<\/strong> Fue precisamente este el que le sugiri\u00f3 a Janoff la posibilidad de incorporar color al logotipo, ya que lograr\u00edan humanizar la empresa la imagen de marca, adem\u00e1s de hacer referencia a la pantalla multicolor del Apple II. Pese al consejo del dise\u00f1ador, que prefer\u00eda abaratar costes de impresi\u00f3n y ante la insistencia de Jobs, Janoff incorpor\u00f3 las l\u00edneas multicolores que formar\u00edan el dise\u00f1o definitivo empleado durante m\u00e1s de 20 a\u00f1os. El dise\u00f1ador cuenta que<strong> el orden y colores elegidos fue una cuesti\u00f3n totalmente personal y subjetiva.<\/strong><\/p>\n\n\n\n<div class=\"wp-block-columns is-layout-flex wp-container-core-columns-is-layout-9d6595d7 wp-block-columns-is-layout-flex\">\n<div class=\"wp-block-column is-layout-flow wp-block-column-is-layout-flow\" style=\"flex-basis:66.66%\">\n<h3 class=\"wp-block-heading\">Trayectoria del logotipo de Apple<\/h3>\n\n\n\n<p>En cuanto al origen del logotipo de Apple, todo parte del dise\u00f1o original de Ron Wayne de 1976, con el que Jobs y compa\u00f1\u00eda crearon la empresa. Un dise\u00f1o anticuado a todas luces, en el que a modo de grabado se pod\u00eda observar la famosa escena de la manzana sobre la cabeza del f\u00edsico del siglo XVII, Isaac Newton. Toda una alegor\u00eda al ingenio y al desarrollo intelectual, valores esenciales promovidos por la empresa.<\/p>\n\n\n\n<blockquote class=\"wp-block-quote is-layout-flow wp-block-quote-is-layout-flow\"><p>Hab\u00eda mucha gente que dec\u00eda que Apple ir\u00eda a la bancarrota si segu\u00eda adelante con el logo,<\/p><cite>Rob Janoff<\/cite><\/blockquote>\n<\/div>\n\n\n\n<div class=\"wp-block-column is-layout-flow wp-block-column-is-layout-flow\" style=\"flex-basis:33.33%\">\n<figure class=\"wp-block-image size-full\"><img loading=\"lazy\" decoding=\"async\" width=\"500\" height=\"500\" src=\"https:\/\/carontestudio.com\/blog\/wp-content\/uploads\/2021\/09\/apple-1976.jpg\" alt=\"Logotipo de Apple 1976\" class=\"wp-image-6280\" srcset=\"https:\/\/carontestudio.com\/blog\/wp-content\/uploads\/2021\/09\/apple-1976.jpg 500w, https:\/\/carontestudio.com\/blog\/wp-content\/uploads\/2021\/09\/apple-1976-300x300.jpg 300w, https:\/\/carontestudio.com\/blog\/wp-content\/uploads\/2021\/09\/apple-1976-150x150.jpg 150w\" sizes=\"auto, (max-width: 500px) 100vw, 500px\" \/><\/figure>\n<\/div>\n<\/div>\n\n\n\n<p>El dise\u00f1o de Rob Janoff en 1977 no cont\u00f3 con una gran acogida, <strong>el tiempo ha demostrado que su elecci\u00f3n fue todo un acierto. <\/strong>Desde su creaci\u00f3n, ha ido cambiando en colores y texturas, pero mantiene su forma original pr\u00e1cticamente intacta. Esta es la progresi\u00f3n hasta el d\u00eda de hoy.<\/p>\n\n\n\n<div class=\"wp-block-columns is-layout-flex wp-container-core-columns-is-layout-9d6595d7 wp-block-columns-is-layout-flex\">\n<div class=\"wp-block-column is-layout-flow wp-block-column-is-layout-flow\">\n<div class=\"wp-block-image\"><figure class=\"aligncenter size-full\"><img loading=\"lazy\" decoding=\"async\" width=\"200\" height=\"200\" src=\"https:\/\/carontestudio.com\/blog\/wp-content\/uploads\/2021\/09\/apple-1977.jpg\" alt=\"Logotipo de Apple 1977 - Rob Janoff\" class=\"wp-image-6281\" srcset=\"https:\/\/carontestudio.com\/blog\/wp-content\/uploads\/2021\/09\/apple-1977.jpg 200w, https:\/\/carontestudio.com\/blog\/wp-content\/uploads\/2021\/09\/apple-1977-150x150.jpg 150w\" sizes=\"auto, (max-width: 200px) 100vw, 200px\" \/><figcaption>1977 &#8211; 1998. Logotipo de Rob Janoff<\/figcaption><\/figure><\/div>\n<\/div>\n\n\n\n<div class=\"wp-block-column is-layout-flow wp-block-column-is-layout-flow\">\n<div class=\"wp-block-image\"><figure class=\"aligncenter size-full\"><img loading=\"lazy\" decoding=\"async\" width=\"200\" height=\"200\" src=\"https:\/\/carontestudio.com\/blog\/wp-content\/uploads\/2021\/09\/apple-1998.jpg\" alt=\"Logotipo de Apple 1998\" class=\"wp-image-6278\" srcset=\"https:\/\/carontestudio.com\/blog\/wp-content\/uploads\/2021\/09\/apple-1998.jpg 200w, https:\/\/carontestudio.com\/blog\/wp-content\/uploads\/2021\/09\/apple-1998-150x150.jpg 150w\" sizes=\"auto, (max-width: 200px) 100vw, 200px\" \/><figcaption> Logotipo Apple 1998<\/figcaption><\/figure><\/div>\n<\/div>\n\n\n\n<div class=\"wp-block-column is-layout-flow wp-block-column-is-layout-flow\">\n<div class=\"wp-block-image\"><figure class=\"aligncenter size-full\"><img loading=\"lazy\" decoding=\"async\" width=\"200\" height=\"200\" src=\"https:\/\/carontestudio.com\/blog\/wp-content\/uploads\/2021\/09\/apple-1998-2000.jpg\" alt=\"Logotipo Apple 1998 - 2000\" class=\"wp-image-6289\" srcset=\"https:\/\/carontestudio.com\/blog\/wp-content\/uploads\/2021\/09\/apple-1998-2000.jpg 200w, https:\/\/carontestudio.com\/blog\/wp-content\/uploads\/2021\/09\/apple-1998-2000-150x150.jpg 150w\" sizes=\"auto, (max-width: 200px) 100vw, 200px\" \/><figcaption>Logotipo Apple 1998 &#8211; 2000<\/figcaption><\/figure><\/div>\n<\/div>\n<\/div>\n\n\n\n<div class=\"wp-block-columns is-layout-flex wp-container-core-columns-is-layout-9d6595d7 wp-block-columns-is-layout-flex\">\n<div class=\"wp-block-column is-layout-flow wp-block-column-is-layout-flow\">\n<div class=\"wp-block-image\"><figure class=\"aligncenter size-full\"><img loading=\"lazy\" decoding=\"async\" width=\"200\" height=\"200\" src=\"https:\/\/carontestudio.com\/blog\/wp-content\/uploads\/2021\/09\/apple-2001.jpg\" alt=\"Logotipo de Apple 2001\" class=\"wp-image-6279\" srcset=\"https:\/\/carontestudio.com\/blog\/wp-content\/uploads\/2021\/09\/apple-2001.jpg 200w, https:\/\/carontestudio.com\/blog\/wp-content\/uploads\/2021\/09\/apple-2001-150x150.jpg 150w\" sizes=\"auto, (max-width: 200px) 100vw, 200px\" \/><figcaption> Logotipo Apple 2000-2007<\/figcaption><\/figure><\/div>\n<\/div>\n\n\n\n<div class=\"wp-block-column is-layout-flow wp-block-column-is-layout-flow\">\n<div class=\"wp-block-image\"><figure class=\"aligncenter size-full\"><img loading=\"lazy\" decoding=\"async\" width=\"200\" height=\"200\" src=\"https:\/\/carontestudio.com\/blog\/wp-content\/uploads\/2021\/09\/apple-2008.jpg\" alt=\"Logotipo de Apple 2008\" class=\"wp-image-6282\" srcset=\"https:\/\/carontestudio.com\/blog\/wp-content\/uploads\/2021\/09\/apple-2008.jpg 200w, https:\/\/carontestudio.com\/blog\/wp-content\/uploads\/2021\/09\/apple-2008-150x150.jpg 150w\" sizes=\"auto, (max-width: 200px) 100vw, 200px\" \/><figcaption> Logotipo Apple 2008<\/figcaption><\/figure><\/div>\n<\/div>\n\n\n\n<div class=\"wp-block-column is-layout-flow wp-block-column-is-layout-flow\">\n<div class=\"wp-block-image\"><figure class=\"aligncenter size-full\"><img loading=\"lazy\" decoding=\"async\" width=\"200\" height=\"200\" src=\"https:\/\/carontestudio.com\/blog\/wp-content\/uploads\/2021\/09\/apple-actual.jpg\" alt=\"Logotipo de Apple Actial\" class=\"wp-image-6283\" srcset=\"https:\/\/carontestudio.com\/blog\/wp-content\/uploads\/2021\/09\/apple-actual.jpg 200w, https:\/\/carontestudio.com\/blog\/wp-content\/uploads\/2021\/09\/apple-actual-150x150.jpg 150w\" sizes=\"auto, (max-width: 200px) 100vw, 200px\" \/><figcaption>Logotipo Apple Actual<\/figcaption><\/figure><\/div>\n<\/div>\n<\/div>\n\n\n\n<h2 class=\"wp-block-heading\">Rob Janoff tras Apple<\/h2>\n\n\n\n<p>La trayectoria de Rob tras su colaboraci\u00f3n con Apple en \u00abMcKenna\u00bb se vio influenciada en sobremanera por su labor con el logotipo de la manzana. De esta manera, pas\u00f3 por distintas agencias de Chicago y Nueva York, en la que se especializ\u00f3 en publicidad impresa y televisiva, adem\u00e1s de por supuesto, la imagen corporativa. A lo largo de su extensa experiencia laboral, ha desarrollado numerosos proyectos para marcas multinacionales como<strong> IBM, Kleenex, Kraft,  AT&amp;T, John Deere o Citibank.<\/strong><\/p>\n\n\n\n<p>Se decidi\u00f3 a escribir el libro titulado \u00abDando un mordisco a la manzana\u00bb, en el que explica con detalle el periodo de la revoluci\u00f3n del ordenador personal, vivido con Jobs y su equipo, adem\u00e1s de su paso por IBM, Intel, etc.<\/p>\n\n\n\n<p>En la actualidad contin\u00faa su labor bajo su propio sello en \u00abRob Janoff\u00bb donde lleva a cabo dise\u00f1os principalmente corporativos. Consciente del impacto generado por su creaci\u00f3n m\u00e1s c\u00e9lebre, Janoff no duda en autoproclamarse como el creador de uno los mejores logotipos del mundo.<\/p>\n\n\n\n<h2 class=\"wp-block-heading\">Otros trabajos de Rob Janoff<\/h2>\n\n\n\n<p>El portafolio de Janoff sigue creciendo con el paso de los a\u00f1os, dada su incesante actividad en el mundo del dise\u00f1o gr\u00e1fico. Por eso, de entre todas sus creaciones, hemos decidido hacer una selecci\u00f3n de sus logotipos y marcas m\u00e1s recientes.<\/p>\n\n\n\n<figure class=\"wp-block-gallery columns-4 is-cropped wp-block-gallery-1 is-layout-flex wp-block-gallery-is-layout-flex\"><ul class=\"blocks-gallery-grid\"><li class=\"blocks-gallery-item\"><figure><img loading=\"lazy\" decoding=\"async\" width=\"300\" height=\"300\" src=\"https:\/\/carontestudio.com\/blog\/wp-content\/uploads\/2021\/09\/alliance-logo.jpg\" alt=\"\" data-id=\"6302\" data-full-url=\"https:\/\/carontestudio.com\/blog\/wp-content\/uploads\/2021\/09\/alliance-logo.jpg\" data-link=\"https:\/\/carontestudio.com\/blog\/?attachment_id=6302\" class=\"wp-image-6302\" srcset=\"https:\/\/carontestudio.com\/blog\/wp-content\/uploads\/2021\/09\/alliance-logo.jpg 300w, https:\/\/carontestudio.com\/blog\/wp-content\/uploads\/2021\/09\/alliance-logo-150x150.jpg 150w\" sizes=\"auto, (max-width: 300px) 100vw, 300px\" \/><\/figure><\/li><li class=\"blocks-gallery-item\"><figure><img loading=\"lazy\" decoding=\"async\" width=\"300\" height=\"300\" src=\"https:\/\/carontestudio.com\/blog\/wp-content\/uploads\/2021\/09\/crooz-logo.jpg\" alt=\"\" data-id=\"6303\" data-full-url=\"https:\/\/carontestudio.com\/blog\/wp-content\/uploads\/2021\/09\/crooz-logo.jpg\" data-link=\"https:\/\/carontestudio.com\/blog\/?attachment_id=6303\" class=\"wp-image-6303\" srcset=\"https:\/\/carontestudio.com\/blog\/wp-content\/uploads\/2021\/09\/crooz-logo.jpg 300w, https:\/\/carontestudio.com\/blog\/wp-content\/uploads\/2021\/09\/crooz-logo-150x150.jpg 150w\" sizes=\"auto, (max-width: 300px) 100vw, 300px\" \/><\/figure><\/li><li class=\"blocks-gallery-item\"><figure><img loading=\"lazy\" decoding=\"async\" width=\"300\" height=\"300\" src=\"https:\/\/carontestudio.com\/blog\/wp-content\/uploads\/2021\/09\/globe-logo.jpg\" alt=\"\" data-id=\"6304\" data-full-url=\"https:\/\/carontestudio.com\/blog\/wp-content\/uploads\/2021\/09\/globe-logo.jpg\" data-link=\"https:\/\/carontestudio.com\/blog\/?attachment_id=6304\" class=\"wp-image-6304\" srcset=\"https:\/\/carontestudio.com\/blog\/wp-content\/uploads\/2021\/09\/globe-logo.jpg 300w, https:\/\/carontestudio.com\/blog\/wp-content\/uploads\/2021\/09\/globe-logo-150x150.jpg 150w\" sizes=\"auto, (max-width: 300px) 100vw, 300px\" \/><\/figure><\/li><li class=\"blocks-gallery-item\"><figure><img loading=\"lazy\" decoding=\"async\" width=\"300\" height=\"300\" src=\"https:\/\/carontestudio.com\/blog\/wp-content\/uploads\/2021\/09\/langome-logo.jpg\" alt=\"\" data-id=\"6305\" data-full-url=\"https:\/\/carontestudio.com\/blog\/wp-content\/uploads\/2021\/09\/langome-logo.jpg\" data-link=\"https:\/\/carontestudio.com\/blog\/?attachment_id=6305\" class=\"wp-image-6305\" srcset=\"https:\/\/carontestudio.com\/blog\/wp-content\/uploads\/2021\/09\/langome-logo.jpg 300w, https:\/\/carontestudio.com\/blog\/wp-content\/uploads\/2021\/09\/langome-logo-150x150.jpg 150w\" sizes=\"auto, (max-width: 300px) 100vw, 300px\" \/><\/figure><\/li><li class=\"blocks-gallery-item\"><figure><img loading=\"lazy\" decoding=\"async\" width=\"300\" height=\"300\" src=\"https:\/\/carontestudio.com\/blog\/wp-content\/uploads\/2021\/09\/littergram-logo.jpg\" alt=\"\" data-id=\"6306\" data-full-url=\"https:\/\/carontestudio.com\/blog\/wp-content\/uploads\/2021\/09\/littergram-logo.jpg\" data-link=\"https:\/\/carontestudio.com\/blog\/?attachment_id=6306\" class=\"wp-image-6306\" srcset=\"https:\/\/carontestudio.com\/blog\/wp-content\/uploads\/2021\/09\/littergram-logo.jpg 300w, https:\/\/carontestudio.com\/blog\/wp-content\/uploads\/2021\/09\/littergram-logo-150x150.jpg 150w\" sizes=\"auto, (max-width: 300px) 100vw, 300px\" \/><\/figure><\/li><li class=\"blocks-gallery-item\"><figure><img loading=\"lazy\" decoding=\"async\" width=\"350\" height=\"351\" src=\"https:\/\/carontestudio.com\/blog\/wp-content\/uploads\/2021\/09\/lucas-logo.jpg\" alt=\"\" data-id=\"6307\" data-full-url=\"https:\/\/carontestudio.com\/blog\/wp-content\/uploads\/2021\/09\/lucas-logo.jpg\" data-link=\"https:\/\/carontestudio.com\/blog\/?attachment_id=6307\" class=\"wp-image-6307\" srcset=\"https:\/\/carontestudio.com\/blog\/wp-content\/uploads\/2021\/09\/lucas-logo.jpg 350w, https:\/\/carontestudio.com\/blog\/wp-content\/uploads\/2021\/09\/lucas-logo-300x300.jpg 300w, https:\/\/carontestudio.com\/blog\/wp-content\/uploads\/2021\/09\/lucas-logo-150x150.jpg 150w\" sizes=\"auto, (max-width: 350px) 100vw, 350px\" \/><\/figure><\/li><li class=\"blocks-gallery-item\"><figure><img loading=\"lazy\" decoding=\"async\" width=\"300\" height=\"300\" src=\"https:\/\/carontestudio.com\/blog\/wp-content\/uploads\/2021\/09\/michael-bishop-logo.jpg\" alt=\"\" data-id=\"6308\" data-full-url=\"https:\/\/carontestudio.com\/blog\/wp-content\/uploads\/2021\/09\/michael-bishop-logo.jpg\" data-link=\"https:\/\/carontestudio.com\/blog\/?attachment_id=6308\" class=\"wp-image-6308\" srcset=\"https:\/\/carontestudio.com\/blog\/wp-content\/uploads\/2021\/09\/michael-bishop-logo.jpg 300w, https:\/\/carontestudio.com\/blog\/wp-content\/uploads\/2021\/09\/michael-bishop-logo-150x150.jpg 150w\" sizes=\"auto, (max-width: 300px) 100vw, 300px\" \/><\/figure><\/li><li class=\"blocks-gallery-item\"><figure><img loading=\"lazy\" decoding=\"async\" width=\"300\" height=\"300\" src=\"https:\/\/carontestudio.com\/blog\/wp-content\/uploads\/2021\/09\/pluit-city-logo.jpg\" alt=\"\" data-id=\"6309\" data-full-url=\"https:\/\/carontestudio.com\/blog\/wp-content\/uploads\/2021\/09\/pluit-city-logo.jpg\" data-link=\"https:\/\/carontestudio.com\/blog\/?attachment_id=6309\" class=\"wp-image-6309\" srcset=\"https:\/\/carontestudio.com\/blog\/wp-content\/uploads\/2021\/09\/pluit-city-logo.jpg 300w, https:\/\/carontestudio.com\/blog\/wp-content\/uploads\/2021\/09\/pluit-city-logo-150x150.jpg 150w\" sizes=\"auto, (max-width: 300px) 100vw, 300px\" \/><\/figure><\/li><\/ul><\/figure>\n\n\n\n<h2 class=\"wp-block-heading\">Conclusi\u00f3n<\/h2>\n\n\n\n<p>Puede que la principal aportaci\u00f3n de Rob Janoff al mundo del dise\u00f1o parezca no abarcar m\u00e1s all\u00e1 de la creaci\u00f3n del logitpo de Apple. Sin embargo, su ejemplo e inspiraci\u00f3n para futuras generaciones de dise\u00f1adores resulta inestimable.  Si quieres saber m\u00e1s acerca del genio tras la manzana m\u00e1s famosa del planeta, aqu\u00ed te dejamos un video suyo. <\/p>\n\n\n\n<p>Por nuestra parte no queda m\u00e1s que despedirnos. Esperamos que el art\u00edculo haya sido de tu agrado, y te recordamos que puedes compartir con nosotros tus impresiones, \u00a1hasta pronto!<\/p>\n\n\n\n<div class=\"embed-responsive embed-responsive-16by9\">\n  <iframe class=\"embed-responsive-item\" src=\"https:\/\/www.youtube.com\/embed\/Bauln9ZF_qs\"><\/iframe>\n<\/div>\n","protected":false},"excerpt":{"rendered":"<p>Repasamos la figura de Rob Janoff, el creador del logotipo de Apple entra\u00f1a mucho m\u00e1s que su logotipo m\u00e1s famoso. Descubre al genio tras la manzana.<\/p>\n","protected":false},"author":3,"featured_media":6314,"comment_status":"open","ping_status":"closed","sticky":false,"template":"","format":"standard","meta":{"_acf_changed":false,"footnotes":""},"categories":[53],"tags":[61],"class_list":["post-6263","post","type-post","status-publish","format-standard","has-post-thumbnail","hentry","category-diseno-grafico","tag-disenadores"],"acf":[],"yoast_head":"<!-- This site is optimized with the Yoast SEO plugin v27.3 - https:\/\/yoast.com\/product\/yoast-seo-wordpress\/ -->\n<title>Dise\u00f1adores ilustres: Rob Janoff - Blog - Caronte Web Studio - Vitoria<\/title>\n<meta name=\"description\" content=\"\u00bfConoces a Rob Janoff? El creador del logotipo de Apple entra\u00f1a mucho m\u00e1s que su logotipo m\u00e1s famoso. Descubre al genio tras la manzana\" \/>\n<meta name=\"robots\" content=\"index, follow, max-snippet:-1, max-image-preview:large, max-video-preview:-1\" \/>\n<link rel=\"canonical\" href=\"https:\/\/carontestudio.com\/blog\/disenadores-ilustres-rob-janoff\/\" \/>\n<meta property=\"og:locale\" content=\"es_ES\" \/>\n<meta property=\"og:type\" content=\"article\" \/>\n<meta property=\"og:title\" content=\"Dise\u00f1adores ilustres: Rob Janoff - Blog - Caronte Web Studio - Vitoria\" \/>\n<meta property=\"og:description\" content=\"\u00bfConoces a Rob Janoff? El creador del logotipo de Apple entra\u00f1a mucho m\u00e1s que su logotipo m\u00e1s famoso. Descubre al genio tras la manzana\" \/>\n<meta property=\"og:url\" content=\"https:\/\/carontestudio.com\/blog\/disenadores-ilustres-rob-janoff\/\" \/>\n<meta property=\"og:site_name\" content=\"Blog de maketing | Caronte\" \/>\n<meta property=\"article:publisher\" content=\"https:\/\/www.facebook.com\/carontewebstudio\/\" \/>\n<meta property=\"article:published_time\" content=\"2021-09-14T11:00:00+00:00\" \/>\n<meta property=\"article:modified_time\" content=\"2025-05-19T12:43:07+00:00\" \/>\n<meta property=\"og:image\" content=\"https:\/\/carontestudio.com\/blog\/wp-content\/uploads\/2021\/09\/disenadores-ilustres-rob-janoff.jpg\" \/>\n\t<meta property=\"og:image:width\" content=\"1250\" \/>\n\t<meta property=\"og:image:height\" content=\"737\" \/>\n\t<meta property=\"og:image:type\" content=\"image\/jpeg\" \/>\n<meta name=\"author\" content=\"David de Lamo\" \/>\n<meta name=\"twitter:card\" content=\"summary_large_image\" \/>\n<meta name=\"twitter:label1\" content=\"Escrito por\" \/>\n\t<meta name=\"twitter:data1\" content=\"David de Lamo\" \/>\n\t<meta name=\"twitter:label2\" content=\"Tiempo de lectura\" \/>\n\t<meta name=\"twitter:data2\" content=\"7 minutos\" \/>\n<script type=\"application\/ld+json\" class=\"yoast-schema-graph\">{\"@context\":\"https:\\\/\\\/schema.org\",\"@graph\":[{\"@type\":\"Article\",\"@id\":\"https:\\\/\\\/carontestudio.com\\\/blog\\\/disenadores-ilustres-rob-janoff\\\/#article\",\"isPartOf\":{\"@id\":\"https:\\\/\\\/carontestudio.com\\\/blog\\\/disenadores-ilustres-rob-janoff\\\/\"},\"author\":{\"name\":\"David de Lamo\",\"@id\":\"https:\\\/\\\/carontestudio.com\\\/blog\\\/#\\\/schema\\\/person\\\/2104191b75663e9e9ca47f821c5f92cf\"},\"headline\":\"Dise\u00f1adores ilustres: Rob Janoff\",\"datePublished\":\"2021-09-14T11:00:00+00:00\",\"dateModified\":\"2025-05-19T12:43:07+00:00\",\"mainEntityOfPage\":{\"@id\":\"https:\\\/\\\/carontestudio.com\\\/blog\\\/disenadores-ilustres-rob-janoff\\\/\"},\"wordCount\":883,\"commentCount\":0,\"publisher\":{\"@id\":\"https:\\\/\\\/carontestudio.com\\\/blog\\\/#organization\"},\"image\":{\"@id\":\"https:\\\/\\\/carontestudio.com\\\/blog\\\/disenadores-ilustres-rob-janoff\\\/#primaryimage\"},\"thumbnailUrl\":\"https:\\\/\\\/carontestudio.com\\\/blog\\\/wp-content\\\/uploads\\\/2021\\\/09\\\/disenadores-ilustres-rob-janoff.jpg\",\"keywords\":[\"Dise\u00f1adores\"],\"articleSection\":[\"Dise\u00f1o gr\u00e1fico\"],\"inLanguage\":\"es\",\"potentialAction\":[{\"@type\":\"CommentAction\",\"name\":\"Comment\",\"target\":[\"https:\\\/\\\/carontestudio.com\\\/blog\\\/disenadores-ilustres-rob-janoff\\\/#respond\"]}]},{\"@type\":\"WebPage\",\"@id\":\"https:\\\/\\\/carontestudio.com\\\/blog\\\/disenadores-ilustres-rob-janoff\\\/\",\"url\":\"https:\\\/\\\/carontestudio.com\\\/blog\\\/disenadores-ilustres-rob-janoff\\\/\",\"name\":\"Dise\u00f1adores ilustres: Rob Janoff - Blog - Caronte Web Studio - Vitoria\",\"isPartOf\":{\"@id\":\"https:\\\/\\\/carontestudio.com\\\/blog\\\/#website\"},\"primaryImageOfPage\":{\"@id\":\"https:\\\/\\\/carontestudio.com\\\/blog\\\/disenadores-ilustres-rob-janoff\\\/#primaryimage\"},\"image\":{\"@id\":\"https:\\\/\\\/carontestudio.com\\\/blog\\\/disenadores-ilustres-rob-janoff\\\/#primaryimage\"},\"thumbnailUrl\":\"https:\\\/\\\/carontestudio.com\\\/blog\\\/wp-content\\\/uploads\\\/2021\\\/09\\\/disenadores-ilustres-rob-janoff.jpg\",\"datePublished\":\"2021-09-14T11:00:00+00:00\",\"dateModified\":\"2025-05-19T12:43:07+00:00\",\"description\":\"\u00bfConoces a Rob Janoff? El creador del logotipo de Apple entra\u00f1a mucho m\u00e1s que su logotipo m\u00e1s famoso. Descubre al genio tras la manzana\",\"breadcrumb\":{\"@id\":\"https:\\\/\\\/carontestudio.com\\\/blog\\\/disenadores-ilustres-rob-janoff\\\/#breadcrumb\"},\"inLanguage\":\"es\",\"potentialAction\":[{\"@type\":\"ReadAction\",\"target\":[\"https:\\\/\\\/carontestudio.com\\\/blog\\\/disenadores-ilustres-rob-janoff\\\/\"]}]},{\"@type\":\"ImageObject\",\"inLanguage\":\"es\",\"@id\":\"https:\\\/\\\/carontestudio.com\\\/blog\\\/disenadores-ilustres-rob-janoff\\\/#primaryimage\",\"url\":\"https:\\\/\\\/carontestudio.com\\\/blog\\\/wp-content\\\/uploads\\\/2021\\\/09\\\/disenadores-ilustres-rob-janoff.jpg\",\"contentUrl\":\"https:\\\/\\\/carontestudio.com\\\/blog\\\/wp-content\\\/uploads\\\/2021\\\/09\\\/disenadores-ilustres-rob-janoff.jpg\",\"width\":1250,\"height\":737,\"caption\":\"Dise\u00f1adores ilustres: Rob Janoff\"},{\"@type\":\"BreadcrumbList\",\"@id\":\"https:\\\/\\\/carontestudio.com\\\/blog\\\/disenadores-ilustres-rob-janoff\\\/#breadcrumb\",\"itemListElement\":[{\"@type\":\"ListItem\",\"position\":1,\"name\":\"Portada\",\"item\":\"https:\\\/\\\/carontestudio.com\\\/blog\\\/\"},{\"@type\":\"ListItem\",\"position\":2,\"name\":\"Dise\u00f1adores ilustres: Rob Janoff\"}]},{\"@type\":\"WebSite\",\"@id\":\"https:\\\/\\\/carontestudio.com\\\/blog\\\/#website\",\"url\":\"https:\\\/\\\/carontestudio.com\\\/blog\\\/\",\"name\":\"Blog de marketing | Caronte\",\"description\":\"En nuestro blog encontrar\u00e1s art\u00edculos semanales sobre SEO, marketing online, programaci\u00f3n web y mucho m\u00e1s.\",\"publisher\":{\"@id\":\"https:\\\/\\\/carontestudio.com\\\/blog\\\/#organization\"},\"potentialAction\":[{\"@type\":\"SearchAction\",\"target\":{\"@type\":\"EntryPoint\",\"urlTemplate\":\"https:\\\/\\\/carontestudio.com\\\/blog\\\/?s={search_term_string}\"},\"query-input\":{\"@type\":\"PropertyValueSpecification\",\"valueRequired\":true,\"valueName\":\"search_term_string\"}}],\"inLanguage\":\"es\"},{\"@type\":\"Organization\",\"@id\":\"https:\\\/\\\/carontestudio.com\\\/blog\\\/#organization\",\"name\":\"Caronte - Agencia de marketing\",\"url\":\"https:\\\/\\\/carontestudio.com\\\/blog\\\/\",\"logo\":{\"@type\":\"ImageObject\",\"inLanguage\":\"es\",\"@id\":\"https:\\\/\\\/carontestudio.com\\\/blog\\\/#\\\/schema\\\/logo\\\/image\\\/\",\"url\":\"https:\\\/\\\/carontestudio.com\\\/blog\\\/wp-content\\\/uploads\\\/2025\\\/06\\\/caronte-agencia-de-marketing-logo.png\",\"contentUrl\":\"https:\\\/\\\/carontestudio.com\\\/blog\\\/wp-content\\\/uploads\\\/2025\\\/06\\\/caronte-agencia-de-marketing-logo.png\",\"width\":1090,\"height\":155,\"caption\":\"Caronte - Agencia de marketing\"},\"image\":{\"@id\":\"https:\\\/\\\/carontestudio.com\\\/blog\\\/#\\\/schema\\\/logo\\\/image\\\/\"},\"sameAs\":[\"https:\\\/\\\/www.facebook.com\\\/carontewebstudio\\\/\",\"https:\\\/\\\/www.instagram.com\\\/caronte_studio\\\/\",\"https:\\\/\\\/www.tiktok.com\\\/@carontewebstudio\",\"https:\\\/\\\/www.youtube.com\\\/@carontewebstudio\",\"https:\\\/\\\/es.linkedin.com\\\/company\\\/carontewebstudio\"]},{\"@type\":\"Person\",\"@id\":\"https:\\\/\\\/carontestudio.com\\\/blog\\\/#\\\/schema\\\/person\\\/2104191b75663e9e9ca47f821c5f92cf\",\"name\":\"David de Lamo\",\"image\":{\"@type\":\"ImageObject\",\"inLanguage\":\"es\",\"@id\":\"https:\\\/\\\/secure.gravatar.com\\\/avatar\\\/110df00c652880b6b00cc45fe489d819ac3f1e805e379a5adefc8fce4d1f548c?s=96&d=mm&r=g\",\"url\":\"https:\\\/\\\/secure.gravatar.com\\\/avatar\\\/110df00c652880b6b00cc45fe489d819ac3f1e805e379a5adefc8fce4d1f548c?s=96&d=mm&r=g\",\"contentUrl\":\"https:\\\/\\\/secure.gravatar.com\\\/avatar\\\/110df00c652880b6b00cc45fe489d819ac3f1e805e379a5adefc8fce4d1f548c?s=96&d=mm&r=g\",\"caption\":\"David de Lamo\"},\"description\":\"David de Lamo te descubre, en el blog de Caronte Web Studio, las tendencias de dise\u00f1o, tanto gr\u00e1fico como web. Nuestro responsable del \u00e1rea de dise\u00f1o en Caronte Web Studio te cuenta todo lo que debes saber sobre imagen de empresa, carteler\u00eda, dise\u00f1o gr\u00e1fico, dise\u00f1o web, papeler\u00eda, rotulaciones... Aprende con \u00e9l y sum\u00e9rgete en el apasionante mundo del dise\u00f1o.\",\"sameAs\":[\"http:\\\/\\\/www.carontestudio.com\"],\"url\":\"https:\\\/\\\/carontestudio.com\\\/blog\\\/author\\\/david\\\/\"}]}<\/script>\n<!-- \/ Yoast SEO plugin. -->","yoast_head_json":{"title":"Dise\u00f1adores ilustres: Rob Janoff - Blog - Caronte Web Studio - Vitoria","description":"\u00bfConoces a Rob Janoff? El creador del logotipo de Apple entra\u00f1a mucho m\u00e1s que su logotipo m\u00e1s famoso. Descubre al genio tras la manzana","robots":{"index":"index","follow":"follow","max-snippet":"max-snippet:-1","max-image-preview":"max-image-preview:large","max-video-preview":"max-video-preview:-1"},"canonical":"https:\/\/carontestudio.com\/blog\/disenadores-ilustres-rob-janoff\/","og_locale":"es_ES","og_type":"article","og_title":"Dise\u00f1adores ilustres: Rob Janoff - Blog - Caronte Web Studio - Vitoria","og_description":"\u00bfConoces a Rob Janoff? El creador del logotipo de Apple entra\u00f1a mucho m\u00e1s que su logotipo m\u00e1s famoso. Descubre al genio tras la manzana","og_url":"https:\/\/carontestudio.com\/blog\/disenadores-ilustres-rob-janoff\/","og_site_name":"Blog de maketing | Caronte","article_publisher":"https:\/\/www.facebook.com\/carontewebstudio\/","article_published_time":"2021-09-14T11:00:00+00:00","article_modified_time":"2025-05-19T12:43:07+00:00","og_image":[{"width":1250,"height":737,"url":"https:\/\/carontestudio.com\/blog\/wp-content\/uploads\/2021\/09\/disenadores-ilustres-rob-janoff.jpg","type":"image\/jpeg"}],"author":"David de Lamo","twitter_card":"summary_large_image","twitter_misc":{"Escrito por":"David de Lamo","Tiempo de lectura":"7 minutos"},"schema":{"@context":"https:\/\/schema.org","@graph":[{"@type":"Article","@id":"https:\/\/carontestudio.com\/blog\/disenadores-ilustres-rob-janoff\/#article","isPartOf":{"@id":"https:\/\/carontestudio.com\/blog\/disenadores-ilustres-rob-janoff\/"},"author":{"name":"David de Lamo","@id":"https:\/\/carontestudio.com\/blog\/#\/schema\/person\/2104191b75663e9e9ca47f821c5f92cf"},"headline":"Dise\u00f1adores ilustres: Rob Janoff","datePublished":"2021-09-14T11:00:00+00:00","dateModified":"2025-05-19T12:43:07+00:00","mainEntityOfPage":{"@id":"https:\/\/carontestudio.com\/blog\/disenadores-ilustres-rob-janoff\/"},"wordCount":883,"commentCount":0,"publisher":{"@id":"https:\/\/carontestudio.com\/blog\/#organization"},"image":{"@id":"https:\/\/carontestudio.com\/blog\/disenadores-ilustres-rob-janoff\/#primaryimage"},"thumbnailUrl":"https:\/\/carontestudio.com\/blog\/wp-content\/uploads\/2021\/09\/disenadores-ilustres-rob-janoff.jpg","keywords":["Dise\u00f1adores"],"articleSection":["Dise\u00f1o gr\u00e1fico"],"inLanguage":"es","potentialAction":[{"@type":"CommentAction","name":"Comment","target":["https:\/\/carontestudio.com\/blog\/disenadores-ilustres-rob-janoff\/#respond"]}]},{"@type":"WebPage","@id":"https:\/\/carontestudio.com\/blog\/disenadores-ilustres-rob-janoff\/","url":"https:\/\/carontestudio.com\/blog\/disenadores-ilustres-rob-janoff\/","name":"Dise\u00f1adores ilustres: Rob Janoff - Blog - Caronte Web Studio - Vitoria","isPartOf":{"@id":"https:\/\/carontestudio.com\/blog\/#website"},"primaryImageOfPage":{"@id":"https:\/\/carontestudio.com\/blog\/disenadores-ilustres-rob-janoff\/#primaryimage"},"image":{"@id":"https:\/\/carontestudio.com\/blog\/disenadores-ilustres-rob-janoff\/#primaryimage"},"thumbnailUrl":"https:\/\/carontestudio.com\/blog\/wp-content\/uploads\/2021\/09\/disenadores-ilustres-rob-janoff.jpg","datePublished":"2021-09-14T11:00:00+00:00","dateModified":"2025-05-19T12:43:07+00:00","description":"\u00bfConoces a Rob Janoff? El creador del logotipo de Apple entra\u00f1a mucho m\u00e1s que su logotipo m\u00e1s famoso. Descubre al genio tras la manzana","breadcrumb":{"@id":"https:\/\/carontestudio.com\/blog\/disenadores-ilustres-rob-janoff\/#breadcrumb"},"inLanguage":"es","potentialAction":[{"@type":"ReadAction","target":["https:\/\/carontestudio.com\/blog\/disenadores-ilustres-rob-janoff\/"]}]},{"@type":"ImageObject","inLanguage":"es","@id":"https:\/\/carontestudio.com\/blog\/disenadores-ilustres-rob-janoff\/#primaryimage","url":"https:\/\/carontestudio.com\/blog\/wp-content\/uploads\/2021\/09\/disenadores-ilustres-rob-janoff.jpg","contentUrl":"https:\/\/carontestudio.com\/blog\/wp-content\/uploads\/2021\/09\/disenadores-ilustres-rob-janoff.jpg","width":1250,"height":737,"caption":"Dise\u00f1adores ilustres: Rob Janoff"},{"@type":"BreadcrumbList","@id":"https:\/\/carontestudio.com\/blog\/disenadores-ilustres-rob-janoff\/#breadcrumb","itemListElement":[{"@type":"ListItem","position":1,"name":"Portada","item":"https:\/\/carontestudio.com\/blog\/"},{"@type":"ListItem","position":2,"name":"Dise\u00f1adores ilustres: Rob Janoff"}]},{"@type":"WebSite","@id":"https:\/\/carontestudio.com\/blog\/#website","url":"https:\/\/carontestudio.com\/blog\/","name":"Blog de marketing | Caronte","description":"En nuestro blog encontrar\u00e1s art\u00edculos semanales sobre SEO, marketing online, programaci\u00f3n web y mucho m\u00e1s.","publisher":{"@id":"https:\/\/carontestudio.com\/blog\/#organization"},"potentialAction":[{"@type":"SearchAction","target":{"@type":"EntryPoint","urlTemplate":"https:\/\/carontestudio.com\/blog\/?s={search_term_string}"},"query-input":{"@type":"PropertyValueSpecification","valueRequired":true,"valueName":"search_term_string"}}],"inLanguage":"es"},{"@type":"Organization","@id":"https:\/\/carontestudio.com\/blog\/#organization","name":"Caronte - Agencia de marketing","url":"https:\/\/carontestudio.com\/blog\/","logo":{"@type":"ImageObject","inLanguage":"es","@id":"https:\/\/carontestudio.com\/blog\/#\/schema\/logo\/image\/","url":"https:\/\/carontestudio.com\/blog\/wp-content\/uploads\/2025\/06\/caronte-agencia-de-marketing-logo.png","contentUrl":"https:\/\/carontestudio.com\/blog\/wp-content\/uploads\/2025\/06\/caronte-agencia-de-marketing-logo.png","width":1090,"height":155,"caption":"Caronte - Agencia de marketing"},"image":{"@id":"https:\/\/carontestudio.com\/blog\/#\/schema\/logo\/image\/"},"sameAs":["https:\/\/www.facebook.com\/carontewebstudio\/","https:\/\/www.instagram.com\/caronte_studio\/","https:\/\/www.tiktok.com\/@carontewebstudio","https:\/\/www.youtube.com\/@carontewebstudio","https:\/\/es.linkedin.com\/company\/carontewebstudio"]},{"@type":"Person","@id":"https:\/\/carontestudio.com\/blog\/#\/schema\/person\/2104191b75663e9e9ca47f821c5f92cf","name":"David de Lamo","image":{"@type":"ImageObject","inLanguage":"es","@id":"https:\/\/secure.gravatar.com\/avatar\/110df00c652880b6b00cc45fe489d819ac3f1e805e379a5adefc8fce4d1f548c?s=96&d=mm&r=g","url":"https:\/\/secure.gravatar.com\/avatar\/110df00c652880b6b00cc45fe489d819ac3f1e805e379a5adefc8fce4d1f548c?s=96&d=mm&r=g","contentUrl":"https:\/\/secure.gravatar.com\/avatar\/110df00c652880b6b00cc45fe489d819ac3f1e805e379a5adefc8fce4d1f548c?s=96&d=mm&r=g","caption":"David de Lamo"},"description":"David de Lamo te descubre, en el blog de Caronte Web Studio, las tendencias de dise\u00f1o, tanto gr\u00e1fico como web. Nuestro responsable del \u00e1rea de dise\u00f1o en Caronte Web Studio te cuenta todo lo que debes saber sobre imagen de empresa, carteler\u00eda, dise\u00f1o gr\u00e1fico, dise\u00f1o web, papeler\u00eda, rotulaciones... Aprende con \u00e9l y sum\u00e9rgete en el apasionante mundo del dise\u00f1o.","sameAs":["http:\/\/www.carontestudio.com"],"url":"https:\/\/carontestudio.com\/blog\/author\/david\/"}]}},"_links":{"self":[{"href":"https:\/\/carontestudio.com\/blog\/wp-json\/wp\/v2\/posts\/6263","targetHints":{"allow":["GET"]}}],"collection":[{"href":"https:\/\/carontestudio.com\/blog\/wp-json\/wp\/v2\/posts"}],"about":[{"href":"https:\/\/carontestudio.com\/blog\/wp-json\/wp\/v2\/types\/post"}],"author":[{"embeddable":true,"href":"https:\/\/carontestudio.com\/blog\/wp-json\/wp\/v2\/users\/3"}],"replies":[{"embeddable":true,"href":"https:\/\/carontestudio.com\/blog\/wp-json\/wp\/v2\/comments?post=6263"}],"version-history":[{"count":31,"href":"https:\/\/carontestudio.com\/blog\/wp-json\/wp\/v2\/posts\/6263\/revisions"}],"predecessor-version":[{"id":8323,"href":"https:\/\/carontestudio.com\/blog\/wp-json\/wp\/v2\/posts\/6263\/revisions\/8323"}],"wp:featuredmedia":[{"embeddable":true,"href":"https:\/\/carontestudio.com\/blog\/wp-json\/wp\/v2\/media\/6314"}],"wp:attachment":[{"href":"https:\/\/carontestudio.com\/blog\/wp-json\/wp\/v2\/media?parent=6263"}],"wp:term":[{"taxonomy":"category","embeddable":true,"href":"https:\/\/carontestudio.com\/blog\/wp-json\/wp\/v2\/categories?post=6263"},{"taxonomy":"post_tag","embeddable":true,"href":"https:\/\/carontestudio.com\/blog\/wp-json\/wp\/v2\/tags?post=6263"}],"curies":[{"name":"wp","href":"https:\/\/api.w.org\/{rel}","templated":true}]}}