{"id":2401,"date":"2020-09-29T13:00:00","date_gmt":"2020-09-29T11:00:00","guid":{"rendered":"https:\/\/carontestudio.com\/blog\/?p=2401"},"modified":"2020-12-07T11:19:28","modified_gmt":"2020-12-07T10:19:28","slug":"cambiar-la-cara-a-una-foto-con-photoshop","status":"publish","type":"post","link":"https:\/\/carontestudio.com\/blog\/cambiar-la-cara-a-una-foto-con-photoshop\/","title":{"rendered":"Tutorial Photoshop: Cambiar la cara a una foto"},"content":{"rendered":"\n<p>Nos ha pasado cientos de veces, sacamos una foto que es perfecta&#8230; o casi, la expresi\u00f3n no es la que buscamos. Vamos a ense\u00f1arte a<strong> cambiar la cara de una foto con la ayuda de Photoshop<\/strong>, y lo haremos con <strong>tres supuestos diferentes<\/strong>.<\/p>\n\n\n\n<h2 class=\"wp-block-heading\">Introducci\u00f3n<\/h2>\n\n\n\n<h3 class=\"wp-block-heading\">No hay nada como un buen punto de partida<\/h3>\n\n\n\n<p>Antes de usar <strong>Photoshop para cambiar caras<\/strong>, hay que tener en cuenta una cosa: Si la imagen est\u00e1 muy lejos de lo que queremos, es mejor desecharla y buscar otra. Es muy f\u00e1cil que se nos vaya la mano con los retoques fotogr\u00e1ficos y que acabemos generando un monstruo. Y lo que es peor, puede que ni nos demos cuenta de ello. Cuando estamos enfrascados en retocar una imagen<strong> es f\u00e1cil perder la perspectiva y el sentido cr\u00edtico<\/strong>, as\u00ed que, mejor, no retoquemos demasiado. <strong>Cambiar la cara a una foto es f\u00e1cil<\/strong>, que no se note&#8230; no tanto. Una buena pr\u00e1ctica es, una vez creas que el montaje est\u00e1 terminado, revisarlo al cabo de unos d\u00edas: una nueva mirada puede revelar errores que te hab\u00edan pasado inadvertidos.<\/p>\n\n\n\n<p>Vamos a ver diferentes casos y c\u00f3mo afrontar cada uno.<\/p>\n\n\n\n<div id=\"caso1\" class=\"wp-block-group\"><div class=\"wp-block-group__inner-container is-layout-flow wp-block-group-is-layout-flow\">\n<h2 class=\"wp-block-heading\">Caso 1: Cambiar la expresi\u00f3n de una cara con Photoshop<\/h2>\n\n\n\n<p>En este primer supuesto vamos a imaginar que<strong> la foto es casi lo que necesitamos<\/strong>, solo le falla la expresi\u00f3n o alg\u00fan peque\u00f1o elemento. Si la cara es casi lo que queremos, <strong>podremos modificar, directamente, el rostro<\/strong> original. Vamos a ver el ejemplo.<\/p>\n\n\n\n<div class=\"wp-block-image\"><figure class=\"aligncenter size-large is-resized\"><img loading=\"lazy\" decoding=\"async\" src=\"https:\/\/carontestudio.com\/blog\/wp-content\/uploads\/2020\/09\/foto-original-para-montaje.jpg\" alt=\"Foto original para montaje\" class=\"wp-image-2420\" width=\"359\" height=\"418\" srcset=\"https:\/\/carontestudio.com\/blog\/wp-content\/uploads\/2020\/09\/foto-original-para-montaje.jpg 598w, https:\/\/carontestudio.com\/blog\/wp-content\/uploads\/2020\/09\/foto-original-para-montaje-257x300.jpg 257w\" sizes=\"auto, (max-width: 359px) 100vw, 359px\" \/><figcaption><a href=\"https:\/\/pixabay.com\/es\/photos\/mujer-businesswoman-ad-business-5321350\/\" target=\"_blank\" rel=\"noreferrer noopener nofollow\">Imagen de outsideclick<\/a> (Pixabay)<\/figcaption><\/figure><\/div>\n\n\n\n<p>\u00a1Meh! La foto est\u00e1 bien, pero algo falla en la cara, no transmite lo que queremos&#8230; Vamos a ver c\u00f3mo corregir su expresi\u00f3n de tres maneras diferentes:<\/p>\n\n\n\n<h3 class=\"wp-block-heading\">Modo r\u00e1pido, tipo boceto<\/h3>\n\n\n\n<p>Con la <strong>herramienta dedo<\/strong> y un valor de intensidad del 50% podremos realizar un <strong>boceto r\u00e1pido de lo que queremos<\/strong>. Sin embargo puedes ver que el resultado es <strong>borroso y sin textura<\/strong>. Por ello no vamos a decir mucho m\u00e1s de este m\u00e9todo, muy c\u00f3modo, pero de resultados no aceptables. \u00dasalo solo para pruebas, no lo olvides. Vamos a ver c\u00f3mo hacer ese boceto con m\u00e1s calidad.<\/p>\n\n\n\n<h3 class=\"wp-block-heading\">Licuar, herramienta deformar<\/h3>\n\n\n\n<p>La ventana de <strong>licuar <\/strong>la podremos desplegar desde Filtro, en el <strong>men\u00fa superior de Photoshop<\/strong>. <\/p>\n\n\n\n<p>Se nos abrir\u00e1 una ventana donde dispondremos de varias herramientas. La primera de ellas, la <strong>herramienta deformar<\/strong>, funciona de manera semejante al dedo. Vuelve a hacer la misma operaci\u00f3n que hiciste pero usa ahora esta opci\u00f3n. Si te pasas deformando tiene una ventaja, hay otra herramienta, justo debajo de ella (Reconstruir) que revertir\u00e1 las deformaciones que hayas aplicado. Cuando est\u00e9s satisfecho con el resultado pulsa ok y los cambios se aplicar\u00e1n. Podr\u00e1s observar como <strong>ahora s\u00ed se han conservado las texturas y contornos<\/strong> (hasta un punto razonable).<\/p>\n\n\n\n<div class=\"wp-block-image\"><figure class=\"aligncenter size-large\"><img loading=\"lazy\" decoding=\"async\" width=\"561\" height=\"247\" src=\"https:\/\/carontestudio.com\/blog\/wp-content\/uploads\/2020\/09\/diferencia-dedo-licuar.jpg\" alt=\"\" class=\"wp-image-2411\" srcset=\"https:\/\/carontestudio.com\/blog\/wp-content\/uploads\/2020\/09\/diferencia-dedo-licuar.jpg 561w, https:\/\/carontestudio.com\/blog\/wp-content\/uploads\/2020\/09\/diferencia-dedo-licuar-300x132.jpg 300w\" sizes=\"auto, (max-width: 561px) 100vw, 561px\" \/><figcaption>Diferencia entre el resultado de la herramienta dedo (izquierda) y la opci\u00f3n de licuar (derecha)<\/figcaption><\/figure><\/div>\n\n\n\n<div class=\"wp-block-image\"><figure class=\"aligncenter size-large\"><img loading=\"lazy\" decoding=\"async\" width=\"1024\" height=\"596\" src=\"https:\/\/carontestudio.com\/blog\/wp-content\/uploads\/2020\/09\/cambiar-rostro-licuar-photoshop-1024x596.jpg\" alt=\"Cambiar un gesto con la herramienta licuar de Photoshop\" class=\"wp-image-2407\" srcset=\"https:\/\/carontestudio.com\/blog\/wp-content\/uploads\/2020\/09\/cambiar-rostro-licuar-photoshop-1024x596.jpg 1024w, https:\/\/carontestudio.com\/blog\/wp-content\/uploads\/2020\/09\/cambiar-rostro-licuar-photoshop-300x175.jpg 300w, https:\/\/carontestudio.com\/blog\/wp-content\/uploads\/2020\/09\/cambiar-rostro-licuar-photoshop-768x447.jpg 768w, https:\/\/carontestudio.com\/blog\/wp-content\/uploads\/2020\/09\/cambiar-rostro-licuar-photoshop.jpg 1200w\" sizes=\"auto, (max-width: 1024px) 100vw, 1024px\" \/><figcaption>A la izquierda la original, a la derecha la modificada con la herramienta Deformar de Licuar<\/figcaption><\/figure><\/div>\n\n\n\n<div class=\"wp-block-columns is-layout-flex wp-container-core-columns-is-layout-9d6595d7 wp-block-columns-is-layout-flex\">\n<div class=\"wp-block-column is-layout-flow wp-block-column-is-layout-flow\">\n<h3 class=\"wp-block-heading\">Nueva herramienta en Licuar<\/h3>\n\n\n\n<p>Si dispones de una de las <strong>\u00faltimas versiones de Photoshop<\/strong> tendr\u00e1s una opci\u00f3n m\u00e1s. Dentro de esta misma ventana de licuar podr\u00e1s encontrar una <strong>herramienta Cara<\/strong>. Esta herramienta detectar\u00e1 autom\u00e1ticamente los elementos de la cara, para que los modifiques de una manera autom\u00e1tica. Pasa sobre las diferentes partes para que vayan apareciendo los manejadores. Las opciones son limitadas, pero es una herramienta de <strong>uso f\u00e1cil y buenos resultados<\/strong>.<\/p>\n<\/div>\n\n\n\n<div class=\"wp-block-column is-layout-flow wp-block-column-is-layout-flow\">\n<figure class=\"wp-block-image size-large is-resized\"><img loading=\"lazy\" decoding=\"async\" src=\"https:\/\/carontestudio.com\/blog\/wp-content\/uploads\/2020\/09\/nueva-herramienta-licuar-photoshop.jpg\" alt=\"Manejadores de la herramienta Cara en Licuar\" class=\"wp-image-2404\" width=\"408\" height=\"295\" srcset=\"https:\/\/carontestudio.com\/blog\/wp-content\/uploads\/2020\/09\/nueva-herramienta-licuar-photoshop.jpg 800w, https:\/\/carontestudio.com\/blog\/wp-content\/uploads\/2020\/09\/nueva-herramienta-licuar-photoshop-300x217.jpg 300w, https:\/\/carontestudio.com\/blog\/wp-content\/uploads\/2020\/09\/nueva-herramienta-licuar-photoshop-768x556.jpg 768w\" sizes=\"auto, (max-width: 408px) 100vw, 408px\" \/><figcaption>Manejadores de la herramienta Cara en Licuar<\/figcaption><\/figure>\n<\/div>\n<\/div>\n\n\n\n<div class=\"wp-block-image\"><figure class=\"aligncenter size-large\"><img loading=\"lazy\" decoding=\"async\" width=\"1024\" height=\"596\" src=\"https:\/\/carontestudio.com\/blog\/wp-content\/uploads\/2020\/09\/cambiar-expresion-licuar-cara-1024x596.jpg\" alt=\"Cambiar expresi\u00f3n con la herramienta Cara de Photoshop\" class=\"wp-image-2406\" srcset=\"https:\/\/carontestudio.com\/blog\/wp-content\/uploads\/2020\/09\/cambiar-expresion-licuar-cara-1024x596.jpg 1024w, https:\/\/carontestudio.com\/blog\/wp-content\/uploads\/2020\/09\/cambiar-expresion-licuar-cara-300x175.jpg 300w, https:\/\/carontestudio.com\/blog\/wp-content\/uploads\/2020\/09\/cambiar-expresion-licuar-cara-768x447.jpg 768w, https:\/\/carontestudio.com\/blog\/wp-content\/uploads\/2020\/09\/cambiar-expresion-licuar-cara.jpg 1200w\" sizes=\"auto, (max-width: 1024px) 100vw, 1024px\" \/><figcaption>A la izquierda la original, a la derecha la modificada con la herramienta cara. Se ha estrechado la forma de la cara, agrandado los ojos, tambi\u00e9n se han inclinado un poco, se le ha afilado la nariz, estrechado los labios y se le ha cambiado, por supuesto, el gesto de la boca.<\/figcaption><\/figure><\/div>\n<\/div><\/div>\n\n\n\n<div id=\"caso2\" class=\"wp-block-group\"><div class=\"wp-block-group__inner-container is-layout-flow wp-block-group-is-layout-flow\">\n<h2 class=\"wp-block-heading\">Caso 2: Combinar la cara con otra foto<\/h2>\n\n\n\n<p>Si hemos realizado un reportaje fotogr\u00e1fico puede ser que nos guste una composici\u00f3n, pero la cara del modelo&#8230; ay, qued\u00f3 mejor en otra. No hay problema: hacemos un trasplante de cara al m\u00e1s puro estilo de Nicolas Cage y Travolta en Cara a cara.<\/p>\n\n\n\n<p>Esta vez usaremos <strong>Photoshop para poner caras en otros cuerpos<\/strong>. Aqu\u00ed lo fundamental es la selecci\u00f3n, la cara que vayamos a trasplantar tiene que estar en una <strong>posici\u00f3n similar<\/strong> a la que tenemos. Vamos, que si la foto es frontal una de perfil no nos servir\u00e1, y si tiene la cabeza gacha no podremos colocar una mirando al cielo (estar\u00edamos hablando del <a href=\"#caso3\">Caso 3<\/a>). <\/p>\n\n\n\n<h3 class=\"wp-block-heading\">Elecci\u00f3n de fotograf\u00edas<\/h3>\n\n\n\n<p>Para el ejemplo que buscamos seleccionaremos<strong> dos fotos con una orientaci\u00f3n facial semejante<\/strong>, <strong>para cambiar una cara por otra<\/strong>.<\/p>\n\n\n\n<p>Que no te preocupe el color o el tono, eso es f\u00e1cil de modificar. Adem\u00e1s, si las has sacado todas en la misma sesi\u00f3n es f\u00e1cil que la iluminaci\u00f3n sea semejante, as\u00ed que habr\u00e1 menos problemas a\u00fan.<\/p>\n\n\n\n<p>Para  nuestro ejemplo cogeremos estas dos fotos:<\/p>\n\n\n\n<figure class=\"wp-block-image size-large is-resized\"><img loading=\"lazy\" decoding=\"async\" src=\"https:\/\/carontestudio.com\/blog\/wp-content\/uploads\/2020\/09\/punto-de-partida-phostoshop.jpg\" alt=\"Punto de partida para cambiar cara en Photoshop\" class=\"wp-image-2413\" width=\"508\" height=\"325\" srcset=\"https:\/\/carontestudio.com\/blog\/wp-content\/uploads\/2020\/09\/punto-de-partida-phostoshop.jpg 800w, https:\/\/carontestudio.com\/blog\/wp-content\/uploads\/2020\/09\/punto-de-partida-phostoshop-300x192.jpg 300w, https:\/\/carontestudio.com\/blog\/wp-content\/uploads\/2020\/09\/punto-de-partida-phostoshop-768x492.jpg 768w\" sizes=\"auto, (max-width: 508px) 100vw, 508px\" \/><figcaption>Imagenes de StartupStockPhotos (<a href=\"https:\/\/pixabay.com\/es\/photos\/empresario-inicio-593358\/\" target=\"_blank\" rel=\"noreferrer noopener nofollow\">1<\/a>, <a href=\"https:\/\/pixabay.com\/es\/photos\/empresario-inicio-593372\/\" target=\"_blank\" rel=\"noreferrer noopener nofollow\">2<\/a>) (Pixabay)<\/figcaption><\/figure>\n\n\n\n<h3 class=\"wp-block-heading\">Cortar y pegar una cara<\/h3>\n\n\n\n<p>Vamos a ir a la segunda foto y a cortar la cara y pegarla en la otra foto. Nada m\u00e1s colocarla nos daremos cuenta de que la iluminaci\u00f3n viene desde el otro lado, as\u00ed que voltearemos la capa con Edici\u00f3n\/Transformar\/Voltear horizontal.<\/p>\n\n\n\n<p>Encaja la cara sobre la del fondo, puedes dejar la <strong>capa con baja opacidad<\/strong> para verla por debajo. Una vez que coincida <strong>borra todo lo que quede fuera<\/strong> del \u00e1rea que nos interesa. Tendr\u00e1s algo como esto:<\/p>\n\n\n\n<div class=\"wp-block-image\"><figure class=\"aligncenter size-large is-resized\"><img loading=\"lazy\" decoding=\"async\" src=\"https:\/\/carontestudio.com\/blog\/wp-content\/uploads\/2020\/09\/cara-pegada-photoshop.jpg\" alt=\"Cara pegada en Photoshop\" class=\"wp-image-2414\" width=\"517\" height=\"342\" srcset=\"https:\/\/carontestudio.com\/blog\/wp-content\/uploads\/2020\/09\/cara-pegada-photoshop.jpg 800w, https:\/\/carontestudio.com\/blog\/wp-content\/uploads\/2020\/09\/cara-pegada-photoshop-300x199.jpg 300w, https:\/\/carontestudio.com\/blog\/wp-content\/uploads\/2020\/09\/cara-pegada-photoshop-768x509.jpg 768w\" sizes=\"auto, (max-width: 517px) 100vw, 517px\" \/><figcaption>La foto est\u00e1 bien escogida, pero la iluminaci\u00f3n y los tonos no encajan bien<\/figcaption><\/figure><\/div>\n\n\n\n<p>La forma encaja bien, pero los colores&#8230; bueno, ya hemos dicho que eso es m\u00e1s f\u00e1cil de solucionar, ahora viene cuando tenemos que <strong>igualar colores<\/strong>. Tienes que mirar c\u00f3mo <strong>modificar los tonos para que se integre con el fondo<\/strong>: aqu\u00ed viene la parte creativa.<\/p>\n\n\n\n<h3 class=\"wp-block-heading\">Cambiar los tonos e iluminaci\u00f3n de una cara<\/h3>\n\n\n\n<p>En nuestro caso hay un claro problema con una iluminaci\u00f3n azul por la izquierda, y unos tonos de piel muy rojizos. Adem\u00e1s la zona de la derecha deber\u00eda estar m\u00e1s oscura.<\/p>\n\n\n\n<p>Para la luz azul podemos escoger la <strong>herramienta de tono\/saturaci\u00f3n<\/strong> y decirle que los tonos azules los convierta en naranjas, bajando su saturaci\u00f3n.<\/p>\n\n\n\n<div class=\"wp-block-image\"><figure class=\"aligncenter size-large\"><img loading=\"lazy\" decoding=\"async\" width=\"1024\" height=\"358\" src=\"https:\/\/carontestudio.com\/blog\/wp-content\/uploads\/2020\/09\/correccion-luces-photoshop-1024x358.jpg\" alt=\"Correcci\u00f3n de luces en Photoshop\" class=\"wp-image-2415\" srcset=\"https:\/\/carontestudio.com\/blog\/wp-content\/uploads\/2020\/09\/correccion-luces-photoshop-1024x358.jpg 1024w, https:\/\/carontestudio.com\/blog\/wp-content\/uploads\/2020\/09\/correccion-luces-photoshop-300x105.jpg 300w, https:\/\/carontestudio.com\/blog\/wp-content\/uploads\/2020\/09\/correccion-luces-photoshop-768x268.jpg 768w, https:\/\/carontestudio.com\/blog\/wp-content\/uploads\/2020\/09\/correccion-luces-photoshop.jpg 1437w\" sizes=\"auto, (max-width: 1024px) 100vw, 1024px\" \/><\/figure><\/div>\n\n\n\n<p>Lo mismo haremos con el tono de piel, esta vez escogiendo los rojos y bajando su saturaci\u00f3n y subiendo su luminosidad. Para la zona de la derecha vamos a hacer algo diferente. Con la <strong>herramienta subexponer<\/strong> le daremos unas suaves pasadas para oscurecer esa zona. Despu\u00e9s de eso ya estar\u00e1 m\u00e1s integrado. Acabaremos de ajustarlo con las <strong>curvas <\/strong>(que las sombras y luces tengan la misma fuerza que el fondo) y, por qu\u00e9 no, alg\u00fan que otro <strong>toque suave de pincel<\/strong> para finalizar.<\/p>\n\n\n\n<p>El resultado: un transplante r\u00e1pido y eficaz.<\/p>\n\n\n\n<div class=\"wp-block-image\"><figure class=\"aligncenter size-large\"><img loading=\"lazy\" decoding=\"async\" width=\"1024\" height=\"678\" src=\"https:\/\/carontestudio.com\/blog\/wp-content\/uploads\/2020\/09\/montaje-final-cambiar-cara-photoshop-1024x678.jpg\" alt=\"Montaje final al cambiar cara en Photoshop\" class=\"wp-image-2416\" srcset=\"https:\/\/carontestudio.com\/blog\/wp-content\/uploads\/2020\/09\/montaje-final-cambiar-cara-photoshop-1024x678.jpg 1024w, https:\/\/carontestudio.com\/blog\/wp-content\/uploads\/2020\/09\/montaje-final-cambiar-cara-photoshop-300x199.jpg 300w, https:\/\/carontestudio.com\/blog\/wp-content\/uploads\/2020\/09\/montaje-final-cambiar-cara-photoshop-768x509.jpg 768w, https:\/\/carontestudio.com\/blog\/wp-content\/uploads\/2020\/09\/montaje-final-cambiar-cara-photoshop.jpg 1200w\" sizes=\"auto, (max-width: 1024px) 100vw, 1024px\" \/><figcaption>Este es solo un ejemplo r\u00e1pido de c\u00f3mo cambiar una cara en Photoshop.<\/figcaption><\/figure><\/div>\n<\/div><\/div>\n\n\n\n<div id=\"caso3\" class=\"wp-block-group\"><div class=\"wp-block-group__inner-container is-layout-flow wp-block-group-is-layout-flow\">\n<h2 class=\"wp-block-heading\">Caso 3: Cambiar una cabeza en Photoshop y ponerla en otra foto<\/h2>\n\n\n\n<p>Esto es ya algo m\u00e1s serio. En este caso no nos sirve, ni siquiera, la posici\u00f3n de la cabeza. Es un <strong>caso complejo<\/strong> que ya exige un control mayor de Photoshop. Primero te recomendamos estar familiarizado con las <strong>herramientas de selecci\u00f3n<\/strong>. Puedes consultar nuestro <a href=\"https:\/\/carontestudio.com\/blog\/herramientas-para-hacer-selecciones-en-photoshop\/\">Tutorial sobre c\u00f3mo hacer selecciones en Photoshop<\/a>. Aqu\u00ed el trabajo principal ser\u00e1 lograr una <strong>selecci\u00f3n natural e integrada<\/strong> en la imagen original. Complementaremos esto con los retoques para adecuar la iluminaci\u00f3n y los tonos.<\/p>\n\n\n\n<p>No entraremos mucho m\u00e1s en materia, ya que sobrepasa los objetivos de este art\u00edculo, pero os presentamos un montaje realizado en unos pocos minutos para que ve\u00e1is el resultado.<\/p>\n\n\n\n<div class=\"wp-block-image\"><figure class=\"aligncenter size-large\"><img loading=\"lazy\" decoding=\"async\" width=\"1024\" height=\"192\" src=\"https:\/\/carontestudio.com\/blog\/wp-content\/uploads\/2020\/09\/ejemplo-cambiar-cabeza-photoshop-1024x192.jpg\" alt=\"Cambiar cabeza en Photoshop\" class=\"wp-image-2408\" srcset=\"https:\/\/carontestudio.com\/blog\/wp-content\/uploads\/2020\/09\/ejemplo-cambiar-cabeza-photoshop-1024x192.jpg 1024w, https:\/\/carontestudio.com\/blog\/wp-content\/uploads\/2020\/09\/ejemplo-cambiar-cabeza-photoshop-300x56.jpg 300w, https:\/\/carontestudio.com\/blog\/wp-content\/uploads\/2020\/09\/ejemplo-cambiar-cabeza-photoshop-768x144.jpg 768w, https:\/\/carontestudio.com\/blog\/wp-content\/uploads\/2020\/09\/ejemplo-cambiar-cabeza-photoshop.jpg 1223w\" sizes=\"auto, (max-width: 1024px) 100vw, 1024px\" \/><figcaption>Ejemplo r\u00e1pido de combinaci\u00f3n de dos fotos. Aqu\u00ed se ha cambiado toda la cabeza. En los extremos las fotos originales, en el medio la combinada.<\/figcaption><\/figure><\/div>\n\n\n\n<p>Evidentemente, dedic\u00e1ndole un poco de tiempo y cari\u00f1o, podremos conseguir un montaje indistinguible de una foto real.<\/p>\n\n\n\n<p>\u00a1Os animo a intentarlo y compartir vuestros resultados con nosotros!<\/p>\n<\/div><\/div>\n\n\n\n<h2 class=\"wp-block-heading\">Conclusi\u00f3n<\/h2>\n\n\n\n<p>Como ves hay muchas posibilidades, aqu\u00ed solo hemos visto unos pocos trucos, sencillos y f\u00e1ciles de realizar. Si quieres profundizar en el tema y aprender m\u00e1s sobre montajes fotogr\u00e1ficos, no te pierdas nuestros <a href=\"https:\/\/carontestudio.com\/formacion\/cursos-diseno-grafico-vitoria#form-diseno-graf-1\">Cursos personalizados de Photoshop<\/a>.<\/p>\n","protected":false},"excerpt":{"rendered":"<p>Nos ha pasado cientos de veces, sacamos una foto que es perfecta&#8230; o casi, la expresi\u00f3n no es la que buscamos. En este art\u00edculo te ense\u00f1amos a cambiar la cara de una foto con la ayuda de Photoshop, y lo hacemos con tres supuestos diferentes.<\/p>\n","protected":false},"author":2,"featured_media":2494,"comment_status":"open","ping_status":"closed","sticky":false,"template":"","format":"standard","meta":{"_acf_changed":false,"footnotes":""},"categories":[53],"tags":[56],"class_list":["post-2401","post","type-post","status-publish","format-standard","has-post-thumbnail","hentry","category-diseno-grafico","tag-photoshop"],"acf":[],"yoast_head":"<!-- This site is optimized with the Yoast SEO plugin v27.3 - https:\/\/yoast.com\/product\/yoast-seo-wordpress\/ -->\n<title>Tutorial Photoshop: Cambiar la cara a una foto - Caronte Web Studio<\/title>\n<meta name=\"description\" content=\"Sacamos una foto que es perfecta... o casi, la expresi\u00f3n no es la que buscamos. Te explicamos c\u00f3mo cambiar la cara a una foto con Phtoshop.\" \/>\n<meta name=\"robots\" content=\"index, follow, max-snippet:-1, max-image-preview:large, max-video-preview:-1\" \/>\n<link rel=\"canonical\" href=\"https:\/\/carontestudio.com\/blog\/cambiar-la-cara-a-una-foto-con-photoshop\/\" \/>\n<meta property=\"og:locale\" content=\"es_ES\" \/>\n<meta property=\"og:type\" content=\"article\" \/>\n<meta property=\"og:title\" content=\"Tutorial Photoshop: Cambiar la cara a una foto - Caronte Web Studio\" \/>\n<meta property=\"og:description\" content=\"Sacamos una foto que es perfecta... o casi, la expresi\u00f3n no es la que buscamos. Te explicamos c\u00f3mo cambiar la cara a una foto con Phtoshop.\" \/>\n<meta property=\"og:url\" content=\"https:\/\/carontestudio.com\/blog\/cambiar-la-cara-a-una-foto-con-photoshop\/\" \/>\n<meta property=\"og:site_name\" content=\"Blog de maketing | Caronte\" \/>\n<meta property=\"article:publisher\" content=\"https:\/\/www.facebook.com\/carontewebstudio\/\" \/>\n<meta property=\"article:published_time\" content=\"2020-09-29T11:00:00+00:00\" \/>\n<meta property=\"article:modified_time\" content=\"2020-12-07T10:19:28+00:00\" \/>\n<meta property=\"og:image\" content=\"https:\/\/carontestudio.com\/blog\/wp-content\/uploads\/2020\/09\/cambiar-cara-en-photoshop.jpg\" \/>\n\t<meta property=\"og:image:width\" content=\"1250\" \/>\n\t<meta property=\"og:image:height\" content=\"737\" \/>\n\t<meta property=\"og:image:type\" content=\"image\/jpeg\" \/>\n<meta name=\"author\" content=\"Alberto Bravo\" \/>\n<meta name=\"twitter:card\" content=\"summary_large_image\" \/>\n<meta name=\"twitter:label1\" content=\"Escrito por\" \/>\n\t<meta name=\"twitter:data1\" content=\"Alberto Bravo\" \/>\n\t<meta name=\"twitter:label2\" content=\"Tiempo de lectura\" \/>\n\t<meta name=\"twitter:data2\" content=\"7 minutos\" \/>\n<script type=\"application\/ld+json\" class=\"yoast-schema-graph\">{\"@context\":\"https:\\\/\\\/schema.org\",\"@graph\":[{\"@type\":\"Article\",\"@id\":\"https:\\\/\\\/carontestudio.com\\\/blog\\\/cambiar-la-cara-a-una-foto-con-photoshop\\\/#article\",\"isPartOf\":{\"@id\":\"https:\\\/\\\/carontestudio.com\\\/blog\\\/cambiar-la-cara-a-una-foto-con-photoshop\\\/\"},\"author\":{\"name\":\"Alberto Bravo\",\"@id\":\"https:\\\/\\\/carontestudio.com\\\/blog\\\/#\\\/schema\\\/person\\\/a0133e9cd91f1e8b75d120ac01ff0350\"},\"headline\":\"Tutorial Photoshop: Cambiar la cara a una foto\",\"datePublished\":\"2020-09-29T11:00:00+00:00\",\"dateModified\":\"2020-12-07T10:19:28+00:00\",\"mainEntityOfPage\":{\"@id\":\"https:\\\/\\\/carontestudio.com\\\/blog\\\/cambiar-la-cara-a-una-foto-con-photoshop\\\/\"},\"wordCount\":1412,\"commentCount\":0,\"publisher\":{\"@id\":\"https:\\\/\\\/carontestudio.com\\\/blog\\\/#organization\"},\"image\":{\"@id\":\"https:\\\/\\\/carontestudio.com\\\/blog\\\/cambiar-la-cara-a-una-foto-con-photoshop\\\/#primaryimage\"},\"thumbnailUrl\":\"https:\\\/\\\/carontestudio.com\\\/blog\\\/wp-content\\\/uploads\\\/2020\\\/09\\\/cambiar-cara-en-photoshop.jpg\",\"keywords\":[\"Photoshop\"],\"articleSection\":[\"Dise\u00f1o gr\u00e1fico\"],\"inLanguage\":\"es\",\"potentialAction\":[{\"@type\":\"CommentAction\",\"name\":\"Comment\",\"target\":[\"https:\\\/\\\/carontestudio.com\\\/blog\\\/cambiar-la-cara-a-una-foto-con-photoshop\\\/#respond\"]}]},{\"@type\":\"WebPage\",\"@id\":\"https:\\\/\\\/carontestudio.com\\\/blog\\\/cambiar-la-cara-a-una-foto-con-photoshop\\\/\",\"url\":\"https:\\\/\\\/carontestudio.com\\\/blog\\\/cambiar-la-cara-a-una-foto-con-photoshop\\\/\",\"name\":\"Tutorial Photoshop: Cambiar la cara a una foto - Caronte Web Studio\",\"isPartOf\":{\"@id\":\"https:\\\/\\\/carontestudio.com\\\/blog\\\/#website\"},\"primaryImageOfPage\":{\"@id\":\"https:\\\/\\\/carontestudio.com\\\/blog\\\/cambiar-la-cara-a-una-foto-con-photoshop\\\/#primaryimage\"},\"image\":{\"@id\":\"https:\\\/\\\/carontestudio.com\\\/blog\\\/cambiar-la-cara-a-una-foto-con-photoshop\\\/#primaryimage\"},\"thumbnailUrl\":\"https:\\\/\\\/carontestudio.com\\\/blog\\\/wp-content\\\/uploads\\\/2020\\\/09\\\/cambiar-cara-en-photoshop.jpg\",\"datePublished\":\"2020-09-29T11:00:00+00:00\",\"dateModified\":\"2020-12-07T10:19:28+00:00\",\"description\":\"Sacamos una foto que es perfecta... o casi, la expresi\u00f3n no es la que buscamos. Te explicamos c\u00f3mo cambiar la cara a una foto con Phtoshop.\",\"breadcrumb\":{\"@id\":\"https:\\\/\\\/carontestudio.com\\\/blog\\\/cambiar-la-cara-a-una-foto-con-photoshop\\\/#breadcrumb\"},\"inLanguage\":\"es\",\"potentialAction\":[{\"@type\":\"ReadAction\",\"target\":[\"https:\\\/\\\/carontestudio.com\\\/blog\\\/cambiar-la-cara-a-una-foto-con-photoshop\\\/\"]}]},{\"@type\":\"ImageObject\",\"inLanguage\":\"es\",\"@id\":\"https:\\\/\\\/carontestudio.com\\\/blog\\\/cambiar-la-cara-a-una-foto-con-photoshop\\\/#primaryimage\",\"url\":\"https:\\\/\\\/carontestudio.com\\\/blog\\\/wp-content\\\/uploads\\\/2020\\\/09\\\/cambiar-cara-en-photoshop.jpg\",\"contentUrl\":\"https:\\\/\\\/carontestudio.com\\\/blog\\\/wp-content\\\/uploads\\\/2020\\\/09\\\/cambiar-cara-en-photoshop.jpg\",\"width\":1250,\"height\":737,\"caption\":\"Cambiar cara en Photoshop\"},{\"@type\":\"BreadcrumbList\",\"@id\":\"https:\\\/\\\/carontestudio.com\\\/blog\\\/cambiar-la-cara-a-una-foto-con-photoshop\\\/#breadcrumb\",\"itemListElement\":[{\"@type\":\"ListItem\",\"position\":1,\"name\":\"Portada\",\"item\":\"https:\\\/\\\/carontestudio.com\\\/blog\\\/\"},{\"@type\":\"ListItem\",\"position\":2,\"name\":\"Tutorial Photoshop: Cambiar la cara a una foto\"}]},{\"@type\":\"WebSite\",\"@id\":\"https:\\\/\\\/carontestudio.com\\\/blog\\\/#website\",\"url\":\"https:\\\/\\\/carontestudio.com\\\/blog\\\/\",\"name\":\"Blog de marketing | Caronte\",\"description\":\"En nuestro blog encontrar\u00e1s art\u00edculos semanales sobre SEO, marketing online, programaci\u00f3n web y mucho m\u00e1s.\",\"publisher\":{\"@id\":\"https:\\\/\\\/carontestudio.com\\\/blog\\\/#organization\"},\"potentialAction\":[{\"@type\":\"SearchAction\",\"target\":{\"@type\":\"EntryPoint\",\"urlTemplate\":\"https:\\\/\\\/carontestudio.com\\\/blog\\\/?s={search_term_string}\"},\"query-input\":{\"@type\":\"PropertyValueSpecification\",\"valueRequired\":true,\"valueName\":\"search_term_string\"}}],\"inLanguage\":\"es\"},{\"@type\":\"Organization\",\"@id\":\"https:\\\/\\\/carontestudio.com\\\/blog\\\/#organization\",\"name\":\"Caronte - Agencia de marketing\",\"url\":\"https:\\\/\\\/carontestudio.com\\\/blog\\\/\",\"logo\":{\"@type\":\"ImageObject\",\"inLanguage\":\"es\",\"@id\":\"https:\\\/\\\/carontestudio.com\\\/blog\\\/#\\\/schema\\\/logo\\\/image\\\/\",\"url\":\"https:\\\/\\\/carontestudio.com\\\/blog\\\/wp-content\\\/uploads\\\/2025\\\/06\\\/caronte-agencia-de-marketing-logo.png\",\"contentUrl\":\"https:\\\/\\\/carontestudio.com\\\/blog\\\/wp-content\\\/uploads\\\/2025\\\/06\\\/caronte-agencia-de-marketing-logo.png\",\"width\":1090,\"height\":155,\"caption\":\"Caronte - Agencia de marketing\"},\"image\":{\"@id\":\"https:\\\/\\\/carontestudio.com\\\/blog\\\/#\\\/schema\\\/logo\\\/image\\\/\"},\"sameAs\":[\"https:\\\/\\\/www.facebook.com\\\/carontewebstudio\\\/\",\"https:\\\/\\\/www.instagram.com\\\/caronte_studio\\\/\",\"https:\\\/\\\/www.tiktok.com\\\/@carontewebstudio\",\"https:\\\/\\\/www.youtube.com\\\/@carontewebstudio\",\"https:\\\/\\\/es.linkedin.com\\\/company\\\/carontewebstudio\"]},{\"@type\":\"Person\",\"@id\":\"https:\\\/\\\/carontestudio.com\\\/blog\\\/#\\\/schema\\\/person\\\/a0133e9cd91f1e8b75d120ac01ff0350\",\"name\":\"Alberto Bravo\",\"image\":{\"@type\":\"ImageObject\",\"inLanguage\":\"es\",\"@id\":\"https:\\\/\\\/secure.gravatar.com\\\/avatar\\\/459c471b2404a0ce253ecf5bfdb8d313ed5973d63d20347d265e48a5429e6a7d?s=96&d=mm&r=g\",\"url\":\"https:\\\/\\\/secure.gravatar.com\\\/avatar\\\/459c471b2404a0ce253ecf5bfdb8d313ed5973d63d20347d265e48a5429e6a7d?s=96&d=mm&r=g\",\"contentUrl\":\"https:\\\/\\\/secure.gravatar.com\\\/avatar\\\/459c471b2404a0ce253ecf5bfdb8d313ed5973d63d20347d265e48a5429e6a7d?s=96&d=mm&r=g\",\"caption\":\"Alberto Bravo\"},\"sameAs\":[\"http:\\\/\\\/albertobravoart.com\",\"https:\\\/\\\/www.instagram.com\\\/albertobravoart\\\/\",\"https:\\\/\\\/es.linkedin.com\\\/in\\\/albertobravobarreiro\",\"https:\\\/\\\/www.youtube.com\\\/@albertobravoart224\"],\"url\":\"https:\\\/\\\/carontestudio.com\\\/blog\\\/author\\\/alberto\\\/\"}]}<\/script>\n<!-- \/ Yoast SEO plugin. -->","yoast_head_json":{"title":"Tutorial Photoshop: Cambiar la cara a una foto - Caronte Web Studio","description":"Sacamos una foto que es perfecta... o casi, la expresi\u00f3n no es la que buscamos. Te explicamos c\u00f3mo cambiar la cara a una foto con Phtoshop.","robots":{"index":"index","follow":"follow","max-snippet":"max-snippet:-1","max-image-preview":"max-image-preview:large","max-video-preview":"max-video-preview:-1"},"canonical":"https:\/\/carontestudio.com\/blog\/cambiar-la-cara-a-una-foto-con-photoshop\/","og_locale":"es_ES","og_type":"article","og_title":"Tutorial Photoshop: Cambiar la cara a una foto - Caronte Web Studio","og_description":"Sacamos una foto que es perfecta... o casi, la expresi\u00f3n no es la que buscamos. Te explicamos c\u00f3mo cambiar la cara a una foto con Phtoshop.","og_url":"https:\/\/carontestudio.com\/blog\/cambiar-la-cara-a-una-foto-con-photoshop\/","og_site_name":"Blog de maketing | Caronte","article_publisher":"https:\/\/www.facebook.com\/carontewebstudio\/","article_published_time":"2020-09-29T11:00:00+00:00","article_modified_time":"2020-12-07T10:19:28+00:00","og_image":[{"width":1250,"height":737,"url":"https:\/\/carontestudio.com\/blog\/wp-content\/uploads\/2020\/09\/cambiar-cara-en-photoshop.jpg","type":"image\/jpeg"}],"author":"Alberto Bravo","twitter_card":"summary_large_image","twitter_misc":{"Escrito por":"Alberto Bravo","Tiempo de lectura":"7 minutos"},"schema":{"@context":"https:\/\/schema.org","@graph":[{"@type":"Article","@id":"https:\/\/carontestudio.com\/blog\/cambiar-la-cara-a-una-foto-con-photoshop\/#article","isPartOf":{"@id":"https:\/\/carontestudio.com\/blog\/cambiar-la-cara-a-una-foto-con-photoshop\/"},"author":{"name":"Alberto Bravo","@id":"https:\/\/carontestudio.com\/blog\/#\/schema\/person\/a0133e9cd91f1e8b75d120ac01ff0350"},"headline":"Tutorial Photoshop: Cambiar la cara a una foto","datePublished":"2020-09-29T11:00:00+00:00","dateModified":"2020-12-07T10:19:28+00:00","mainEntityOfPage":{"@id":"https:\/\/carontestudio.com\/blog\/cambiar-la-cara-a-una-foto-con-photoshop\/"},"wordCount":1412,"commentCount":0,"publisher":{"@id":"https:\/\/carontestudio.com\/blog\/#organization"},"image":{"@id":"https:\/\/carontestudio.com\/blog\/cambiar-la-cara-a-una-foto-con-photoshop\/#primaryimage"},"thumbnailUrl":"https:\/\/carontestudio.com\/blog\/wp-content\/uploads\/2020\/09\/cambiar-cara-en-photoshop.jpg","keywords":["Photoshop"],"articleSection":["Dise\u00f1o gr\u00e1fico"],"inLanguage":"es","potentialAction":[{"@type":"CommentAction","name":"Comment","target":["https:\/\/carontestudio.com\/blog\/cambiar-la-cara-a-una-foto-con-photoshop\/#respond"]}]},{"@type":"WebPage","@id":"https:\/\/carontestudio.com\/blog\/cambiar-la-cara-a-una-foto-con-photoshop\/","url":"https:\/\/carontestudio.com\/blog\/cambiar-la-cara-a-una-foto-con-photoshop\/","name":"Tutorial Photoshop: Cambiar la cara a una foto - Caronte Web Studio","isPartOf":{"@id":"https:\/\/carontestudio.com\/blog\/#website"},"primaryImageOfPage":{"@id":"https:\/\/carontestudio.com\/blog\/cambiar-la-cara-a-una-foto-con-photoshop\/#primaryimage"},"image":{"@id":"https:\/\/carontestudio.com\/blog\/cambiar-la-cara-a-una-foto-con-photoshop\/#primaryimage"},"thumbnailUrl":"https:\/\/carontestudio.com\/blog\/wp-content\/uploads\/2020\/09\/cambiar-cara-en-photoshop.jpg","datePublished":"2020-09-29T11:00:00+00:00","dateModified":"2020-12-07T10:19:28+00:00","description":"Sacamos una foto que es perfecta... o casi, la expresi\u00f3n no es la que buscamos. Te explicamos c\u00f3mo cambiar la cara a una foto con Phtoshop.","breadcrumb":{"@id":"https:\/\/carontestudio.com\/blog\/cambiar-la-cara-a-una-foto-con-photoshop\/#breadcrumb"},"inLanguage":"es","potentialAction":[{"@type":"ReadAction","target":["https:\/\/carontestudio.com\/blog\/cambiar-la-cara-a-una-foto-con-photoshop\/"]}]},{"@type":"ImageObject","inLanguage":"es","@id":"https:\/\/carontestudio.com\/blog\/cambiar-la-cara-a-una-foto-con-photoshop\/#primaryimage","url":"https:\/\/carontestudio.com\/blog\/wp-content\/uploads\/2020\/09\/cambiar-cara-en-photoshop.jpg","contentUrl":"https:\/\/carontestudio.com\/blog\/wp-content\/uploads\/2020\/09\/cambiar-cara-en-photoshop.jpg","width":1250,"height":737,"caption":"Cambiar cara en Photoshop"},{"@type":"BreadcrumbList","@id":"https:\/\/carontestudio.com\/blog\/cambiar-la-cara-a-una-foto-con-photoshop\/#breadcrumb","itemListElement":[{"@type":"ListItem","position":1,"name":"Portada","item":"https:\/\/carontestudio.com\/blog\/"},{"@type":"ListItem","position":2,"name":"Tutorial Photoshop: Cambiar la cara a una foto"}]},{"@type":"WebSite","@id":"https:\/\/carontestudio.com\/blog\/#website","url":"https:\/\/carontestudio.com\/blog\/","name":"Blog de marketing | Caronte","description":"En nuestro blog encontrar\u00e1s art\u00edculos semanales sobre SEO, marketing online, programaci\u00f3n web y mucho m\u00e1s.","publisher":{"@id":"https:\/\/carontestudio.com\/blog\/#organization"},"potentialAction":[{"@type":"SearchAction","target":{"@type":"EntryPoint","urlTemplate":"https:\/\/carontestudio.com\/blog\/?s={search_term_string}"},"query-input":{"@type":"PropertyValueSpecification","valueRequired":true,"valueName":"search_term_string"}}],"inLanguage":"es"},{"@type":"Organization","@id":"https:\/\/carontestudio.com\/blog\/#organization","name":"Caronte - Agencia de marketing","url":"https:\/\/carontestudio.com\/blog\/","logo":{"@type":"ImageObject","inLanguage":"es","@id":"https:\/\/carontestudio.com\/blog\/#\/schema\/logo\/image\/","url":"https:\/\/carontestudio.com\/blog\/wp-content\/uploads\/2025\/06\/caronte-agencia-de-marketing-logo.png","contentUrl":"https:\/\/carontestudio.com\/blog\/wp-content\/uploads\/2025\/06\/caronte-agencia-de-marketing-logo.png","width":1090,"height":155,"caption":"Caronte - Agencia de marketing"},"image":{"@id":"https:\/\/carontestudio.com\/blog\/#\/schema\/logo\/image\/"},"sameAs":["https:\/\/www.facebook.com\/carontewebstudio\/","https:\/\/www.instagram.com\/caronte_studio\/","https:\/\/www.tiktok.com\/@carontewebstudio","https:\/\/www.youtube.com\/@carontewebstudio","https:\/\/es.linkedin.com\/company\/carontewebstudio"]},{"@type":"Person","@id":"https:\/\/carontestudio.com\/blog\/#\/schema\/person\/a0133e9cd91f1e8b75d120ac01ff0350","name":"Alberto Bravo","image":{"@type":"ImageObject","inLanguage":"es","@id":"https:\/\/secure.gravatar.com\/avatar\/459c471b2404a0ce253ecf5bfdb8d313ed5973d63d20347d265e48a5429e6a7d?s=96&d=mm&r=g","url":"https:\/\/secure.gravatar.com\/avatar\/459c471b2404a0ce253ecf5bfdb8d313ed5973d63d20347d265e48a5429e6a7d?s=96&d=mm&r=g","contentUrl":"https:\/\/secure.gravatar.com\/avatar\/459c471b2404a0ce253ecf5bfdb8d313ed5973d63d20347d265e48a5429e6a7d?s=96&d=mm&r=g","caption":"Alberto Bravo"},"sameAs":["http:\/\/albertobravoart.com","https:\/\/www.instagram.com\/albertobravoart\/","https:\/\/es.linkedin.com\/in\/albertobravobarreiro","https:\/\/www.youtube.com\/@albertobravoart224"],"url":"https:\/\/carontestudio.com\/blog\/author\/alberto\/"}]}},"_links":{"self":[{"href":"https:\/\/carontestudio.com\/blog\/wp-json\/wp\/v2\/posts\/2401","targetHints":{"allow":["GET"]}}],"collection":[{"href":"https:\/\/carontestudio.com\/blog\/wp-json\/wp\/v2\/posts"}],"about":[{"href":"https:\/\/carontestudio.com\/blog\/wp-json\/wp\/v2\/types\/post"}],"author":[{"embeddable":true,"href":"https:\/\/carontestudio.com\/blog\/wp-json\/wp\/v2\/users\/2"}],"replies":[{"embeddable":true,"href":"https:\/\/carontestudio.com\/blog\/wp-json\/wp\/v2\/comments?post=2401"}],"version-history":[{"count":12,"href":"https:\/\/carontestudio.com\/blog\/wp-json\/wp\/v2\/posts\/2401\/revisions"}],"predecessor-version":[{"id":2495,"href":"https:\/\/carontestudio.com\/blog\/wp-json\/wp\/v2\/posts\/2401\/revisions\/2495"}],"wp:featuredmedia":[{"embeddable":true,"href":"https:\/\/carontestudio.com\/blog\/wp-json\/wp\/v2\/media\/2494"}],"wp:attachment":[{"href":"https:\/\/carontestudio.com\/blog\/wp-json\/wp\/v2\/media?parent=2401"}],"wp:term":[{"taxonomy":"category","embeddable":true,"href":"https:\/\/carontestudio.com\/blog\/wp-json\/wp\/v2\/categories?post=2401"},{"taxonomy":"post_tag","embeddable":true,"href":"https:\/\/carontestudio.com\/blog\/wp-json\/wp\/v2\/tags?post=2401"}],"curies":[{"name":"wp","href":"https:\/\/api.w.org\/{rel}","templated":true}]}}