{"id":23226,"date":"2025-12-04T13:30:12","date_gmt":"2025-12-04T12:30:12","guid":{"rendered":"https:\/\/carontestudio.com\/blog\/?p=23226"},"modified":"2025-12-12T10:42:32","modified_gmt":"2025-12-12T09:42:32","slug":"historia-del-diseno-grafico-bauhaus","status":"publish","type":"post","link":"https:\/\/carontestudio.com\/blog\/historia-del-diseno-grafico-bauhaus\/","title":{"rendered":"Historia del dise\u00f1o gr\u00e1fico: Bauhaus"},"content":{"rendered":"\n<p>En este art\u00edculo <strong>seguiremos con la historia del dise\u00f1o gr\u00e1fico<\/strong> y si este es el primero que lees, no te olvides de consultar los art\u00edculos anteriores para enterarte de todo. Sobre todo el dise\u00f1o gr\u00e1fico en el <a href=\"https:\/\/carontestudio.com\/blog\/historia-del-diseno-grafico-art-deco\/\">dise\u00f1o gr\u00e1fico en el Art Deco<\/a>, ya que es el anterior a este: la <strong>Bauhaus<\/strong>.<\/p>\n\n\n\n<h2 class=\"wp-block-heading\">Qu\u00e9 es la Bauhaus<\/h2>\n\n\n\n<p>La Bauhaus, casa de la construcci\u00f3n en alem\u00e1n, fue una escuela tremendamente rupturista en sus conceptos y ense\u00f1anzas. Nace en Alemania, m\u00e1s concretamente en Weimar, en 1925 se mueven a Dessau y en el 33 cierra sus puertas en Berl\u00edn. Esto se debe a que <strong>a nivel ideol\u00f3gico era muy moderna y de izquierdas<\/strong>, por lo tanto, seg\u00fan el nazismo iba subiendo, se ten\u00edan que trasladar a otros lugares, ya que se ve\u00eda problem\u00e1tica o mal vista. Es m\u00e1s, muchos de ellos se ven obligados a marcharse de Alemania por el nazismo y siguen ense\u00f1ando en Estados Unidos.<\/p>\n\n\n\n<p>Surge por la <strong>fusi\u00f3n de la Academia de Bellas Artes y la escuela de artes aplicadas<\/strong>. Por lo tanto, se organizaban dentro de la escuela a trav\u00e9s de una nomenclatura de taller, pr\u00e1ctico, a los profesores se les llamaba maestros y a los alumnos oficiales. Sus estudios constaban de un curso preliminar y el aprendizaje de determinados oficios de talleres, algo fundamental en su plan de estudios. <\/p>\n\n\n\n<p>Arranco con dinero p\u00fablico, es decir, fue apoyada por organismos estables, pero tuvieron que subsistir con una autofinanciaci\u00f3n. El hecho de que recibiesen ayudas p\u00fablicas <strong>les pon\u00eda en el punto de mira<\/strong>. Estaban bajo una mirada con cierto recelo, porque era una escuela mixta y bastante liberal por lo general. La manera que ten\u00edan para rendir cuentas era hacer exposiciones de los trabajos que se hac\u00edan.<\/p>\n\n\n\n<p>En la Bauhaus se sab\u00eda perfectamente lo que se estaba haciendo en otros movimientos. Esto hizo que los tomasen como referente, sobre todo el De Stijl. Era una <strong>escuela racionalista, rechazaban la ornamentaci\u00f3n y priorizaban la funcionalidad<\/strong>.<\/p>\n\n\n\n<h2 class=\"wp-block-heading\">Bauhaus y dise\u00f1o gr\u00e1fico<\/h2>\n\n\n\n<p>Anteriormente, ya hemos visto que se hablaba de pintores que ilustraban, no dise\u00f1aban carteles, pero en el Art Deco se empieza a hablar de dise\u00f1ador gr\u00e1fico, y <strong>en la Bauhaus comienza la profesionalizaci\u00f3n del sector del dise\u00f1ador gr\u00e1fico<\/strong>. Otorgar\u00e1n una gran importancia a la tipograf\u00eda y lo utilizar\u00e1n como un instrumento de comunicaci\u00f3n. Van a hacer hincapi\u00e9 en que el dise\u00f1o sea legible, es decir, utilizar\u00e1n tipograf\u00edas de f\u00e1cil lectura, sin ning\u00fan tipo de adorno.<\/p>\n\n\n\n<p>Lo que aplicaban a la arquitectura lo aplicaban a todos los \u00e1mbitos. Una de las t\u00e9cnicas que m\u00e1s se utilizaron fue la <strong>tipofoto, combinaci\u00f3n de tipograf\u00eda con fotograf\u00eda<\/strong>. L\u00e1szl\u00f3 Moholy-Nagy, uno de los integrantes de esta escuela, empieza a poner en manifiesto la importancia que va a tener la fotograf\u00eda en la publicidad.<\/p>\n\n\n\n<h2 class=\"wp-block-heading\">Caracter\u00edsticas de la Bauhaus<\/h2>\n\n\n\n<p>Como ya hemos comentado anteriormente, la Bauhaus tuvo una gran influencia del De Stijl, por lo tanto, varias de las caracter\u00edsticas de este movimiento las veremos en esta escuela.<\/p>\n\n\n\n<ul class=\"wp-block-list\">\n<li>Uso de todas las direcciones (texto en vertical, otra parte en horizontal, otra en diagonal)<\/li>\n\n\n\n<li>Uso de determinadas formas geom\u00e9tricas (el rect\u00e1ngulo para dividir ciertas formas del soporte)<\/li>\n\n\n\n<li>Colores can\u00f3nicos (los primarios, RGB).<\/li>\n\n\n\n<li>Dise\u00f1os racionalistas<\/li>\n\n\n\n<li>Tipofoto<\/li>\n<\/ul>\n\n\n\n<h2 class=\"wp-block-heading\">Obras m\u00e1s importantes<\/h2>\n\n\n\n<div class=\"wp-block-columns is-layout-flex wp-container-core-columns-is-layout-9d6595d7 wp-block-columns-is-layout-flex\">\n<div class=\"wp-block-column is-vertically-aligned-top is-layout-flow wp-block-column-is-layout-flow\"><div class=\"wp-block-image\">\n<figure class=\"aligncenter size-full\"><img loading=\"lazy\" decoding=\"async\" width=\"500\" height=\"698\" src=\"https:\/\/carontestudio.com\/blog\/wp-content\/uploads\/2025\/05\/caronte-orient-express-bauhaus.jpg\" alt=\"Cartel Orient Express de Buahaus\" class=\"wp-image-23262\" srcset=\"https:\/\/carontestudio.com\/blog\/wp-content\/uploads\/2025\/05\/caronte-orient-express-bauhaus.jpg 500w, https:\/\/carontestudio.com\/blog\/wp-content\/uploads\/2025\/05\/caronte-orient-express-bauhaus-215x300.jpg 215w\" sizes=\"auto, (max-width: 500px) 100vw, 500px\" \/><\/figure>\n<\/div><\/div>\n\n\n\n<div class=\"wp-block-column is-vertically-aligned-top is-layout-flow wp-block-column-is-layout-flow\"><div class=\"wp-block-image\">\n<figure class=\"aligncenter size-full\"><img loading=\"lazy\" decoding=\"async\" width=\"500\" height=\"696\" src=\"https:\/\/carontestudio.com\/blog\/wp-content\/uploads\/2025\/05\/caronte-pneumatik-bauhaus.jpg\" alt=\"Cartel Pneumatik de Buahaus\" class=\"wp-image-23266\" srcset=\"https:\/\/carontestudio.com\/blog\/wp-content\/uploads\/2025\/05\/caronte-pneumatik-bauhaus.jpg 500w, https:\/\/carontestudio.com\/blog\/wp-content\/uploads\/2025\/05\/caronte-pneumatik-bauhaus-216x300.jpg 216w\" sizes=\"auto, (max-width: 500px) 100vw, 500px\" \/><\/figure>\n<\/div><\/div>\n\n\n\n<div class=\"wp-block-column is-layout-flow wp-block-column-is-layout-flow\"><div class=\"wp-block-image\">\n<figure class=\"aligncenter size-full\"><img loading=\"lazy\" decoding=\"async\" width=\"500\" height=\"718\" src=\"https:\/\/carontestudio.com\/blog\/wp-content\/uploads\/2025\/05\/caronte-cartel-bauhaus.jpg\" alt=\"Cartel exposici\u00f3n de Buahaus\" class=\"wp-image-23267\" srcset=\"https:\/\/carontestudio.com\/blog\/wp-content\/uploads\/2025\/05\/caronte-cartel-bauhaus.jpg 500w, https:\/\/carontestudio.com\/blog\/wp-content\/uploads\/2025\/05\/caronte-cartel-bauhaus-209x300.jpg 209w\" sizes=\"auto, (max-width: 500px) 100vw, 500px\" \/><\/figure>\n<\/div><\/div>\n<\/div>\n\n\n\n<div class=\"wp-block-columns is-layout-flex wp-container-core-columns-is-layout-9d6595d7 wp-block-columns-is-layout-flex\">\n<div class=\"wp-block-column is-vertically-aligned-top is-layout-flow wp-block-column-is-layout-flow\"><div class=\"wp-block-image\">\n<figure class=\"aligncenter size-full\"><img loading=\"lazy\" decoding=\"async\" width=\"500\" height=\"709\" src=\"https:\/\/carontestudio.com\/blog\/wp-content\/uploads\/2025\/05\/caronte-die-hose-bauhaus.jpg\" alt=\"Cartel Die Hose de Buahaus\" class=\"wp-image-23264\" srcset=\"https:\/\/carontestudio.com\/blog\/wp-content\/uploads\/2025\/05\/caronte-die-hose-bauhaus.jpg 500w, https:\/\/carontestudio.com\/blog\/wp-content\/uploads\/2025\/05\/caronte-die-hose-bauhaus-212x300.jpg 212w\" sizes=\"auto, (max-width: 500px) 100vw, 500px\" \/><\/figure>\n<\/div><\/div>\n\n\n\n<div class=\"wp-block-column is-vertically-aligned-top is-layout-flow wp-block-column-is-layout-flow\"><div class=\"wp-block-image\">\n<figure class=\"aligncenter size-full\"><img loading=\"lazy\" decoding=\"async\" width=\"342\" height=\"500\" src=\"https:\/\/carontestudio.com\/blog\/wp-content\/uploads\/2025\/05\/caronte-portada-bauhaus.jpg\" alt=\"Portada revista de Buahaus\" class=\"wp-image-23265\" srcset=\"https:\/\/carontestudio.com\/blog\/wp-content\/uploads\/2025\/05\/caronte-portada-bauhaus.jpg 342w, https:\/\/carontestudio.com\/blog\/wp-content\/uploads\/2025\/05\/caronte-portada-bauhaus-205x300.jpg 205w\" sizes=\"auto, (max-width: 342px) 100vw, 342px\" \/><\/figure>\n<\/div><\/div>\n\n\n\n<div class=\"wp-block-column is-layout-flow wp-block-column-is-layout-flow\"><div class=\"wp-block-image\">\n<figure class=\"aligncenter size-full\"><img loading=\"lazy\" decoding=\"async\" width=\"500\" height=\"705\" src=\"https:\/\/carontestudio.com\/blog\/wp-content\/uploads\/2025\/05\/caronte-die-kameliendame-bauhaus.jpg\" alt=\"Cartel Die Kameliendame de Buahaus\" class=\"wp-image-23263\" srcset=\"https:\/\/carontestudio.com\/blog\/wp-content\/uploads\/2025\/05\/caronte-die-kameliendame-bauhaus.jpg 500w, https:\/\/carontestudio.com\/blog\/wp-content\/uploads\/2025\/05\/caronte-die-kameliendame-bauhaus-213x300.jpg 213w\" sizes=\"auto, (max-width: 500px) 100vw, 500px\" \/><\/figure>\n<\/div><\/div>\n<\/div>\n\n\n\n<h2 class=\"wp-block-heading\">Conclusi\u00f3n<\/h2>\n\n\n\n<p>En resumidas cuentas, en la Bauhaus cre\u00edan en la fusi\u00f3n de todas artes. <strong>Quer\u00edan eliminar las barreras entre la creaci\u00f3n pura y la creaci\u00f3n aplicada<\/strong>. Era una escuela que ha dejado marca en todos los \u00e1mbitos art\u00edsticos y el dise\u00f1o gr\u00e1fico no se queda atr\u00e1s. Una etapa que hizo que el dise\u00f1o evolucionase hasta el de hoy en d\u00eda.<\/p>\n\n\n\n<p>Espero que este art\u00edculo te haya servido para <strong>aprender m\u00e1s sobre el <a href=\"https:\/\/carontestudio.com\/diseno-creatividad\/\">dise\u00f1o creativo<\/a><\/strong> \u00a1Hasta la pr\u00f3xima!<\/p>\n","protected":false},"excerpt":{"rendered":"<p>En este art\u00edculo aprender\u00e1s sobre c\u00f3mo influy\u00f3 la escuela Bauhaus en la historia del dise\u00f1o gr\u00e1fico y sus caracter\u00edsticas.<\/p>\n","protected":false},"author":23,"featured_media":23268,"comment_status":"open","ping_status":"closed","sticky":false,"template":"","format":"standard","meta":{"_acf_changed":false,"footnotes":""},"categories":[53],"tags":[],"class_list":["post-23226","post","type-post","status-publish","format-standard","has-post-thumbnail","hentry","category-diseno-grafico"],"acf":[],"yoast_head":"<!-- This site is optimized with the Yoast SEO plugin v27.3 - https:\/\/yoast.com\/product\/yoast-seo-wordpress\/ -->\n<title>Historia del dise\u00f1o gr\u00e1fico: Bauhaus - Blog de maketing | Caronte<\/title>\n<meta name=\"description\" content=\"Descubre como influy\u00f3 la escuela Bauhaus en la historia del dise\u00f1o gr\u00e1fico y cu\u00e1les son sus caracter\u00edsticas.\" \/>\n<meta name=\"robots\" content=\"index, follow, max-snippet:-1, max-image-preview:large, max-video-preview:-1\" \/>\n<link rel=\"canonical\" href=\"https:\/\/carontestudio.com\/blog\/historia-del-diseno-grafico-bauhaus\/\" \/>\n<meta property=\"og:locale\" content=\"es_ES\" \/>\n<meta property=\"og:type\" content=\"article\" \/>\n<meta property=\"og:title\" content=\"Historia del dise\u00f1o gr\u00e1fico: Bauhaus - Blog de maketing | Caronte\" \/>\n<meta property=\"og:description\" content=\"Descubre como influy\u00f3 la escuela Bauhaus en la historia del dise\u00f1o gr\u00e1fico y cu\u00e1les son sus caracter\u00edsticas.\" \/>\n<meta property=\"og:url\" content=\"https:\/\/carontestudio.com\/blog\/historia-del-diseno-grafico-bauhaus\/\" \/>\n<meta property=\"og:site_name\" content=\"Blog de maketing | Caronte\" \/>\n<meta property=\"article:publisher\" content=\"https:\/\/www.facebook.com\/carontewebstudio\/\" \/>\n<meta property=\"article:published_time\" content=\"2025-12-04T12:30:12+00:00\" \/>\n<meta property=\"article:modified_time\" content=\"2025-12-12T09:42:32+00:00\" \/>\n<meta property=\"og:image\" content=\"https:\/\/carontestudio.com\/blog\/wp-content\/uploads\/2025\/05\/caronte-bauhaus-diseno.jpg\" \/>\n\t<meta property=\"og:image:width\" content=\"1250\" \/>\n\t<meta property=\"og:image:height\" content=\"737\" \/>\n\t<meta property=\"og:image:type\" content=\"image\/jpeg\" \/>\n<meta name=\"author\" content=\"Janire Fandi\u00f1o\" \/>\n<meta name=\"twitter:card\" content=\"summary_large_image\" \/>\n<meta name=\"twitter:label1\" content=\"Escrito por\" \/>\n\t<meta name=\"twitter:data1\" content=\"Janire Fandi\u00f1o\" \/>\n\t<meta name=\"twitter:label2\" content=\"Tiempo de lectura\" \/>\n\t<meta name=\"twitter:data2\" content=\"5 minutos\" \/>\n<script type=\"application\/ld+json\" class=\"yoast-schema-graph\">{\"@context\":\"https:\\\/\\\/schema.org\",\"@graph\":[{\"@type\":\"Article\",\"@id\":\"https:\\\/\\\/carontestudio.com\\\/blog\\\/historia-del-diseno-grafico-bauhaus\\\/#article\",\"isPartOf\":{\"@id\":\"https:\\\/\\\/carontestudio.com\\\/blog\\\/historia-del-diseno-grafico-bauhaus\\\/\"},\"author\":{\"name\":\"Janire Fandi\u00f1o\",\"@id\":\"https:\\\/\\\/carontestudio.com\\\/blog\\\/#\\\/schema\\\/person\\\/6cc4268194c3eba8cb7b4d1624554af1\"},\"headline\":\"Historia del dise\u00f1o gr\u00e1fico: Bauhaus\",\"datePublished\":\"2025-12-04T12:30:12+00:00\",\"dateModified\":\"2025-12-12T09:42:32+00:00\",\"mainEntityOfPage\":{\"@id\":\"https:\\\/\\\/carontestudio.com\\\/blog\\\/historia-del-diseno-grafico-bauhaus\\\/\"},\"wordCount\":688,\"commentCount\":0,\"publisher\":{\"@id\":\"https:\\\/\\\/carontestudio.com\\\/blog\\\/#organization\"},\"image\":{\"@id\":\"https:\\\/\\\/carontestudio.com\\\/blog\\\/historia-del-diseno-grafico-bauhaus\\\/#primaryimage\"},\"thumbnailUrl\":\"https:\\\/\\\/carontestudio.com\\\/blog\\\/wp-content\\\/uploads\\\/2025\\\/05\\\/caronte-bauhaus-diseno.jpg\",\"articleSection\":[\"Dise\u00f1o gr\u00e1fico\"],\"inLanguage\":\"es\",\"potentialAction\":[{\"@type\":\"CommentAction\",\"name\":\"Comment\",\"target\":[\"https:\\\/\\\/carontestudio.com\\\/blog\\\/historia-del-diseno-grafico-bauhaus\\\/#respond\"]}]},{\"@type\":\"WebPage\",\"@id\":\"https:\\\/\\\/carontestudio.com\\\/blog\\\/historia-del-diseno-grafico-bauhaus\\\/\",\"url\":\"https:\\\/\\\/carontestudio.com\\\/blog\\\/historia-del-diseno-grafico-bauhaus\\\/\",\"name\":\"Historia del dise\u00f1o gr\u00e1fico: Bauhaus - Blog de maketing | Caronte\",\"isPartOf\":{\"@id\":\"https:\\\/\\\/carontestudio.com\\\/blog\\\/#website\"},\"primaryImageOfPage\":{\"@id\":\"https:\\\/\\\/carontestudio.com\\\/blog\\\/historia-del-diseno-grafico-bauhaus\\\/#primaryimage\"},\"image\":{\"@id\":\"https:\\\/\\\/carontestudio.com\\\/blog\\\/historia-del-diseno-grafico-bauhaus\\\/#primaryimage\"},\"thumbnailUrl\":\"https:\\\/\\\/carontestudio.com\\\/blog\\\/wp-content\\\/uploads\\\/2025\\\/05\\\/caronte-bauhaus-diseno.jpg\",\"datePublished\":\"2025-12-04T12:30:12+00:00\",\"dateModified\":\"2025-12-12T09:42:32+00:00\",\"description\":\"Descubre como influy\u00f3 la escuela Bauhaus en la historia del dise\u00f1o gr\u00e1fico y cu\u00e1les son sus caracter\u00edsticas.\",\"breadcrumb\":{\"@id\":\"https:\\\/\\\/carontestudio.com\\\/blog\\\/historia-del-diseno-grafico-bauhaus\\\/#breadcrumb\"},\"inLanguage\":\"es\",\"potentialAction\":[{\"@type\":\"ReadAction\",\"target\":[\"https:\\\/\\\/carontestudio.com\\\/blog\\\/historia-del-diseno-grafico-bauhaus\\\/\"]}]},{\"@type\":\"ImageObject\",\"inLanguage\":\"es\",\"@id\":\"https:\\\/\\\/carontestudio.com\\\/blog\\\/historia-del-diseno-grafico-bauhaus\\\/#primaryimage\",\"url\":\"https:\\\/\\\/carontestudio.com\\\/blog\\\/wp-content\\\/uploads\\\/2025\\\/05\\\/caronte-bauhaus-diseno.jpg\",\"contentUrl\":\"https:\\\/\\\/carontestudio.com\\\/blog\\\/wp-content\\\/uploads\\\/2025\\\/05\\\/caronte-bauhaus-diseno.jpg\",\"width\":1250,\"height\":737},{\"@type\":\"BreadcrumbList\",\"@id\":\"https:\\\/\\\/carontestudio.com\\\/blog\\\/historia-del-diseno-grafico-bauhaus\\\/#breadcrumb\",\"itemListElement\":[{\"@type\":\"ListItem\",\"position\":1,\"name\":\"Portada\",\"item\":\"https:\\\/\\\/carontestudio.com\\\/blog\\\/\"},{\"@type\":\"ListItem\",\"position\":2,\"name\":\"Historia del dise\u00f1o gr\u00e1fico: Bauhaus\"}]},{\"@type\":\"WebSite\",\"@id\":\"https:\\\/\\\/carontestudio.com\\\/blog\\\/#website\",\"url\":\"https:\\\/\\\/carontestudio.com\\\/blog\\\/\",\"name\":\"Blog de marketing | Caronte\",\"description\":\"En nuestro blog encontrar\u00e1s art\u00edculos semanales sobre SEO, marketing online, programaci\u00f3n web y mucho m\u00e1s.\",\"publisher\":{\"@id\":\"https:\\\/\\\/carontestudio.com\\\/blog\\\/#organization\"},\"potentialAction\":[{\"@type\":\"SearchAction\",\"target\":{\"@type\":\"EntryPoint\",\"urlTemplate\":\"https:\\\/\\\/carontestudio.com\\\/blog\\\/?s={search_term_string}\"},\"query-input\":{\"@type\":\"PropertyValueSpecification\",\"valueRequired\":true,\"valueName\":\"search_term_string\"}}],\"inLanguage\":\"es\"},{\"@type\":\"Organization\",\"@id\":\"https:\\\/\\\/carontestudio.com\\\/blog\\\/#organization\",\"name\":\"Caronte - Agencia de marketing\",\"url\":\"https:\\\/\\\/carontestudio.com\\\/blog\\\/\",\"logo\":{\"@type\":\"ImageObject\",\"inLanguage\":\"es\",\"@id\":\"https:\\\/\\\/carontestudio.com\\\/blog\\\/#\\\/schema\\\/logo\\\/image\\\/\",\"url\":\"https:\\\/\\\/carontestudio.com\\\/blog\\\/wp-content\\\/uploads\\\/2025\\\/06\\\/caronte-agencia-de-marketing-logo.png\",\"contentUrl\":\"https:\\\/\\\/carontestudio.com\\\/blog\\\/wp-content\\\/uploads\\\/2025\\\/06\\\/caronte-agencia-de-marketing-logo.png\",\"width\":1090,\"height\":155,\"caption\":\"Caronte - Agencia de marketing\"},\"image\":{\"@id\":\"https:\\\/\\\/carontestudio.com\\\/blog\\\/#\\\/schema\\\/logo\\\/image\\\/\"},\"sameAs\":[\"https:\\\/\\\/www.facebook.com\\\/carontewebstudio\\\/\",\"https:\\\/\\\/www.instagram.com\\\/caronte_studio\\\/\",\"https:\\\/\\\/www.tiktok.com\\\/@carontewebstudio\",\"https:\\\/\\\/www.youtube.com\\\/@carontewebstudio\",\"https:\\\/\\\/es.linkedin.com\\\/company\\\/carontewebstudio\"]},{\"@type\":\"Person\",\"@id\":\"https:\\\/\\\/carontestudio.com\\\/blog\\\/#\\\/schema\\\/person\\\/6cc4268194c3eba8cb7b4d1624554af1\",\"name\":\"Janire Fandi\u00f1o\",\"image\":{\"@type\":\"ImageObject\",\"inLanguage\":\"es\",\"@id\":\"https:\\\/\\\/secure.gravatar.com\\\/avatar\\\/0b9c282f7ca74dada53bb470dbeaee68be5adb69aa6b23790d00882631518b36?s=96&d=mm&r=g\",\"url\":\"https:\\\/\\\/secure.gravatar.com\\\/avatar\\\/0b9c282f7ca74dada53bb470dbeaee68be5adb69aa6b23790d00882631518b36?s=96&d=mm&r=g\",\"contentUrl\":\"https:\\\/\\\/secure.gravatar.com\\\/avatar\\\/0b9c282f7ca74dada53bb470dbeaee68be5adb69aa6b23790d00882631518b36?s=96&d=mm&r=g\",\"caption\":\"Janire Fandi\u00f1o\"},\"description\":\"Hola, soy Janire Fandi\u00f1o. He estudiado el grado de Creaci\u00f3n y Dise\u00f1o en la Universidad del Pa\u00eds Vasco (EHU) y tambi\u00e9n cuento con un grado superior en Dise\u00f1o y Edici\u00f3n de Publicaciones Impresas y Multimedia. Actualmente, formo parte del equipo de dise\u00f1o gr\u00e1fico de Caronte, donde me dedico a desarrollar proyectos de dise\u00f1o y edici\u00f3n de video. Por ello, los art\u00edculos que encontrar\u00e1s escritos por m\u00ed estar\u00e1n centrados en temas relacionados con el dise\u00f1o gr\u00e1fico, la impresi\u00f3n y la edici\u00f3n audiovisual.\",\"url\":\"https:\\\/\\\/carontestudio.com\\\/blog\\\/author\\\/janire\\\/\"}]}<\/script>\n<!-- \/ Yoast SEO plugin. -->","yoast_head_json":{"title":"Historia del dise\u00f1o gr\u00e1fico: Bauhaus - Blog de maketing | Caronte","description":"Descubre como influy\u00f3 la escuela Bauhaus en la historia del dise\u00f1o gr\u00e1fico y cu\u00e1les son sus caracter\u00edsticas.","robots":{"index":"index","follow":"follow","max-snippet":"max-snippet:-1","max-image-preview":"max-image-preview:large","max-video-preview":"max-video-preview:-1"},"canonical":"https:\/\/carontestudio.com\/blog\/historia-del-diseno-grafico-bauhaus\/","og_locale":"es_ES","og_type":"article","og_title":"Historia del dise\u00f1o gr\u00e1fico: Bauhaus - Blog de maketing | Caronte","og_description":"Descubre como influy\u00f3 la escuela Bauhaus en la historia del dise\u00f1o gr\u00e1fico y cu\u00e1les son sus caracter\u00edsticas.","og_url":"https:\/\/carontestudio.com\/blog\/historia-del-diseno-grafico-bauhaus\/","og_site_name":"Blog de maketing | Caronte","article_publisher":"https:\/\/www.facebook.com\/carontewebstudio\/","article_published_time":"2025-12-04T12:30:12+00:00","article_modified_time":"2025-12-12T09:42:32+00:00","og_image":[{"width":1250,"height":737,"url":"https:\/\/carontestudio.com\/blog\/wp-content\/uploads\/2025\/05\/caronte-bauhaus-diseno.jpg","type":"image\/jpeg"}],"author":"Janire Fandi\u00f1o","twitter_card":"summary_large_image","twitter_misc":{"Escrito por":"Janire Fandi\u00f1o","Tiempo de lectura":"5 minutos"},"schema":{"@context":"https:\/\/schema.org","@graph":[{"@type":"Article","@id":"https:\/\/carontestudio.com\/blog\/historia-del-diseno-grafico-bauhaus\/#article","isPartOf":{"@id":"https:\/\/carontestudio.com\/blog\/historia-del-diseno-grafico-bauhaus\/"},"author":{"name":"Janire Fandi\u00f1o","@id":"https:\/\/carontestudio.com\/blog\/#\/schema\/person\/6cc4268194c3eba8cb7b4d1624554af1"},"headline":"Historia del dise\u00f1o gr\u00e1fico: Bauhaus","datePublished":"2025-12-04T12:30:12+00:00","dateModified":"2025-12-12T09:42:32+00:00","mainEntityOfPage":{"@id":"https:\/\/carontestudio.com\/blog\/historia-del-diseno-grafico-bauhaus\/"},"wordCount":688,"commentCount":0,"publisher":{"@id":"https:\/\/carontestudio.com\/blog\/#organization"},"image":{"@id":"https:\/\/carontestudio.com\/blog\/historia-del-diseno-grafico-bauhaus\/#primaryimage"},"thumbnailUrl":"https:\/\/carontestudio.com\/blog\/wp-content\/uploads\/2025\/05\/caronte-bauhaus-diseno.jpg","articleSection":["Dise\u00f1o gr\u00e1fico"],"inLanguage":"es","potentialAction":[{"@type":"CommentAction","name":"Comment","target":["https:\/\/carontestudio.com\/blog\/historia-del-diseno-grafico-bauhaus\/#respond"]}]},{"@type":"WebPage","@id":"https:\/\/carontestudio.com\/blog\/historia-del-diseno-grafico-bauhaus\/","url":"https:\/\/carontestudio.com\/blog\/historia-del-diseno-grafico-bauhaus\/","name":"Historia del dise\u00f1o gr\u00e1fico: Bauhaus - Blog de maketing | Caronte","isPartOf":{"@id":"https:\/\/carontestudio.com\/blog\/#website"},"primaryImageOfPage":{"@id":"https:\/\/carontestudio.com\/blog\/historia-del-diseno-grafico-bauhaus\/#primaryimage"},"image":{"@id":"https:\/\/carontestudio.com\/blog\/historia-del-diseno-grafico-bauhaus\/#primaryimage"},"thumbnailUrl":"https:\/\/carontestudio.com\/blog\/wp-content\/uploads\/2025\/05\/caronte-bauhaus-diseno.jpg","datePublished":"2025-12-04T12:30:12+00:00","dateModified":"2025-12-12T09:42:32+00:00","description":"Descubre como influy\u00f3 la escuela Bauhaus en la historia del dise\u00f1o gr\u00e1fico y cu\u00e1les son sus caracter\u00edsticas.","breadcrumb":{"@id":"https:\/\/carontestudio.com\/blog\/historia-del-diseno-grafico-bauhaus\/#breadcrumb"},"inLanguage":"es","potentialAction":[{"@type":"ReadAction","target":["https:\/\/carontestudio.com\/blog\/historia-del-diseno-grafico-bauhaus\/"]}]},{"@type":"ImageObject","inLanguage":"es","@id":"https:\/\/carontestudio.com\/blog\/historia-del-diseno-grafico-bauhaus\/#primaryimage","url":"https:\/\/carontestudio.com\/blog\/wp-content\/uploads\/2025\/05\/caronte-bauhaus-diseno.jpg","contentUrl":"https:\/\/carontestudio.com\/blog\/wp-content\/uploads\/2025\/05\/caronte-bauhaus-diseno.jpg","width":1250,"height":737},{"@type":"BreadcrumbList","@id":"https:\/\/carontestudio.com\/blog\/historia-del-diseno-grafico-bauhaus\/#breadcrumb","itemListElement":[{"@type":"ListItem","position":1,"name":"Portada","item":"https:\/\/carontestudio.com\/blog\/"},{"@type":"ListItem","position":2,"name":"Historia del dise\u00f1o gr\u00e1fico: Bauhaus"}]},{"@type":"WebSite","@id":"https:\/\/carontestudio.com\/blog\/#website","url":"https:\/\/carontestudio.com\/blog\/","name":"Blog de marketing | Caronte","description":"En nuestro blog encontrar\u00e1s art\u00edculos semanales sobre SEO, marketing online, programaci\u00f3n web y mucho m\u00e1s.","publisher":{"@id":"https:\/\/carontestudio.com\/blog\/#organization"},"potentialAction":[{"@type":"SearchAction","target":{"@type":"EntryPoint","urlTemplate":"https:\/\/carontestudio.com\/blog\/?s={search_term_string}"},"query-input":{"@type":"PropertyValueSpecification","valueRequired":true,"valueName":"search_term_string"}}],"inLanguage":"es"},{"@type":"Organization","@id":"https:\/\/carontestudio.com\/blog\/#organization","name":"Caronte - Agencia de marketing","url":"https:\/\/carontestudio.com\/blog\/","logo":{"@type":"ImageObject","inLanguage":"es","@id":"https:\/\/carontestudio.com\/blog\/#\/schema\/logo\/image\/","url":"https:\/\/carontestudio.com\/blog\/wp-content\/uploads\/2025\/06\/caronte-agencia-de-marketing-logo.png","contentUrl":"https:\/\/carontestudio.com\/blog\/wp-content\/uploads\/2025\/06\/caronte-agencia-de-marketing-logo.png","width":1090,"height":155,"caption":"Caronte - Agencia de marketing"},"image":{"@id":"https:\/\/carontestudio.com\/blog\/#\/schema\/logo\/image\/"},"sameAs":["https:\/\/www.facebook.com\/carontewebstudio\/","https:\/\/www.instagram.com\/caronte_studio\/","https:\/\/www.tiktok.com\/@carontewebstudio","https:\/\/www.youtube.com\/@carontewebstudio","https:\/\/es.linkedin.com\/company\/carontewebstudio"]},{"@type":"Person","@id":"https:\/\/carontestudio.com\/blog\/#\/schema\/person\/6cc4268194c3eba8cb7b4d1624554af1","name":"Janire Fandi\u00f1o","image":{"@type":"ImageObject","inLanguage":"es","@id":"https:\/\/secure.gravatar.com\/avatar\/0b9c282f7ca74dada53bb470dbeaee68be5adb69aa6b23790d00882631518b36?s=96&d=mm&r=g","url":"https:\/\/secure.gravatar.com\/avatar\/0b9c282f7ca74dada53bb470dbeaee68be5adb69aa6b23790d00882631518b36?s=96&d=mm&r=g","contentUrl":"https:\/\/secure.gravatar.com\/avatar\/0b9c282f7ca74dada53bb470dbeaee68be5adb69aa6b23790d00882631518b36?s=96&d=mm&r=g","caption":"Janire Fandi\u00f1o"},"description":"Hola, soy Janire Fandi\u00f1o. He estudiado el grado de Creaci\u00f3n y Dise\u00f1o en la Universidad del Pa\u00eds Vasco (EHU) y tambi\u00e9n cuento con un grado superior en Dise\u00f1o y Edici\u00f3n de Publicaciones Impresas y Multimedia. Actualmente, formo parte del equipo de dise\u00f1o gr\u00e1fico de Caronte, donde me dedico a desarrollar proyectos de dise\u00f1o y edici\u00f3n de video. Por ello, los art\u00edculos que encontrar\u00e1s escritos por m\u00ed estar\u00e1n centrados en temas relacionados con el dise\u00f1o gr\u00e1fico, la impresi\u00f3n y la edici\u00f3n audiovisual.","url":"https:\/\/carontestudio.com\/blog\/author\/janire\/"}]}},"_links":{"self":[{"href":"https:\/\/carontestudio.com\/blog\/wp-json\/wp\/v2\/posts\/23226","targetHints":{"allow":["GET"]}}],"collection":[{"href":"https:\/\/carontestudio.com\/blog\/wp-json\/wp\/v2\/posts"}],"about":[{"href":"https:\/\/carontestudio.com\/blog\/wp-json\/wp\/v2\/types\/post"}],"author":[{"embeddable":true,"href":"https:\/\/carontestudio.com\/blog\/wp-json\/wp\/v2\/users\/23"}],"replies":[{"embeddable":true,"href":"https:\/\/carontestudio.com\/blog\/wp-json\/wp\/v2\/comments?post=23226"}],"version-history":[{"count":9,"href":"https:\/\/carontestudio.com\/blog\/wp-json\/wp\/v2\/posts\/23226\/revisions"}],"predecessor-version":[{"id":24900,"href":"https:\/\/carontestudio.com\/blog\/wp-json\/wp\/v2\/posts\/23226\/revisions\/24900"}],"wp:featuredmedia":[{"embeddable":true,"href":"https:\/\/carontestudio.com\/blog\/wp-json\/wp\/v2\/media\/23268"}],"wp:attachment":[{"href":"https:\/\/carontestudio.com\/blog\/wp-json\/wp\/v2\/media?parent=23226"}],"wp:term":[{"taxonomy":"category","embeddable":true,"href":"https:\/\/carontestudio.com\/blog\/wp-json\/wp\/v2\/categories?post=23226"},{"taxonomy":"post_tag","embeddable":true,"href":"https:\/\/carontestudio.com\/blog\/wp-json\/wp\/v2\/tags?post=23226"}],"curies":[{"name":"wp","href":"https:\/\/api.w.org\/{rel}","templated":true}]}}