{"id":2303,"date":"2020-09-04T13:26:13","date_gmt":"2020-09-04T11:26:13","guid":{"rendered":"https:\/\/carontestudio.com\/blog\/?p=2303"},"modified":"2020-10-08T09:53:46","modified_gmt":"2020-10-08T07:53:46","slug":"disenadores-ilustres-stefan-sagmeister","status":"publish","type":"post","link":"https:\/\/carontestudio.com\/blog\/disenadores-ilustres-stefan-sagmeister\/","title":{"rendered":"Dise\u00f1adores ilustres: Stefan Sagmeister"},"content":{"rendered":"\n<p>Si existe un dise\u00f1ador gr\u00e1fico m\u00e1s cargado de humor y cercano al arte audiovisual, ese es sin duda Stefan Sagmeister. El austriaco lleva a\u00f1os marcando la diferencia con su arrolladora personalidad. Hoy te explicamos sus or\u00edgenes y desnudamos al genio en nuestro blog de dise\u00f1o. \u00bfTe apuntas?<\/p>\n\n\n\n<!--more-->\n\n\n\n<p>Caminando entre la delgada l\u00ednea que delimita el arte conceptual y el dise\u00f1o, Stefan Sagmeister<strong> busca la provocaci\u00f3n, el impacto visual e incluso la inquietud del usuario. <\/strong>Con su especial habilidad para llevar a cabo creaciones capaces de escandalizar a cualquiera se ha abierto paso hasta coronarse como uno de los dise\u00f1adores gr\u00e1ficos m\u00e1s importantes del pasado siglo y a\u00fan hoy sigue siendo prolijo. Descubramos a Stefan Sagmeister.<\/p>\n\n\n\n<h2 class=\"wp-block-heading\">Qui\u00e9n es Stefan Sagmeister<\/h2>\n\n\n\n<div class=\"wp-block-columns are-vertically-aligned-center is-layout-flex wp-container-core-columns-is-layout-9d6595d7 wp-block-columns-is-layout-flex\">\n<div class=\"wp-block-column is-vertically-aligned-center is-layout-flow wp-block-column-is-layout-flow\" style=\"flex-basis:33.33%\">\n<div class=\"wp-block-image\"><figure class=\"aligncenter size-large\"><img loading=\"lazy\" decoding=\"async\" width=\"600\" height=\"868\" src=\"https:\/\/carontestudio.com\/blog\/wp-content\/uploads\/2020\/09\/lou-reed-sagmeister.jpg\" alt=\"Portada Lou Red Sagmeister\" class=\"wp-image-2325\" srcset=\"https:\/\/carontestudio.com\/blog\/wp-content\/uploads\/2020\/09\/lou-reed-sagmeister.jpg 600w, https:\/\/carontestudio.com\/blog\/wp-content\/uploads\/2020\/09\/lou-reed-sagmeister-207x300.jpg 207w\" sizes=\"auto, (max-width: 600px) 100vw, 600px\" \/><\/figure><\/div>\n<\/div>\n\n\n\n<div class=\"wp-block-column is-vertically-aligned-center is-layout-flow wp-block-column-is-layout-flow\" style=\"flex-basis:66.66%\">\n<div class=\"wp-block-group\"><div class=\"wp-block-group__inner-container is-layout-flow wp-block-group-is-layout-flow\">\n<p>Natural de la ciudad austriaca de Bregenz, en Vorarlberg, Sagmeister comenz\u00f3 su carrera en la Universidad de Artes Aplicadas de Viena hasta que en 1987 recibi\u00f3 una beca para continuar estudiando en el Pratt Intitute de Nueva York.<\/p>\n\n\n\n<p>En torno a 1993 comenz\u00f3 a trabajar para la agencia de publicidad del dise\u00f1ador Tibor Kalman hasta que se decidi\u00f3 a fundar su propio estudio, llamado \u00abSagmeister Inc.\u00bb. Fue entonces cuando <strong>se enfoc\u00f3 principalmente en la industria musical, una de sus grandes pasiones<\/strong>, y precisamente en ella alcanz\u00f3 cierta fama a nivel local e internacional. Gracias a los originales e impactantes dise\u00f1os de portadas de artistas de talla mundial como David Byrne, Lou Reed o The Rolling Stones, Sagmaister se granje\u00f3 una gran popularidad entre m\u00fasicos de alto nivel.<\/p>\n\n\n\n<p>Su arrolladora personalidad le llev\u00f3 a crear el grupo activista <strong>\u00abTrue Majority\u00bb,<\/strong> formado por artistas y directivos estadounidense que lucharon contra la guerra de Irak, denunciando el elevado gasto del presupuesto nacional norteamericano y demandando la necesidad de invertir la partida en educaci\u00f3n.<\/p>\n\n\n\n<p>En 2012 decide unir su creatividad a la de la dise\u00f1adora<strong> Jessica Walsh <\/strong>para crear un nuevo estudio llamado \u00abSagmeister &amp; Walsh\u00bb, que funcion\u00f3 hasta 2019. A d\u00eda de hoy, Sagmeister comunic\u00f3 que ha decidido enfocarse de manera exclusiva a trabajos art\u00edsticos personales y no comerciales.<\/p>\n\n\n\n<p>Parte de su genialidad reside en su filosof\u00eda vital. De hecho, es famoso por rechazar muchas de las propuestas de sus clientes, las cuales no considera interesantes, aduciendo que ese tiempo resulta esencial para adentrarse en expresiones art\u00edsticas como el cine, la m\u00fasica y otras disciplinas.<\/p>\n<\/div><\/div>\n<\/div>\n<\/div>\n\n\n\n<div class=\"wp-block-group\"><div class=\"wp-block-group__inner-container is-layout-flow wp-block-group-is-layout-flow\">\n<div class=\"wp-block-group is-layout-flow wp-block-group-is-layout-flow\"><div class=\"wp-block-group__inner-container\"><\/div><\/div>\n<\/div><\/div>\n\n\n\n<h2 class=\"wp-block-heading\">Estilo e influencias de Stefan Sagmeister<\/h2>\n\n\n\n<p>Sagmeister <strong>se define a s\u00ed mismo como dise\u00f1ador m\u00e1s que como artista<\/strong>, puesto que considera que el dise\u00f1o \u00abha de funcionar, mientras que el arte no lo necesita\u00bb. Recalca de esta manera el aspecto funcional inherente al dise\u00f1o gr\u00e1fico, en el que a diferencia del arte, no solo basta con evocar sensaciones.<\/p>\n\n\n\n<blockquote class=\"wp-block-quote is-layout-flow wp-block-quote-is-layout-flow\"><p>\u201cHe visto pel\u00edculas que me han conmovido, he le\u00eddo libros que han cambiado mi modo de ver las cosas y he escuchado m\u00fasica que ha influido en mi \u00e1nimo. Nuestro objetivo ser\u00e1 llegar al coraz\u00f3n de la gente con el dise\u00f1o\u201d.<\/p><cite>Stefan Sagmeister.<\/cite><\/blockquote>\n\n\n\n<p>Influenciado por artistas como Jenny Holzer, Barbara Kruger, Adolf Woelfli, Brus, Muehl o Wiener, sus obras est\u00e1n cargadas de un mensaje directo y potente. Por eso no es casualidad que la conjugaci\u00f3n entre dise\u00f1o y arte se vean tan bien representados en sus dise\u00f1os.<\/p>\n\n\n\n<h2 class=\"wp-block-heading\">Sus dise\u00f1os m\u00e1s emblem\u00e1ticos<\/h2>\n\n\n\n<div class=\"wp-block-group is-layout-flow wp-block-group-is-layout-flow\"><div class=\"wp-block-group__inner-container\"><\/div><\/div>\n\n\n\n<div class=\"wp-block-columns are-vertically-aligned-center is-layout-flex wp-container-core-columns-is-layout-9d6595d7 wp-block-columns-is-layout-flex\">\n<div class=\"wp-block-column is-vertically-aligned-center is-layout-flow wp-block-column-is-layout-flow\" style=\"flex-basis:66.66%\">\n<div class=\"wp-block-group\"><div class=\"wp-block-group__inner-container is-layout-flow wp-block-group-is-layout-flow\">\n<h3 class=\"wp-block-heading\">\u00c1lbumes musicales<\/h3>\n\n\n\n<p>Como ya hemos mencionado con anterioridad, Stefan Sagmeister ha aportado una gran cantidad de dise\u00f1os \u00fanicos y originales al mundo de la m\u00fasica, y por ello es reconocido a nivel mundial.<\/p>\n\n\n\n<p>Sus portadas m\u00e1s ic\u00f3nicas probablemente sean las del disco de <strong>\u00abThe Rolling Stones\u00bb titulado \u00abBridges to Babylon\u00bb, <\/strong>en el que se percibe el toque inequ\u00edvoco del artista. Tanto es as\u00ed que fue el mismo frontman de la banda, Mick Jagger, quien escogi\u00f3 al austriaco para llevar a cabo el dise\u00f1o del \u00e1lbum tras quedarse prendado de la portada dise\u00f1ada para <strong>Lou Reed y su \u00abSet the Twilight Reeling\u00bb.<\/strong><\/p>\n\n\n\n<p>Su impacto en el mundo de la m\u00fasica le ha llevado a ser nominado hasta 5 veces para los premios Grammy y ganarlo hasta en dos ocasiones, gracias a su labor en el \u00e1lbum<strong> \u00abOnce in a Lifetime\u00bb de Talking Heads,<\/strong> y en <strong>\u201cEverything That Happens Will Happen Today\u201d de David Byrne y Brian Eno.<\/strong><\/p>\n\n\n\n<h3 class=\"wp-block-heading\">Carteler\u00eda de Stefan Sagmeister<\/h3>\n\n\n\n<p>Sagmeister ha realizado proyectos en numerosos campos del dise\u00f1o gr\u00e1fico y la fotograf\u00eda, pero sin duda, su cartel para la conferencia de 1999 del <strong>AIGA (American Institute of Graphic Arts) <\/strong>quedar\u00e1 para siempre en el recuerdo. En \u00e9l se puede observar todos los datos informativos de la conferencia \u00abtallados a cuchillo\u00bb por su compa\u00f1ero sobre el cuerpo desnudo del mismo Stefan. Un concepto transgresor y atrevido que logr\u00f3 acaparar la atenci\u00f3n, no solo de los visitantes de la conferencia, sino de cientos de ojos aviesos cautivos de su propia curiosidad, que descubrieron la genialidad de Sagmeister mediante un concepto tan innovador.<\/p>\n<\/div><\/div>\n<\/div>\n\n\n\n<div class=\"wp-block-column is-vertically-aligned-center is-layout-flow wp-block-column-is-layout-flow\" style=\"flex-basis:33.33%\">\n<figure class=\"wp-block-image size-large\"><img loading=\"lazy\" decoding=\"async\" width=\"600\" height=\"861\" src=\"https:\/\/carontestudio.com\/blog\/wp-content\/uploads\/2020\/09\/sagmeister-aiga.jpg\" alt=\"Cartel para AIGA de Stefan Sagmeister\" class=\"wp-image-2323\" srcset=\"https:\/\/carontestudio.com\/blog\/wp-content\/uploads\/2020\/09\/sagmeister-aiga.jpg 600w, https:\/\/carontestudio.com\/blog\/wp-content\/uploads\/2020\/09\/sagmeister-aiga-209x300.jpg 209w\" sizes=\"auto, (max-width: 600px) 100vw, 600px\" \/><\/figure>\n<\/div>\n<\/div>\n\n\n\n<h3 class=\"wp-block-heading\">Editorial y audiovisual<\/h3>\n\n\n\n<p>Sus primeros pasos en el dise\u00f1o editorial fueron con apenas 16 a\u00f1os, creando \u00absu propia revista\u00bb, y fue entonces cuando descubri\u00f3 que lo que m\u00e1s le gustaba no era editar el texto, sino maquetar. Tras m\u00e1s de 30 a\u00f1os de experiencia, Sagmeister ha publicado varios libros entre los que destacan <strong>\u00abMade you look\u00bb,<\/strong> publicado en 2009, que incluye notas y extractos del diario del artista, o<strong> \u00abThins I have learned in my life so far\u00bb<\/strong>, una mezcla de arte, consejos creativos y distintos conceptos.<\/p>\n\n\n\n<p>Tambi\u00e9n cabe destacar la exposici\u00f3n multimedia llevada a cabo junto a su compa\u00f1era Jessica Walsh, llamada \u00ab<strong>Beauty\u00bb,<\/strong> en la que hablan sobre el concepto de la belleza y la atracci\u00f3n inevitable del ser humano hacia ella.<\/p>\n\n\n\n<div class=\"embed-responsive embed-responsive-16by9\">\n  <iframe class=\"embed-responsive-item\" src=\"https:\/\/www.youtube.com\/embed\/lXNGbTSJw50\"><\/iframe>\n<\/div>\n\n\n\n<h2 class=\"wp-block-heading\">Conclusi\u00f3n<\/h2>\n\n\n\n<p>La grandeza de Stefan Sagmeister no radica solo en sus originales obras, ni en su caracter\u00edstico humor y car\u00e1cter, sino en su filosof\u00eda y su concepci\u00f3n del dise\u00f1o, del arte y de la vida. Es por eso que ha sido capaz de profundizar en la utilidad del dise\u00f1o y en la importancia del arte para el ser humano. Alguien capaz de detenerse en el camino, pausar de golpe su carrera para tomarse un a\u00f1o sab\u00e1tico y apreciar la belleza del mundo que le rodea no puede tratarse sino de un genio.<\/p>\n\n\n\n<p>Esperamos que hay\u00e1is disfrutado de nuestro art\u00edculo. Aqu\u00ed os dejamos un breve video para conocer m\u00e1s a fondo al austriaco. \u00a1Nos vemos en la pr\u00f3xima entrada!<\/p>\n\n\n\n<div class=\"embed-responsive embed-responsive-16by9\">\n  <iframe class=\"embed-responsive-item\" src=\"https:\/\/player.vimeo.com\/video\/12397144\"><\/iframe>\n<\/div>\n","protected":false},"excerpt":{"rendered":"<p>Descubre la vida y obra del fant\u00e1stico dise\u00f1ador gr\u00e1fico Stefan Sagmeister. Un irreverente y genial artista capaz de crear los dise\u00f1os m\u00e1s atrevidos y originales.<\/p>\n","protected":false},"author":3,"featured_media":2333,"comment_status":"open","ping_status":"closed","sticky":false,"template":"","format":"standard","meta":{"_acf_changed":false,"footnotes":""},"categories":[53],"tags":[61],"class_list":["post-2303","post","type-post","status-publish","format-standard","has-post-thumbnail","hentry","category-diseno-grafico","tag-disenadores"],"acf":[],"yoast_head":"<!-- This site is optimized with the Yoast SEO plugin v27.3 - https:\/\/yoast.com\/product\/yoast-seo-wordpress\/ -->\n<title>Dise\u00f1adores ilustres: Stefan Sagmeister - Caronte Web Studio<\/title>\n<meta name=\"description\" content=\"Hoy te presentamos a Stefan Sagmeister, un dise\u00f1ador \u00fanico en su especie, capaz de crear los dise\u00f1os m\u00e1s irreverentes y originales.\" \/>\n<meta name=\"robots\" content=\"index, follow, max-snippet:-1, max-image-preview:large, max-video-preview:-1\" \/>\n<link rel=\"canonical\" href=\"https:\/\/carontestudio.com\/blog\/disenadores-ilustres-stefan-sagmeister\/\" \/>\n<meta property=\"og:locale\" content=\"es_ES\" \/>\n<meta property=\"og:type\" content=\"article\" \/>\n<meta property=\"og:title\" content=\"Dise\u00f1adores ilustres: Stefan Sagmeister - Caronte Web Studio\" \/>\n<meta property=\"og:description\" content=\"Hoy te presentamos a Stefan Sagmeister, un dise\u00f1ador \u00fanico en su especie, capaz de crear los dise\u00f1os m\u00e1s irreverentes y originales.\" \/>\n<meta property=\"og:url\" content=\"https:\/\/carontestudio.com\/blog\/disenadores-ilustres-stefan-sagmeister\/\" \/>\n<meta property=\"og:site_name\" content=\"Blog de maketing | Caronte\" \/>\n<meta property=\"article:publisher\" content=\"https:\/\/www.facebook.com\/carontewebstudio\/\" \/>\n<meta property=\"article:published_time\" content=\"2020-09-04T11:26:13+00:00\" \/>\n<meta property=\"article:modified_time\" content=\"2020-10-08T07:53:46+00:00\" \/>\n<meta property=\"og:image\" content=\"https:\/\/carontestudio.com\/blog\/wp-content\/uploads\/2020\/09\/stefan-sagmeister-caronte.jpg\" \/>\n\t<meta property=\"og:image:width\" content=\"1250\" \/>\n\t<meta property=\"og:image:height\" content=\"737\" \/>\n\t<meta property=\"og:image:type\" content=\"image\/jpeg\" \/>\n<meta name=\"author\" content=\"David de Lamo\" \/>\n<meta name=\"twitter:card\" content=\"summary_large_image\" \/>\n<meta name=\"twitter:label1\" content=\"Escrito por\" \/>\n\t<meta name=\"twitter:data1\" content=\"David de Lamo\" \/>\n\t<meta name=\"twitter:label2\" content=\"Tiempo de lectura\" \/>\n\t<meta name=\"twitter:data2\" content=\"6 minutos\" \/>\n<script type=\"application\/ld+json\" class=\"yoast-schema-graph\">{\"@context\":\"https:\\\/\\\/schema.org\",\"@graph\":[{\"@type\":\"Article\",\"@id\":\"https:\\\/\\\/carontestudio.com\\\/blog\\\/disenadores-ilustres-stefan-sagmeister\\\/#article\",\"isPartOf\":{\"@id\":\"https:\\\/\\\/carontestudio.com\\\/blog\\\/disenadores-ilustres-stefan-sagmeister\\\/\"},\"author\":{\"name\":\"David de Lamo\",\"@id\":\"https:\\\/\\\/carontestudio.com\\\/blog\\\/#\\\/schema\\\/person\\\/2104191b75663e9e9ca47f821c5f92cf\"},\"headline\":\"Dise\u00f1adores ilustres: Stefan Sagmeister\",\"datePublished\":\"2020-09-04T11:26:13+00:00\",\"dateModified\":\"2020-10-08T07:53:46+00:00\",\"mainEntityOfPage\":{\"@id\":\"https:\\\/\\\/carontestudio.com\\\/blog\\\/disenadores-ilustres-stefan-sagmeister\\\/\"},\"wordCount\":1105,\"commentCount\":0,\"publisher\":{\"@id\":\"https:\\\/\\\/carontestudio.com\\\/blog\\\/#organization\"},\"image\":{\"@id\":\"https:\\\/\\\/carontestudio.com\\\/blog\\\/disenadores-ilustres-stefan-sagmeister\\\/#primaryimage\"},\"thumbnailUrl\":\"https:\\\/\\\/carontestudio.com\\\/blog\\\/wp-content\\\/uploads\\\/2020\\\/09\\\/stefan-sagmeister-caronte.jpg\",\"keywords\":[\"Dise\u00f1adores\"],\"articleSection\":[\"Dise\u00f1o gr\u00e1fico\"],\"inLanguage\":\"es\",\"potentialAction\":[{\"@type\":\"CommentAction\",\"name\":\"Comment\",\"target\":[\"https:\\\/\\\/carontestudio.com\\\/blog\\\/disenadores-ilustres-stefan-sagmeister\\\/#respond\"]}]},{\"@type\":\"WebPage\",\"@id\":\"https:\\\/\\\/carontestudio.com\\\/blog\\\/disenadores-ilustres-stefan-sagmeister\\\/\",\"url\":\"https:\\\/\\\/carontestudio.com\\\/blog\\\/disenadores-ilustres-stefan-sagmeister\\\/\",\"name\":\"Dise\u00f1adores ilustres: Stefan Sagmeister - Caronte Web Studio\",\"isPartOf\":{\"@id\":\"https:\\\/\\\/carontestudio.com\\\/blog\\\/#website\"},\"primaryImageOfPage\":{\"@id\":\"https:\\\/\\\/carontestudio.com\\\/blog\\\/disenadores-ilustres-stefan-sagmeister\\\/#primaryimage\"},\"image\":{\"@id\":\"https:\\\/\\\/carontestudio.com\\\/blog\\\/disenadores-ilustres-stefan-sagmeister\\\/#primaryimage\"},\"thumbnailUrl\":\"https:\\\/\\\/carontestudio.com\\\/blog\\\/wp-content\\\/uploads\\\/2020\\\/09\\\/stefan-sagmeister-caronte.jpg\",\"datePublished\":\"2020-09-04T11:26:13+00:00\",\"dateModified\":\"2020-10-08T07:53:46+00:00\",\"description\":\"Hoy te presentamos a Stefan Sagmeister, un dise\u00f1ador \u00fanico en su especie, capaz de crear los dise\u00f1os m\u00e1s irreverentes y originales.\",\"breadcrumb\":{\"@id\":\"https:\\\/\\\/carontestudio.com\\\/blog\\\/disenadores-ilustres-stefan-sagmeister\\\/#breadcrumb\"},\"inLanguage\":\"es\",\"potentialAction\":[{\"@type\":\"ReadAction\",\"target\":[\"https:\\\/\\\/carontestudio.com\\\/blog\\\/disenadores-ilustres-stefan-sagmeister\\\/\"]}]},{\"@type\":\"ImageObject\",\"inLanguage\":\"es\",\"@id\":\"https:\\\/\\\/carontestudio.com\\\/blog\\\/disenadores-ilustres-stefan-sagmeister\\\/#primaryimage\",\"url\":\"https:\\\/\\\/carontestudio.com\\\/blog\\\/wp-content\\\/uploads\\\/2020\\\/09\\\/stefan-sagmeister-caronte.jpg\",\"contentUrl\":\"https:\\\/\\\/carontestudio.com\\\/blog\\\/wp-content\\\/uploads\\\/2020\\\/09\\\/stefan-sagmeister-caronte.jpg\",\"width\":1250,\"height\":737,\"caption\":\"Stefan Sagmeister, dise\u00f1ador gr\u00e1fico y artista\"},{\"@type\":\"BreadcrumbList\",\"@id\":\"https:\\\/\\\/carontestudio.com\\\/blog\\\/disenadores-ilustres-stefan-sagmeister\\\/#breadcrumb\",\"itemListElement\":[{\"@type\":\"ListItem\",\"position\":1,\"name\":\"Portada\",\"item\":\"https:\\\/\\\/carontestudio.com\\\/blog\\\/\"},{\"@type\":\"ListItem\",\"position\":2,\"name\":\"Dise\u00f1adores ilustres: Stefan Sagmeister\"}]},{\"@type\":\"WebSite\",\"@id\":\"https:\\\/\\\/carontestudio.com\\\/blog\\\/#website\",\"url\":\"https:\\\/\\\/carontestudio.com\\\/blog\\\/\",\"name\":\"Blog de marketing | Caronte\",\"description\":\"En nuestro blog encontrar\u00e1s art\u00edculos semanales sobre SEO, marketing online, programaci\u00f3n web y mucho m\u00e1s.\",\"publisher\":{\"@id\":\"https:\\\/\\\/carontestudio.com\\\/blog\\\/#organization\"},\"potentialAction\":[{\"@type\":\"SearchAction\",\"target\":{\"@type\":\"EntryPoint\",\"urlTemplate\":\"https:\\\/\\\/carontestudio.com\\\/blog\\\/?s={search_term_string}\"},\"query-input\":{\"@type\":\"PropertyValueSpecification\",\"valueRequired\":true,\"valueName\":\"search_term_string\"}}],\"inLanguage\":\"es\"},{\"@type\":\"Organization\",\"@id\":\"https:\\\/\\\/carontestudio.com\\\/blog\\\/#organization\",\"name\":\"Caronte - Agencia de marketing\",\"url\":\"https:\\\/\\\/carontestudio.com\\\/blog\\\/\",\"logo\":{\"@type\":\"ImageObject\",\"inLanguage\":\"es\",\"@id\":\"https:\\\/\\\/carontestudio.com\\\/blog\\\/#\\\/schema\\\/logo\\\/image\\\/\",\"url\":\"https:\\\/\\\/carontestudio.com\\\/blog\\\/wp-content\\\/uploads\\\/2025\\\/06\\\/caronte-agencia-de-marketing-logo.png\",\"contentUrl\":\"https:\\\/\\\/carontestudio.com\\\/blog\\\/wp-content\\\/uploads\\\/2025\\\/06\\\/caronte-agencia-de-marketing-logo.png\",\"width\":1090,\"height\":155,\"caption\":\"Caronte - Agencia de marketing\"},\"image\":{\"@id\":\"https:\\\/\\\/carontestudio.com\\\/blog\\\/#\\\/schema\\\/logo\\\/image\\\/\"},\"sameAs\":[\"https:\\\/\\\/www.facebook.com\\\/carontewebstudio\\\/\",\"https:\\\/\\\/www.instagram.com\\\/caronte_studio\\\/\",\"https:\\\/\\\/www.tiktok.com\\\/@carontewebstudio\",\"https:\\\/\\\/www.youtube.com\\\/@carontewebstudio\",\"https:\\\/\\\/es.linkedin.com\\\/company\\\/carontewebstudio\"]},{\"@type\":\"Person\",\"@id\":\"https:\\\/\\\/carontestudio.com\\\/blog\\\/#\\\/schema\\\/person\\\/2104191b75663e9e9ca47f821c5f92cf\",\"name\":\"David de Lamo\",\"image\":{\"@type\":\"ImageObject\",\"inLanguage\":\"es\",\"@id\":\"https:\\\/\\\/secure.gravatar.com\\\/avatar\\\/110df00c652880b6b00cc45fe489d819ac3f1e805e379a5adefc8fce4d1f548c?s=96&d=mm&r=g\",\"url\":\"https:\\\/\\\/secure.gravatar.com\\\/avatar\\\/110df00c652880b6b00cc45fe489d819ac3f1e805e379a5adefc8fce4d1f548c?s=96&d=mm&r=g\",\"contentUrl\":\"https:\\\/\\\/secure.gravatar.com\\\/avatar\\\/110df00c652880b6b00cc45fe489d819ac3f1e805e379a5adefc8fce4d1f548c?s=96&d=mm&r=g\",\"caption\":\"David de Lamo\"},\"description\":\"David de Lamo te descubre, en el blog de Caronte Web Studio, las tendencias de dise\u00f1o, tanto gr\u00e1fico como web. Nuestro responsable del \u00e1rea de dise\u00f1o en Caronte Web Studio te cuenta todo lo que debes saber sobre imagen de empresa, carteler\u00eda, dise\u00f1o gr\u00e1fico, dise\u00f1o web, papeler\u00eda, rotulaciones... Aprende con \u00e9l y sum\u00e9rgete en el apasionante mundo del dise\u00f1o.\",\"sameAs\":[\"http:\\\/\\\/www.carontestudio.com\"],\"url\":\"https:\\\/\\\/carontestudio.com\\\/blog\\\/author\\\/david\\\/\"}]}<\/script>\n<!-- \/ Yoast SEO plugin. -->","yoast_head_json":{"title":"Dise\u00f1adores ilustres: Stefan Sagmeister - Caronte Web Studio","description":"Hoy te presentamos a Stefan Sagmeister, un dise\u00f1ador \u00fanico en su especie, capaz de crear los dise\u00f1os m\u00e1s irreverentes y originales.","robots":{"index":"index","follow":"follow","max-snippet":"max-snippet:-1","max-image-preview":"max-image-preview:large","max-video-preview":"max-video-preview:-1"},"canonical":"https:\/\/carontestudio.com\/blog\/disenadores-ilustres-stefan-sagmeister\/","og_locale":"es_ES","og_type":"article","og_title":"Dise\u00f1adores ilustres: Stefan Sagmeister - Caronte Web Studio","og_description":"Hoy te presentamos a Stefan Sagmeister, un dise\u00f1ador \u00fanico en su especie, capaz de crear los dise\u00f1os m\u00e1s irreverentes y originales.","og_url":"https:\/\/carontestudio.com\/blog\/disenadores-ilustres-stefan-sagmeister\/","og_site_name":"Blog de maketing | Caronte","article_publisher":"https:\/\/www.facebook.com\/carontewebstudio\/","article_published_time":"2020-09-04T11:26:13+00:00","article_modified_time":"2020-10-08T07:53:46+00:00","og_image":[{"width":1250,"height":737,"url":"https:\/\/carontestudio.com\/blog\/wp-content\/uploads\/2020\/09\/stefan-sagmeister-caronte.jpg","type":"image\/jpeg"}],"author":"David de Lamo","twitter_card":"summary_large_image","twitter_misc":{"Escrito por":"David de Lamo","Tiempo de lectura":"6 minutos"},"schema":{"@context":"https:\/\/schema.org","@graph":[{"@type":"Article","@id":"https:\/\/carontestudio.com\/blog\/disenadores-ilustres-stefan-sagmeister\/#article","isPartOf":{"@id":"https:\/\/carontestudio.com\/blog\/disenadores-ilustres-stefan-sagmeister\/"},"author":{"name":"David de Lamo","@id":"https:\/\/carontestudio.com\/blog\/#\/schema\/person\/2104191b75663e9e9ca47f821c5f92cf"},"headline":"Dise\u00f1adores ilustres: Stefan Sagmeister","datePublished":"2020-09-04T11:26:13+00:00","dateModified":"2020-10-08T07:53:46+00:00","mainEntityOfPage":{"@id":"https:\/\/carontestudio.com\/blog\/disenadores-ilustres-stefan-sagmeister\/"},"wordCount":1105,"commentCount":0,"publisher":{"@id":"https:\/\/carontestudio.com\/blog\/#organization"},"image":{"@id":"https:\/\/carontestudio.com\/blog\/disenadores-ilustres-stefan-sagmeister\/#primaryimage"},"thumbnailUrl":"https:\/\/carontestudio.com\/blog\/wp-content\/uploads\/2020\/09\/stefan-sagmeister-caronte.jpg","keywords":["Dise\u00f1adores"],"articleSection":["Dise\u00f1o gr\u00e1fico"],"inLanguage":"es","potentialAction":[{"@type":"CommentAction","name":"Comment","target":["https:\/\/carontestudio.com\/blog\/disenadores-ilustres-stefan-sagmeister\/#respond"]}]},{"@type":"WebPage","@id":"https:\/\/carontestudio.com\/blog\/disenadores-ilustres-stefan-sagmeister\/","url":"https:\/\/carontestudio.com\/blog\/disenadores-ilustres-stefan-sagmeister\/","name":"Dise\u00f1adores ilustres: Stefan Sagmeister - Caronte Web Studio","isPartOf":{"@id":"https:\/\/carontestudio.com\/blog\/#website"},"primaryImageOfPage":{"@id":"https:\/\/carontestudio.com\/blog\/disenadores-ilustres-stefan-sagmeister\/#primaryimage"},"image":{"@id":"https:\/\/carontestudio.com\/blog\/disenadores-ilustres-stefan-sagmeister\/#primaryimage"},"thumbnailUrl":"https:\/\/carontestudio.com\/blog\/wp-content\/uploads\/2020\/09\/stefan-sagmeister-caronte.jpg","datePublished":"2020-09-04T11:26:13+00:00","dateModified":"2020-10-08T07:53:46+00:00","description":"Hoy te presentamos a Stefan Sagmeister, un dise\u00f1ador \u00fanico en su especie, capaz de crear los dise\u00f1os m\u00e1s irreverentes y originales.","breadcrumb":{"@id":"https:\/\/carontestudio.com\/blog\/disenadores-ilustres-stefan-sagmeister\/#breadcrumb"},"inLanguage":"es","potentialAction":[{"@type":"ReadAction","target":["https:\/\/carontestudio.com\/blog\/disenadores-ilustres-stefan-sagmeister\/"]}]},{"@type":"ImageObject","inLanguage":"es","@id":"https:\/\/carontestudio.com\/blog\/disenadores-ilustres-stefan-sagmeister\/#primaryimage","url":"https:\/\/carontestudio.com\/blog\/wp-content\/uploads\/2020\/09\/stefan-sagmeister-caronte.jpg","contentUrl":"https:\/\/carontestudio.com\/blog\/wp-content\/uploads\/2020\/09\/stefan-sagmeister-caronte.jpg","width":1250,"height":737,"caption":"Stefan Sagmeister, dise\u00f1ador gr\u00e1fico y artista"},{"@type":"BreadcrumbList","@id":"https:\/\/carontestudio.com\/blog\/disenadores-ilustres-stefan-sagmeister\/#breadcrumb","itemListElement":[{"@type":"ListItem","position":1,"name":"Portada","item":"https:\/\/carontestudio.com\/blog\/"},{"@type":"ListItem","position":2,"name":"Dise\u00f1adores ilustres: Stefan Sagmeister"}]},{"@type":"WebSite","@id":"https:\/\/carontestudio.com\/blog\/#website","url":"https:\/\/carontestudio.com\/blog\/","name":"Blog de marketing | Caronte","description":"En nuestro blog encontrar\u00e1s art\u00edculos semanales sobre SEO, marketing online, programaci\u00f3n web y mucho m\u00e1s.","publisher":{"@id":"https:\/\/carontestudio.com\/blog\/#organization"},"potentialAction":[{"@type":"SearchAction","target":{"@type":"EntryPoint","urlTemplate":"https:\/\/carontestudio.com\/blog\/?s={search_term_string}"},"query-input":{"@type":"PropertyValueSpecification","valueRequired":true,"valueName":"search_term_string"}}],"inLanguage":"es"},{"@type":"Organization","@id":"https:\/\/carontestudio.com\/blog\/#organization","name":"Caronte - Agencia de marketing","url":"https:\/\/carontestudio.com\/blog\/","logo":{"@type":"ImageObject","inLanguage":"es","@id":"https:\/\/carontestudio.com\/blog\/#\/schema\/logo\/image\/","url":"https:\/\/carontestudio.com\/blog\/wp-content\/uploads\/2025\/06\/caronte-agencia-de-marketing-logo.png","contentUrl":"https:\/\/carontestudio.com\/blog\/wp-content\/uploads\/2025\/06\/caronte-agencia-de-marketing-logo.png","width":1090,"height":155,"caption":"Caronte - Agencia de marketing"},"image":{"@id":"https:\/\/carontestudio.com\/blog\/#\/schema\/logo\/image\/"},"sameAs":["https:\/\/www.facebook.com\/carontewebstudio\/","https:\/\/www.instagram.com\/caronte_studio\/","https:\/\/www.tiktok.com\/@carontewebstudio","https:\/\/www.youtube.com\/@carontewebstudio","https:\/\/es.linkedin.com\/company\/carontewebstudio"]},{"@type":"Person","@id":"https:\/\/carontestudio.com\/blog\/#\/schema\/person\/2104191b75663e9e9ca47f821c5f92cf","name":"David de Lamo","image":{"@type":"ImageObject","inLanguage":"es","@id":"https:\/\/secure.gravatar.com\/avatar\/110df00c652880b6b00cc45fe489d819ac3f1e805e379a5adefc8fce4d1f548c?s=96&d=mm&r=g","url":"https:\/\/secure.gravatar.com\/avatar\/110df00c652880b6b00cc45fe489d819ac3f1e805e379a5adefc8fce4d1f548c?s=96&d=mm&r=g","contentUrl":"https:\/\/secure.gravatar.com\/avatar\/110df00c652880b6b00cc45fe489d819ac3f1e805e379a5adefc8fce4d1f548c?s=96&d=mm&r=g","caption":"David de Lamo"},"description":"David de Lamo te descubre, en el blog de Caronte Web Studio, las tendencias de dise\u00f1o, tanto gr\u00e1fico como web. Nuestro responsable del \u00e1rea de dise\u00f1o en Caronte Web Studio te cuenta todo lo que debes saber sobre imagen de empresa, carteler\u00eda, dise\u00f1o gr\u00e1fico, dise\u00f1o web, papeler\u00eda, rotulaciones... Aprende con \u00e9l y sum\u00e9rgete en el apasionante mundo del dise\u00f1o.","sameAs":["http:\/\/www.carontestudio.com"],"url":"https:\/\/carontestudio.com\/blog\/author\/david\/"}]}},"_links":{"self":[{"href":"https:\/\/carontestudio.com\/blog\/wp-json\/wp\/v2\/posts\/2303","targetHints":{"allow":["GET"]}}],"collection":[{"href":"https:\/\/carontestudio.com\/blog\/wp-json\/wp\/v2\/posts"}],"about":[{"href":"https:\/\/carontestudio.com\/blog\/wp-json\/wp\/v2\/types\/post"}],"author":[{"embeddable":true,"href":"https:\/\/carontestudio.com\/blog\/wp-json\/wp\/v2\/users\/3"}],"replies":[{"embeddable":true,"href":"https:\/\/carontestudio.com\/blog\/wp-json\/wp\/v2\/comments?post=2303"}],"version-history":[{"count":27,"href":"https:\/\/carontestudio.com\/blog\/wp-json\/wp\/v2\/posts\/2303\/revisions"}],"predecessor-version":[{"id":2337,"href":"https:\/\/carontestudio.com\/blog\/wp-json\/wp\/v2\/posts\/2303\/revisions\/2337"}],"wp:featuredmedia":[{"embeddable":true,"href":"https:\/\/carontestudio.com\/blog\/wp-json\/wp\/v2\/media\/2333"}],"wp:attachment":[{"href":"https:\/\/carontestudio.com\/blog\/wp-json\/wp\/v2\/media?parent=2303"}],"wp:term":[{"taxonomy":"category","embeddable":true,"href":"https:\/\/carontestudio.com\/blog\/wp-json\/wp\/v2\/categories?post=2303"},{"taxonomy":"post_tag","embeddable":true,"href":"https:\/\/carontestudio.com\/blog\/wp-json\/wp\/v2\/tags?post=2303"}],"curies":[{"name":"wp","href":"https:\/\/api.w.org\/{rel}","templated":true}]}}