{"id":22458,"date":"2025-06-26T13:30:00","date_gmt":"2025-06-26T11:30:00","guid":{"rendered":"https:\/\/carontestudio.com\/blog\/?p=22458"},"modified":"2025-07-15T15:22:09","modified_gmt":"2025-07-15T13:22:09","slug":"historia-del-diseno-las-vanguardias","status":"publish","type":"post","link":"https:\/\/carontestudio.com\/blog\/historia-del-diseno-las-vanguardias\/","title":{"rendered":"Historia del dise\u00f1o gr\u00e1fico: Las vanguardias"},"content":{"rendered":"\n<p>Continuando la historia del dise\u00f1o, en anteriores art\u00edculos hablamos sobre el <a href=\"https:\/\/carontestudio.com\/blog\/historia-del-diseno-grafico-el-art-nouveau\/\">Art Nouveau<\/a>, por lo tanto, ahora es el turno de las vanguardias. Se tratan de la avanzada de unos <strong>grupos o movimientos ideol\u00f3gicos, pol\u00edticos, literarios y art\u00edsticos<\/strong>. Lo que hacen es romper con todo lo anteriormente creado y visto.<\/p>\n\n\n\n<p><strong>Modernidad no es sin\u00f3nimo de vanguardia.<\/strong> La modernidad es una caracter\u00edstica que podr\u00edamos atribuir a muchas corrientes de la historia, pero las vanguardias atentan contra la tradici\u00f3n global del arte. La novedad es la verdadera esencia de estas corrientes.<\/p>\n\n\n\n<p>Adem\u00e1s, tienen caracter\u00edsticas como tender a la incomodidad, y algunas van a intentar unir arte y vida, que implica una lucha social. Algunas tambi\u00e9n <strong>van a tener influencia de la industrializaci\u00f3n<\/strong> y se va a ver ese maquinismo del que hemos hablado en el art\u00edculo sobre <a href=\"https:\/\/carontestudio.com\/blog\/historia-del-diseno-grafico-industria-y-arts-and-crafts\/\">Industria y Arts and Crafts<\/a>.<\/p>\n\n\n\n<h2 class=\"wp-block-heading\">En el dise\u00f1o <\/h2>\n\n\n\n<p>En cuanto al \u00e1mbito del dise\u00f1o, <strong>los lenguajes de la vanguardia no se aplican de manera pura en todos los casos<\/strong>. Por ejemplo, ver cubismo puro en la publicidad va a ser dif\u00edcil, ya que el mensaje que se quiere transmitir tiene que ser claro y el cubismo no permite hacer esto. Por lo tanto, es m\u00e1s correcto hablar sobre las influencias de las vanguardias en el dise\u00f1o.<\/p>\n\n\n\n<h2 class=\"wp-block-heading\">Futurismo<\/h2>\n\n\n\n<p>Se trata de un movimiento italiano que surgi\u00f3 en la literatura y pasa a diferentes \u00e1mbitos como el arte, y el elemento difusor va a ser el manifesto. Despreciaban profundamente la imitaci\u00f3n y exaltaban cualquier forma de originalidad, incluso si es temerario o violento. Apartaban del campo ideal del arte todos los motivos y todos los temas ya explotados. <strong>Quer\u00edan transmitir y magnificar la vida actual<\/strong>. Siempre intentaban sacar valor y orgullo de la f\u00e1cil imputaci\u00f3n de locura con que se castigaba y amordazaba a los innovadores. Consideraban a los cr\u00edticos de arte como in\u00fatiles y da\u00f1inos. Es una corriente que est\u00e1 muy asociado al ascenso del fascismo en Italia.<\/p>\n\n\n\n<div class=\"wp-block-columns is-layout-flex wp-container-core-columns-is-layout-9d6595d7 wp-block-columns-is-layout-flex\">\n<div class=\"wp-block-column is-vertically-aligned-center is-layout-flow wp-block-column-is-layout-flow\"><div class=\"wp-block-image\">\n<figure class=\"aligncenter size-full\"><img loading=\"lazy\" decoding=\"async\" width=\"600\" height=\"927\" src=\"https:\/\/carontestudio.com\/blog\/wp-content\/uploads\/2025\/04\/futurismo-zang-tumb-tumb-caronte.jpg\" alt=\"Cartel Zang Tumb Tumb del futurismo\" class=\"wp-image-23208\" srcset=\"https:\/\/carontestudio.com\/blog\/wp-content\/uploads\/2025\/04\/futurismo-zang-tumb-tumb-caronte.jpg 600w, https:\/\/carontestudio.com\/blog\/wp-content\/uploads\/2025\/04\/futurismo-zang-tumb-tumb-caronte-194x300.jpg 194w\" sizes=\"auto, (max-width: 600px) 100vw, 600px\" \/><\/figure>\n<\/div><\/div>\n\n\n\n<div class=\"wp-block-column is-vertically-aligned-center is-layout-flow wp-block-column-is-layout-flow\">\n<figure class=\"wp-block-image size-full\"><img loading=\"lazy\" decoding=\"async\" width=\"551\" height=\"800\" src=\"https:\/\/carontestudio.com\/blog\/wp-content\/uploads\/2025\/04\/futurismo-campari-caronte.jpg\" alt=\"Cartel de Bitter Campari del futurismo\" class=\"wp-image-23207\" srcset=\"https:\/\/carontestudio.com\/blog\/wp-content\/uploads\/2025\/04\/futurismo-campari-caronte.jpg 551w, https:\/\/carontestudio.com\/blog\/wp-content\/uploads\/2025\/04\/futurismo-campari-caronte-207x300.jpg 207w\" sizes=\"auto, (max-width: 551px) 100vw, 551px\" \/><\/figure>\n<\/div>\n\n\n\n<div class=\"wp-block-column is-vertically-aligned-center is-layout-flow wp-block-column-is-layout-flow\"><div class=\"wp-block-image\">\n<figure class=\"aligncenter size-full\"><img loading=\"lazy\" decoding=\"async\" width=\"451\" height=\"600\" src=\"https:\/\/carontestudio.com\/blog\/wp-content\/uploads\/2025\/04\/futurismo-vanity-fair-caronte.jpg\" alt=\"Cartel de Vanity Fair del futurismo\" class=\"wp-image-23206\" srcset=\"https:\/\/carontestudio.com\/blog\/wp-content\/uploads\/2025\/04\/futurismo-vanity-fair-caronte.jpg 451w, https:\/\/carontestudio.com\/blog\/wp-content\/uploads\/2025\/04\/futurismo-vanity-fair-caronte-226x300.jpg 226w\" sizes=\"auto, (max-width: 451px) 100vw, 451px\" \/><\/figure>\n<\/div><\/div>\n<\/div>\n\n\n\n<h2 class=\"wp-block-heading\">Cubismo<\/h2>\n\n\n\n<p>El cubismo va a tener una gran transcendencia en la creaci\u00f3n pura y los impulsores de este movimiento fueron Georges Braque y Picasso, y <strong>lo que hacen es atentar contra los valores del mundo occidental, los valores del espacio<\/strong>. El cubismo no va a pretender representar la apariencia real de los objetos desde un \u00fanico punto de vista, utilizar\u00e1 varios puntos de vista sin que predomine ninguno de ellos. Cuando hablamos de cubismo no hablamos de arte abstracto, ya que es figurativo.<\/p>\n\n\n\n<p><strong>Dentro del cubismo se encuentran dos grupos: el anal\u00edtico y el sint\u00e9tico.<\/strong> En el cubismo anal\u00edtico no se le da importancia al color y lo representado es descompuesto en muchos planos angulares, llegando a un resultado que tira a la abstracci\u00f3n sin llegar a ella. El anal\u00edtico, en cambio, otorga otro protagonismo al color con formas m\u00e1s construidas.<\/p>\n\n\n\n<p>Como he comentado anteriormente, el cubismo no es un movimiento que vemos en su versi\u00f3n m\u00e1s pura en el dise\u00f1o, <strong>ya que este estilo encriptaba el mensaje que se quer\u00eda transmitir<\/strong>. Aunque su influencia es muy notoria en los carteles del momento.<\/p>\n\n\n\n<div class=\"wp-block-columns is-layout-flex wp-container-core-columns-is-layout-9d6595d7 wp-block-columns-is-layout-flex\">\n<div class=\"wp-block-column is-layout-flow wp-block-column-is-layout-flow\"><div class=\"wp-block-image\">\n<figure class=\"aligncenter size-full\"><img loading=\"lazy\" decoding=\"async\" width=\"500\" height=\"734\" src=\"https:\/\/carontestudio.com\/blog\/wp-content\/uploads\/2025\/04\/cubismo-unesco-caronte.jpg\" alt=\"Cartel de la UNESCO del cubismo\" class=\"wp-image-23205\" srcset=\"https:\/\/carontestudio.com\/blog\/wp-content\/uploads\/2025\/04\/cubismo-unesco-caronte.jpg 500w, https:\/\/carontestudio.com\/blog\/wp-content\/uploads\/2025\/04\/cubismo-unesco-caronte-204x300.jpg 204w\" sizes=\"auto, (max-width: 500px) 100vw, 500px\" \/><\/figure>\n<\/div><\/div>\n\n\n\n<div class=\"wp-block-column is-vertically-aligned-center is-layout-flow wp-block-column-is-layout-flow\"><div class=\"wp-block-image\">\n<figure class=\"aligncenter size-full\"><img loading=\"lazy\" decoding=\"async\" width=\"600\" height=\"765\" src=\"https:\/\/carontestudio.com\/blog\/wp-content\/uploads\/2025\/04\/cubismo-ballets-rusos-caronte.jpg\" alt=\"Cartel de los ballets rusos del cubismo\" class=\"wp-image-23203\" srcset=\"https:\/\/carontestudio.com\/blog\/wp-content\/uploads\/2025\/04\/cubismo-ballets-rusos-caronte.jpg 600w, https:\/\/carontestudio.com\/blog\/wp-content\/uploads\/2025\/04\/cubismo-ballets-rusos-caronte-235x300.jpg 235w\" sizes=\"auto, (max-width: 600px) 100vw, 600px\" \/><\/figure>\n<\/div><\/div>\n\n\n\n<div class=\"wp-block-column is-layout-flow wp-block-column-is-layout-flow\"><div class=\"wp-block-image\">\n<figure class=\"aligncenter size-full\"><img loading=\"lazy\" decoding=\"async\" width=\"500\" height=\"741\" src=\"https:\/\/carontestudio.com\/blog\/wp-content\/uploads\/2025\/04\/cubismo-jean-borlin-caronte.jpg\" alt=\"Cartel Jean Borlin del cubismo\" class=\"wp-image-23204\" srcset=\"https:\/\/carontestudio.com\/blog\/wp-content\/uploads\/2025\/04\/cubismo-jean-borlin-caronte.jpg 500w, https:\/\/carontestudio.com\/blog\/wp-content\/uploads\/2025\/04\/cubismo-jean-borlin-caronte-202x300.jpg 202w\" sizes=\"auto, (max-width: 500px) 100vw, 500px\" \/><\/figure>\n<\/div><\/div>\n<\/div>\n\n\n\n<h2 class=\"wp-block-heading\">Neoplasticismo (De Stijl)<\/h2>\n\n\n\n<p>Su origen se da en los Pa\u00edses Bajos y guarda puntos en com\u00fan con otras vanguardias del momento. La revista De Stijl que cont\u00f3 con grandes artistas, dise\u00f1adores, arquitectos, poetas&#8230; fue el elemento de difusi\u00f3n de esta vanguardia. Es un movimiento que persegu\u00eda la purificaci\u00f3n del arte y el dise\u00f1o, en el que Theo Vandesburg y Mondrian tienen mucha importancia. Desechaban el uso de los temas y los objetos en sus obras y dise\u00f1os. <strong>Se limitaban a usar colores y formas muy b\u00e1sicas<\/strong>. Lo que pretendieron era generar un lenguaje art\u00edstico universal a trav\u00e9s de un estilo simple, geom\u00e9trico y moderno. Surge en un momento de tremendo conflicto, un periodo de entreguerras, es decir, ten\u00edan la mentalidad de dise\u00f1ar para un nuevo mundo de posguerra.<\/p>\n\n\n\n<div class=\"wp-block-columns is-layout-flex wp-container-core-columns-is-layout-9d6595d7 wp-block-columns-is-layout-flex\">\n<div class=\"wp-block-column is-vertically-aligned-center is-layout-flow wp-block-column-is-layout-flow\"><div class=\"wp-block-image\">\n<figure class=\"aligncenter size-full is-resized\"><img loading=\"lazy\" decoding=\"async\" width=\"500\" height=\"667\" src=\"https:\/\/carontestudio.com\/blog\/wp-content\/uploads\/2025\/04\/neo-bauhaus-caronte.jpg\" alt=\"Cartel de la Bauhaus del neoplasticismo\" class=\"wp-image-23202\" style=\"width:244px;height:auto\" srcset=\"https:\/\/carontestudio.com\/blog\/wp-content\/uploads\/2025\/04\/neo-bauhaus-caronte.jpg 500w, https:\/\/carontestudio.com\/blog\/wp-content\/uploads\/2025\/04\/neo-bauhaus-caronte-225x300.jpg 225w\" sizes=\"auto, (max-width: 500px) 100vw, 500px\" \/><\/figure>\n<\/div><\/div>\n\n\n\n<div class=\"wp-block-column is-vertically-aligned-center is-layout-flow wp-block-column-is-layout-flow\"><div class=\"wp-block-image\">\n<figure class=\"aligncenter size-full\"><img loading=\"lazy\" decoding=\"async\" width=\"201\" height=\"298\" src=\"https:\/\/carontestudio.com\/blog\/wp-content\/uploads\/2025\/04\/neo-cartel-caronte.webp\" alt=\"Cartel de una exposici\u00f3n del neoplasticismo\" class=\"wp-image-23210\" \/><\/figure>\n<\/div><\/div>\n\n\n\n<div class=\"wp-block-column is-vertically-aligned-center is-layout-flow wp-block-column-is-layout-flow\"><div class=\"wp-block-image\">\n<figure class=\"aligncenter size-full is-resized\"><img loading=\"lazy\" decoding=\"async\" width=\"430\" height=\"570\" src=\"https:\/\/carontestudio.com\/blog\/wp-content\/uploads\/2025\/04\/neo-exlibris-caronte.jpg\" alt=\"Ex libris del neoplasticismo\" class=\"wp-image-23201\" style=\"width:229px;height:auto\" srcset=\"https:\/\/carontestudio.com\/blog\/wp-content\/uploads\/2025\/04\/neo-exlibris-caronte.jpg 430w, https:\/\/carontestudio.com\/blog\/wp-content\/uploads\/2025\/04\/neo-exlibris-caronte-226x300.jpg 226w\" sizes=\"auto, (max-width: 430px) 100vw, 430px\" \/><\/figure>\n<\/div><\/div>\n<\/div>\n\n\n\n<h2 class=\"wp-block-heading\">Constructivismo<\/h2>\n\n\n\n<p>Esta vanguardia no surge de una manera espont\u00e1nea, ya que fechas anteriores a esta, los artistas rusos hab\u00edan tenido contactos con otras vanguardias como el futurismo, porque Marinetti dio unas charlas. <strong>No ve\u00edan bien el crear porque s\u00ed y persegu\u00edan una funci\u00f3n pr\u00e1ctica en toda parte creativa<\/strong>. Surge en un periodo de entreguerras y por ello, va a estar ligado a un nuevo orden pol\u00edtico y social, donde el mensaje va a tener una gran carga pol\u00edtica y social. El mensaje va a ser muy importante y la funci\u00f3n de lo que se dise\u00f1a tambi\u00e9n. Tambi\u00e9n contaron con su manifesto, donde se asientan las bases en lo te\u00f3rico. Se va a generar arte no objetivo, vinculado a lo matem\u00e1tico y geom\u00e9trico.<\/p>\n\n\n\n<div class=\"wp-block-columns is-layout-flex wp-container-core-columns-is-layout-9d6595d7 wp-block-columns-is-layout-flex\">\n<div class=\"wp-block-column is-vertically-aligned-center is-layout-flow wp-block-column-is-layout-flow\">\n<figure class=\"wp-block-image size-full\"><img loading=\"lazy\" decoding=\"async\" width=\"600\" height=\"458\" src=\"https:\/\/carontestudio.com\/blog\/wp-content\/uploads\/2025\/04\/constructivismo-dobrolet.jpg\" alt=\"Cartel de aviaci\u00f3n Dobrolet del constructivismo\" class=\"wp-image-23209\" srcset=\"https:\/\/carontestudio.com\/blog\/wp-content\/uploads\/2025\/04\/constructivismo-dobrolet.jpg 600w, https:\/\/carontestudio.com\/blog\/wp-content\/uploads\/2025\/04\/constructivismo-dobrolet-300x229.jpg 300w\" sizes=\"auto, (max-width: 600px) 100vw, 600px\" \/><\/figure>\n<\/div>\n\n\n\n<div class=\"wp-block-column is-vertically-aligned-center is-layout-flow wp-block-column-is-layout-flow\"><div class=\"wp-block-image\">\n<figure class=\"aligncenter size-full is-resized\"><img loading=\"lazy\" decoding=\"async\" width=\"500\" height=\"745\" src=\"https:\/\/carontestudio.com\/blog\/wp-content\/uploads\/2025\/04\/constructivismo-maiakovsky.jpg\" alt=\"Portada del libro Maiakovsky del constructivismo\" class=\"wp-image-23200\" style=\"width:190px;height:auto\" srcset=\"https:\/\/carontestudio.com\/blog\/wp-content\/uploads\/2025\/04\/constructivismo-maiakovsky.jpg 500w, https:\/\/carontestudio.com\/blog\/wp-content\/uploads\/2025\/04\/constructivismo-maiakovsky-201x300.jpg 201w\" sizes=\"auto, (max-width: 500px) 100vw, 500px\" \/><\/figure>\n<\/div><\/div>\n\n\n\n<div class=\"wp-block-column is-vertically-aligned-center is-layout-flow wp-block-column-is-layout-flow\">\n<figure class=\"wp-block-image size-full\"><img loading=\"lazy\" decoding=\"async\" width=\"183\" height=\"275\" src=\"https:\/\/carontestudio.com\/blog\/wp-content\/uploads\/2025\/04\/constructivismo-cartel-caronte.jpeg\" alt=\"Cartel Pagaremos la deuda del carb\u00f3n del constructivismo\" class=\"wp-image-23211\" \/><\/figure>\n<\/div>\n<\/div>\n\n\n\n<h2 class=\"wp-block-heading\">Conclusi\u00f3n<\/h2>\n\n\n\n<p>Las vanguardias son una gran parte de la historia que han influido en muchos \u00e1mbitos y el dise\u00f1o no se qued\u00f3 atr\u00e1s. <strong>La influencia de estas es claramente visible en la publicidad del momento<\/strong> y podemos ver los cambios y la evoluci\u00f3n que ha tenido gracias a ellas.<\/p>\n\n\n\n<p>Espero que este art\u00edculo te haya servido para <strong>aprender m\u00e1s sobre el <a href=\"https:\/\/carontestudio.com\/diseno-creatividad\/\">dise\u00f1o<\/a><\/strong> y nos vemos en la siguiente etapa de la historia del dise\u00f1o \u00a1Hasta la pr\u00f3xima!<\/p>\n","protected":false},"excerpt":{"rendered":"<p>Descubre la influencia que tuvieron las vanguardias en la historia del dise\u00f1o gr\u00e1fico y la evoluci\u00f3n que se dio gracias a ellas.<\/p>\n","protected":false},"author":23,"featured_media":23224,"comment_status":"open","ping_status":"closed","sticky":false,"template":"","format":"standard","meta":{"_acf_changed":false,"footnotes":""},"categories":[53],"tags":[],"class_list":["post-22458","post","type-post","status-publish","format-standard","has-post-thumbnail","hentry","category-diseno-grafico"],"acf":[],"yoast_head":"<!-- This site is optimized with the Yoast SEO plugin v27.3 - https:\/\/yoast.com\/product\/yoast-seo-wordpress\/ -->\n<title>Historia del dise\u00f1o gr\u00e1fico: Las vanguardias - Blog de maketing | Caronte<\/title>\n<meta name=\"description\" content=\"Descubre la influencia que tuvieron las vanguardias como el futurismo, cubismo, neoplasticismo y constructivismo en la historia del dise\u00f1o\" \/>\n<meta name=\"robots\" content=\"index, follow, max-snippet:-1, max-image-preview:large, max-video-preview:-1\" \/>\n<link rel=\"canonical\" href=\"https:\/\/carontestudio.com\/blog\/historia-del-diseno-las-vanguardias\/\" \/>\n<meta property=\"og:locale\" content=\"es_ES\" \/>\n<meta property=\"og:type\" content=\"article\" \/>\n<meta property=\"og:title\" content=\"Historia del dise\u00f1o gr\u00e1fico: Las vanguardias - Blog de maketing | Caronte\" \/>\n<meta property=\"og:description\" content=\"Descubre la influencia que tuvieron las vanguardias como el futurismo, cubismo, neoplasticismo y constructivismo en la historia del dise\u00f1o\" \/>\n<meta property=\"og:url\" content=\"https:\/\/carontestudio.com\/blog\/historia-del-diseno-las-vanguardias\/\" \/>\n<meta property=\"og:site_name\" content=\"Blog de maketing | Caronte\" \/>\n<meta property=\"article:publisher\" content=\"https:\/\/www.facebook.com\/carontewebstudio\/\" \/>\n<meta property=\"article:published_time\" content=\"2025-06-26T11:30:00+00:00\" \/>\n<meta property=\"article:modified_time\" content=\"2025-07-15T13:22:09+00:00\" \/>\n<meta property=\"og:image\" content=\"https:\/\/carontestudio.com\/blog\/wp-content\/uploads\/2025\/06\/caronte-historia-diseno-vanguardias-1.jpg\" \/>\n\t<meta property=\"og:image:width\" content=\"1250\" \/>\n\t<meta property=\"og:image:height\" content=\"737\" \/>\n\t<meta property=\"og:image:type\" content=\"image\/jpeg\" \/>\n<meta name=\"author\" content=\"Janire Fandi\u00f1o\" \/>\n<meta name=\"twitter:card\" content=\"summary_large_image\" \/>\n<meta name=\"twitter:label1\" content=\"Escrito por\" \/>\n\t<meta name=\"twitter:data1\" content=\"Janire Fandi\u00f1o\" \/>\n\t<meta name=\"twitter:label2\" content=\"Tiempo de lectura\" \/>\n\t<meta name=\"twitter:data2\" content=\"7 minutos\" \/>\n<script type=\"application\/ld+json\" class=\"yoast-schema-graph\">{\"@context\":\"https:\\\/\\\/schema.org\",\"@graph\":[{\"@type\":\"Article\",\"@id\":\"https:\\\/\\\/carontestudio.com\\\/blog\\\/historia-del-diseno-las-vanguardias\\\/#article\",\"isPartOf\":{\"@id\":\"https:\\\/\\\/carontestudio.com\\\/blog\\\/historia-del-diseno-las-vanguardias\\\/\"},\"author\":{\"name\":\"Janire Fandi\u00f1o\",\"@id\":\"https:\\\/\\\/carontestudio.com\\\/blog\\\/#\\\/schema\\\/person\\\/6cc4268194c3eba8cb7b4d1624554af1\"},\"headline\":\"Historia del dise\u00f1o gr\u00e1fico: Las vanguardias\",\"datePublished\":\"2025-06-26T11:30:00+00:00\",\"dateModified\":\"2025-07-15T13:22:09+00:00\",\"mainEntityOfPage\":{\"@id\":\"https:\\\/\\\/carontestudio.com\\\/blog\\\/historia-del-diseno-las-vanguardias\\\/\"},\"wordCount\":915,\"commentCount\":0,\"publisher\":{\"@id\":\"https:\\\/\\\/carontestudio.com\\\/blog\\\/#organization\"},\"image\":{\"@id\":\"https:\\\/\\\/carontestudio.com\\\/blog\\\/historia-del-diseno-las-vanguardias\\\/#primaryimage\"},\"thumbnailUrl\":\"https:\\\/\\\/carontestudio.com\\\/blog\\\/wp-content\\\/uploads\\\/2025\\\/06\\\/caronte-historia-diseno-vanguardias-1.jpg\",\"articleSection\":[\"Dise\u00f1o gr\u00e1fico\"],\"inLanguage\":\"es\",\"potentialAction\":[{\"@type\":\"CommentAction\",\"name\":\"Comment\",\"target\":[\"https:\\\/\\\/carontestudio.com\\\/blog\\\/historia-del-diseno-las-vanguardias\\\/#respond\"]}]},{\"@type\":\"WebPage\",\"@id\":\"https:\\\/\\\/carontestudio.com\\\/blog\\\/historia-del-diseno-las-vanguardias\\\/\",\"url\":\"https:\\\/\\\/carontestudio.com\\\/blog\\\/historia-del-diseno-las-vanguardias\\\/\",\"name\":\"Historia del dise\u00f1o gr\u00e1fico: Las vanguardias - Blog de maketing | Caronte\",\"isPartOf\":{\"@id\":\"https:\\\/\\\/carontestudio.com\\\/blog\\\/#website\"},\"primaryImageOfPage\":{\"@id\":\"https:\\\/\\\/carontestudio.com\\\/blog\\\/historia-del-diseno-las-vanguardias\\\/#primaryimage\"},\"image\":{\"@id\":\"https:\\\/\\\/carontestudio.com\\\/blog\\\/historia-del-diseno-las-vanguardias\\\/#primaryimage\"},\"thumbnailUrl\":\"https:\\\/\\\/carontestudio.com\\\/blog\\\/wp-content\\\/uploads\\\/2025\\\/06\\\/caronte-historia-diseno-vanguardias-1.jpg\",\"datePublished\":\"2025-06-26T11:30:00+00:00\",\"dateModified\":\"2025-07-15T13:22:09+00:00\",\"description\":\"Descubre la influencia que tuvieron las vanguardias como el futurismo, cubismo, neoplasticismo y constructivismo en la historia del dise\u00f1o\",\"breadcrumb\":{\"@id\":\"https:\\\/\\\/carontestudio.com\\\/blog\\\/historia-del-diseno-las-vanguardias\\\/#breadcrumb\"},\"inLanguage\":\"es\",\"potentialAction\":[{\"@type\":\"ReadAction\",\"target\":[\"https:\\\/\\\/carontestudio.com\\\/blog\\\/historia-del-diseno-las-vanguardias\\\/\"]}]},{\"@type\":\"ImageObject\",\"inLanguage\":\"es\",\"@id\":\"https:\\\/\\\/carontestudio.com\\\/blog\\\/historia-del-diseno-las-vanguardias\\\/#primaryimage\",\"url\":\"https:\\\/\\\/carontestudio.com\\\/blog\\\/wp-content\\\/uploads\\\/2025\\\/06\\\/caronte-historia-diseno-vanguardias-1.jpg\",\"contentUrl\":\"https:\\\/\\\/carontestudio.com\\\/blog\\\/wp-content\\\/uploads\\\/2025\\\/06\\\/caronte-historia-diseno-vanguardias-1.jpg\",\"width\":1250,\"height\":737},{\"@type\":\"BreadcrumbList\",\"@id\":\"https:\\\/\\\/carontestudio.com\\\/blog\\\/historia-del-diseno-las-vanguardias\\\/#breadcrumb\",\"itemListElement\":[{\"@type\":\"ListItem\",\"position\":1,\"name\":\"Portada\",\"item\":\"https:\\\/\\\/carontestudio.com\\\/blog\\\/\"},{\"@type\":\"ListItem\",\"position\":2,\"name\":\"Historia del dise\u00f1o gr\u00e1fico: Las vanguardias\"}]},{\"@type\":\"WebSite\",\"@id\":\"https:\\\/\\\/carontestudio.com\\\/blog\\\/#website\",\"url\":\"https:\\\/\\\/carontestudio.com\\\/blog\\\/\",\"name\":\"Blog de marketing | Caronte\",\"description\":\"En nuestro blog encontrar\u00e1s art\u00edculos semanales sobre SEO, marketing online, programaci\u00f3n web y mucho m\u00e1s.\",\"publisher\":{\"@id\":\"https:\\\/\\\/carontestudio.com\\\/blog\\\/#organization\"},\"potentialAction\":[{\"@type\":\"SearchAction\",\"target\":{\"@type\":\"EntryPoint\",\"urlTemplate\":\"https:\\\/\\\/carontestudio.com\\\/blog\\\/?s={search_term_string}\"},\"query-input\":{\"@type\":\"PropertyValueSpecification\",\"valueRequired\":true,\"valueName\":\"search_term_string\"}}],\"inLanguage\":\"es\"},{\"@type\":\"Organization\",\"@id\":\"https:\\\/\\\/carontestudio.com\\\/blog\\\/#organization\",\"name\":\"Caronte - Agencia de marketing\",\"url\":\"https:\\\/\\\/carontestudio.com\\\/blog\\\/\",\"logo\":{\"@type\":\"ImageObject\",\"inLanguage\":\"es\",\"@id\":\"https:\\\/\\\/carontestudio.com\\\/blog\\\/#\\\/schema\\\/logo\\\/image\\\/\",\"url\":\"https:\\\/\\\/carontestudio.com\\\/blog\\\/wp-content\\\/uploads\\\/2025\\\/06\\\/caronte-agencia-de-marketing-logo.png\",\"contentUrl\":\"https:\\\/\\\/carontestudio.com\\\/blog\\\/wp-content\\\/uploads\\\/2025\\\/06\\\/caronte-agencia-de-marketing-logo.png\",\"width\":1090,\"height\":155,\"caption\":\"Caronte - Agencia de marketing\"},\"image\":{\"@id\":\"https:\\\/\\\/carontestudio.com\\\/blog\\\/#\\\/schema\\\/logo\\\/image\\\/\"},\"sameAs\":[\"https:\\\/\\\/www.facebook.com\\\/carontewebstudio\\\/\",\"https:\\\/\\\/www.instagram.com\\\/caronte_studio\\\/\",\"https:\\\/\\\/www.tiktok.com\\\/@carontewebstudio\",\"https:\\\/\\\/www.youtube.com\\\/@carontewebstudio\",\"https:\\\/\\\/es.linkedin.com\\\/company\\\/carontewebstudio\"]},{\"@type\":\"Person\",\"@id\":\"https:\\\/\\\/carontestudio.com\\\/blog\\\/#\\\/schema\\\/person\\\/6cc4268194c3eba8cb7b4d1624554af1\",\"name\":\"Janire Fandi\u00f1o\",\"image\":{\"@type\":\"ImageObject\",\"inLanguage\":\"es\",\"@id\":\"https:\\\/\\\/secure.gravatar.com\\\/avatar\\\/0b9c282f7ca74dada53bb470dbeaee68be5adb69aa6b23790d00882631518b36?s=96&d=mm&r=g\",\"url\":\"https:\\\/\\\/secure.gravatar.com\\\/avatar\\\/0b9c282f7ca74dada53bb470dbeaee68be5adb69aa6b23790d00882631518b36?s=96&d=mm&r=g\",\"contentUrl\":\"https:\\\/\\\/secure.gravatar.com\\\/avatar\\\/0b9c282f7ca74dada53bb470dbeaee68be5adb69aa6b23790d00882631518b36?s=96&d=mm&r=g\",\"caption\":\"Janire Fandi\u00f1o\"},\"description\":\"Hola, soy Janire Fandi\u00f1o. He estudiado el grado de Creaci\u00f3n y Dise\u00f1o en la Universidad del Pa\u00eds Vasco (EHU) y tambi\u00e9n cuento con un grado superior en Dise\u00f1o y Edici\u00f3n de Publicaciones Impresas y Multimedia. Actualmente, formo parte del equipo de dise\u00f1o gr\u00e1fico de Caronte, donde me dedico a desarrollar proyectos de dise\u00f1o y edici\u00f3n de video. Por ello, los art\u00edculos que encontrar\u00e1s escritos por m\u00ed estar\u00e1n centrados en temas relacionados con el dise\u00f1o gr\u00e1fico, la impresi\u00f3n y la edici\u00f3n audiovisual.\",\"url\":\"https:\\\/\\\/carontestudio.com\\\/blog\\\/author\\\/janire\\\/\"}]}<\/script>\n<!-- \/ Yoast SEO plugin. -->","yoast_head_json":{"title":"Historia del dise\u00f1o gr\u00e1fico: Las vanguardias - Blog de maketing | Caronte","description":"Descubre la influencia que tuvieron las vanguardias como el futurismo, cubismo, neoplasticismo y constructivismo en la historia del dise\u00f1o","robots":{"index":"index","follow":"follow","max-snippet":"max-snippet:-1","max-image-preview":"max-image-preview:large","max-video-preview":"max-video-preview:-1"},"canonical":"https:\/\/carontestudio.com\/blog\/historia-del-diseno-las-vanguardias\/","og_locale":"es_ES","og_type":"article","og_title":"Historia del dise\u00f1o gr\u00e1fico: Las vanguardias - Blog de maketing | Caronte","og_description":"Descubre la influencia que tuvieron las vanguardias como el futurismo, cubismo, neoplasticismo y constructivismo en la historia del dise\u00f1o","og_url":"https:\/\/carontestudio.com\/blog\/historia-del-diseno-las-vanguardias\/","og_site_name":"Blog de maketing | Caronte","article_publisher":"https:\/\/www.facebook.com\/carontewebstudio\/","article_published_time":"2025-06-26T11:30:00+00:00","article_modified_time":"2025-07-15T13:22:09+00:00","og_image":[{"width":1250,"height":737,"url":"https:\/\/carontestudio.com\/blog\/wp-content\/uploads\/2025\/06\/caronte-historia-diseno-vanguardias-1.jpg","type":"image\/jpeg"}],"author":"Janire Fandi\u00f1o","twitter_card":"summary_large_image","twitter_misc":{"Escrito por":"Janire Fandi\u00f1o","Tiempo de lectura":"7 minutos"},"schema":{"@context":"https:\/\/schema.org","@graph":[{"@type":"Article","@id":"https:\/\/carontestudio.com\/blog\/historia-del-diseno-las-vanguardias\/#article","isPartOf":{"@id":"https:\/\/carontestudio.com\/blog\/historia-del-diseno-las-vanguardias\/"},"author":{"name":"Janire Fandi\u00f1o","@id":"https:\/\/carontestudio.com\/blog\/#\/schema\/person\/6cc4268194c3eba8cb7b4d1624554af1"},"headline":"Historia del dise\u00f1o gr\u00e1fico: Las vanguardias","datePublished":"2025-06-26T11:30:00+00:00","dateModified":"2025-07-15T13:22:09+00:00","mainEntityOfPage":{"@id":"https:\/\/carontestudio.com\/blog\/historia-del-diseno-las-vanguardias\/"},"wordCount":915,"commentCount":0,"publisher":{"@id":"https:\/\/carontestudio.com\/blog\/#organization"},"image":{"@id":"https:\/\/carontestudio.com\/blog\/historia-del-diseno-las-vanguardias\/#primaryimage"},"thumbnailUrl":"https:\/\/carontestudio.com\/blog\/wp-content\/uploads\/2025\/06\/caronte-historia-diseno-vanguardias-1.jpg","articleSection":["Dise\u00f1o gr\u00e1fico"],"inLanguage":"es","potentialAction":[{"@type":"CommentAction","name":"Comment","target":["https:\/\/carontestudio.com\/blog\/historia-del-diseno-las-vanguardias\/#respond"]}]},{"@type":"WebPage","@id":"https:\/\/carontestudio.com\/blog\/historia-del-diseno-las-vanguardias\/","url":"https:\/\/carontestudio.com\/blog\/historia-del-diseno-las-vanguardias\/","name":"Historia del dise\u00f1o gr\u00e1fico: Las vanguardias - Blog de maketing | Caronte","isPartOf":{"@id":"https:\/\/carontestudio.com\/blog\/#website"},"primaryImageOfPage":{"@id":"https:\/\/carontestudio.com\/blog\/historia-del-diseno-las-vanguardias\/#primaryimage"},"image":{"@id":"https:\/\/carontestudio.com\/blog\/historia-del-diseno-las-vanguardias\/#primaryimage"},"thumbnailUrl":"https:\/\/carontestudio.com\/blog\/wp-content\/uploads\/2025\/06\/caronte-historia-diseno-vanguardias-1.jpg","datePublished":"2025-06-26T11:30:00+00:00","dateModified":"2025-07-15T13:22:09+00:00","description":"Descubre la influencia que tuvieron las vanguardias como el futurismo, cubismo, neoplasticismo y constructivismo en la historia del dise\u00f1o","breadcrumb":{"@id":"https:\/\/carontestudio.com\/blog\/historia-del-diseno-las-vanguardias\/#breadcrumb"},"inLanguage":"es","potentialAction":[{"@type":"ReadAction","target":["https:\/\/carontestudio.com\/blog\/historia-del-diseno-las-vanguardias\/"]}]},{"@type":"ImageObject","inLanguage":"es","@id":"https:\/\/carontestudio.com\/blog\/historia-del-diseno-las-vanguardias\/#primaryimage","url":"https:\/\/carontestudio.com\/blog\/wp-content\/uploads\/2025\/06\/caronte-historia-diseno-vanguardias-1.jpg","contentUrl":"https:\/\/carontestudio.com\/blog\/wp-content\/uploads\/2025\/06\/caronte-historia-diseno-vanguardias-1.jpg","width":1250,"height":737},{"@type":"BreadcrumbList","@id":"https:\/\/carontestudio.com\/blog\/historia-del-diseno-las-vanguardias\/#breadcrumb","itemListElement":[{"@type":"ListItem","position":1,"name":"Portada","item":"https:\/\/carontestudio.com\/blog\/"},{"@type":"ListItem","position":2,"name":"Historia del dise\u00f1o gr\u00e1fico: Las vanguardias"}]},{"@type":"WebSite","@id":"https:\/\/carontestudio.com\/blog\/#website","url":"https:\/\/carontestudio.com\/blog\/","name":"Blog de marketing | Caronte","description":"En nuestro blog encontrar\u00e1s art\u00edculos semanales sobre SEO, marketing online, programaci\u00f3n web y mucho m\u00e1s.","publisher":{"@id":"https:\/\/carontestudio.com\/blog\/#organization"},"potentialAction":[{"@type":"SearchAction","target":{"@type":"EntryPoint","urlTemplate":"https:\/\/carontestudio.com\/blog\/?s={search_term_string}"},"query-input":{"@type":"PropertyValueSpecification","valueRequired":true,"valueName":"search_term_string"}}],"inLanguage":"es"},{"@type":"Organization","@id":"https:\/\/carontestudio.com\/blog\/#organization","name":"Caronte - Agencia de marketing","url":"https:\/\/carontestudio.com\/blog\/","logo":{"@type":"ImageObject","inLanguage":"es","@id":"https:\/\/carontestudio.com\/blog\/#\/schema\/logo\/image\/","url":"https:\/\/carontestudio.com\/blog\/wp-content\/uploads\/2025\/06\/caronte-agencia-de-marketing-logo.png","contentUrl":"https:\/\/carontestudio.com\/blog\/wp-content\/uploads\/2025\/06\/caronte-agencia-de-marketing-logo.png","width":1090,"height":155,"caption":"Caronte - Agencia de marketing"},"image":{"@id":"https:\/\/carontestudio.com\/blog\/#\/schema\/logo\/image\/"},"sameAs":["https:\/\/www.facebook.com\/carontewebstudio\/","https:\/\/www.instagram.com\/caronte_studio\/","https:\/\/www.tiktok.com\/@carontewebstudio","https:\/\/www.youtube.com\/@carontewebstudio","https:\/\/es.linkedin.com\/company\/carontewebstudio"]},{"@type":"Person","@id":"https:\/\/carontestudio.com\/blog\/#\/schema\/person\/6cc4268194c3eba8cb7b4d1624554af1","name":"Janire Fandi\u00f1o","image":{"@type":"ImageObject","inLanguage":"es","@id":"https:\/\/secure.gravatar.com\/avatar\/0b9c282f7ca74dada53bb470dbeaee68be5adb69aa6b23790d00882631518b36?s=96&d=mm&r=g","url":"https:\/\/secure.gravatar.com\/avatar\/0b9c282f7ca74dada53bb470dbeaee68be5adb69aa6b23790d00882631518b36?s=96&d=mm&r=g","contentUrl":"https:\/\/secure.gravatar.com\/avatar\/0b9c282f7ca74dada53bb470dbeaee68be5adb69aa6b23790d00882631518b36?s=96&d=mm&r=g","caption":"Janire Fandi\u00f1o"},"description":"Hola, soy Janire Fandi\u00f1o. He estudiado el grado de Creaci\u00f3n y Dise\u00f1o en la Universidad del Pa\u00eds Vasco (EHU) y tambi\u00e9n cuento con un grado superior en Dise\u00f1o y Edici\u00f3n de Publicaciones Impresas y Multimedia. Actualmente, formo parte del equipo de dise\u00f1o gr\u00e1fico de Caronte, donde me dedico a desarrollar proyectos de dise\u00f1o y edici\u00f3n de video. Por ello, los art\u00edculos que encontrar\u00e1s escritos por m\u00ed estar\u00e1n centrados en temas relacionados con el dise\u00f1o gr\u00e1fico, la impresi\u00f3n y la edici\u00f3n audiovisual.","url":"https:\/\/carontestudio.com\/blog\/author\/janire\/"}]}},"_links":{"self":[{"href":"https:\/\/carontestudio.com\/blog\/wp-json\/wp\/v2\/posts\/22458","targetHints":{"allow":["GET"]}}],"collection":[{"href":"https:\/\/carontestudio.com\/blog\/wp-json\/wp\/v2\/posts"}],"about":[{"href":"https:\/\/carontestudio.com\/blog\/wp-json\/wp\/v2\/types\/post"}],"author":[{"embeddable":true,"href":"https:\/\/carontestudio.com\/blog\/wp-json\/wp\/v2\/users\/23"}],"replies":[{"embeddable":true,"href":"https:\/\/carontestudio.com\/blog\/wp-json\/wp\/v2\/comments?post=22458"}],"version-history":[{"count":13,"href":"https:\/\/carontestudio.com\/blog\/wp-json\/wp\/v2\/posts\/22458\/revisions"}],"predecessor-version":[{"id":24020,"href":"https:\/\/carontestudio.com\/blog\/wp-json\/wp\/v2\/posts\/22458\/revisions\/24020"}],"wp:featuredmedia":[{"embeddable":true,"href":"https:\/\/carontestudio.com\/blog\/wp-json\/wp\/v2\/media\/23224"}],"wp:attachment":[{"href":"https:\/\/carontestudio.com\/blog\/wp-json\/wp\/v2\/media?parent=22458"}],"wp:term":[{"taxonomy":"category","embeddable":true,"href":"https:\/\/carontestudio.com\/blog\/wp-json\/wp\/v2\/categories?post=22458"},{"taxonomy":"post_tag","embeddable":true,"href":"https:\/\/carontestudio.com\/blog\/wp-json\/wp\/v2\/tags?post=22458"}],"curies":[{"name":"wp","href":"https:\/\/api.w.org\/{rel}","templated":true}]}}