{"id":22164,"date":"2025-01-21T13:00:00","date_gmt":"2025-01-21T12:00:00","guid":{"rendered":"https:\/\/carontestudio.com\/blog\/?p=22164"},"modified":"2025-10-23T10:13:11","modified_gmt":"2025-10-23T08:13:11","slug":"nuevo-grid-de-instagram-decimos-adios-al-feed-cuadrado-y-hola-al-vertical","status":"publish","type":"post","link":"https:\/\/carontestudio.com\/blog\/nuevo-grid-de-instagram-decimos-adios-al-feed-cuadrado-y-hola-al-vertical\/","title":{"rendered":"Nuevo grid de Instagram: Decimos adi\u00f3s al feed cuadrado y hola al vertical"},"content":{"rendered":"\n<p>Desde el pasado s\u00e1bado, muchos usuarios de <strong>Instagram<\/strong> han notado un <strong>cambio importante<\/strong>, algo que el propio <strong>CEO de la plataforma,<\/strong> <strong>Adam Mosseri<\/strong>, ya nos hab\u00eda anticipado hace unos meses. Y es que, con la nueva <strong>versi\u00f3n 364.0.0<\/strong>, <strong>Instagram <\/strong>ha dicho <strong>adi\u00f3s al grid cuadrado<\/strong> y ha dado un paso hacia adelante incorporando un <strong>feed vertical <\/strong>que transforma por completo la forma de ver y compartir contenido.<\/p>\n\n\n\n<p>Esta actualizaci\u00f3n cambia radicalmente la experiencia del usuario y redefine c\u00f3mo los negocios pueden aprovechar el poder visual de la plataforma, abriendo nuevas oportunidades para captar la atenci\u00f3n de su audiencia y fortalecer su presencia online.<\/p>\n\n\n\n<p>Si quieres aprender a sacar el m\u00e1ximo provecho del <strong>feed vertical de Instagram<\/strong>, est\u00e1s en el lugar indicado. En este art\u00edculo, te explicamos todo lo que necesitas saber para aprovechar al m\u00e1ximo esta <strong>nueva funci\u00f3n <\/strong>que va a revolucionar por completo la plataforma.<\/p>\n\n\n\n<p>\u00bfTe interesa? \u00a1Sigue leyendo y te lo contamos!<\/p>\n\n\n\n<h2 class=\"wp-block-heading\">\ud83d\udc40 \u00bfPor qu\u00e9 hay un nuevo feed de Instagram?<\/h2>\n\n\n\n<p>El porqu\u00e9 de este cambio es muy simple: <strong>nuestras pantallas de m\u00f3vil son verticales, y consumir contenido en este formato se ha vuelto lo m\u00e1s natural<\/strong>. Ya estamos acostumbrados a ver v\u00eddeos, fotos y publicaciones en vertical, as\u00ed que ten\u00eda todo el sentido del mundo que Instagram adaptara su feed a esa tendencia.<\/p>\n\n\n\n<div class=\"wp-block-columns is-layout-flex wp-container-core-columns-is-layout-9d6595d7 wp-block-columns-is-layout-flex\">\n<div class=\"wp-block-column is-vertically-aligned-top is-layout-flow wp-block-column-is-layout-flow\" style=\"flex-basis:66.66%\">\n<p>Las redes sociales, y en general todo el entorno digital, est\u00e1n en constante evoluci\u00f3n. Esto, que a primera vista puede parecer un desaf\u00edo, en realidad es una progresi\u00f3n natural. Las plataformas se adaptan continuamente a las nuevas formas en las que los usuarios consumen y generan contenido, y esto tiene un objetivo muy claro y sencillo: mantener la atenci\u00f3n de los usuarios y seguir ganando adeptos.<\/p>\n\n\n\n<p>Y en esta din\u00e1mica, Instagram, obviamente, no es una excepci\u00f3n. Pero tampoco es algo que no nos pudi\u00e9semos ver venir.<\/p>\n\n\n\n<hr class=\"wp-block-separator has-alpha-channel-opacity\"\/>\n\n\n\n<blockquote class=\"wp-block-quote has-text-align-right is-layout-flow wp-block-quote-is-layout-flow\">\n<p class=\"has-text-align-center\">La gran mayor\u00eda de lo que se sube a Instagram hoy en d\u00eda es vertical. Los cuadrados son de hace mucho tiempo.<\/p>\n<cite><strong>Adam Mosseri<\/strong>, <strong>CEO de Instagram<\/strong>.<\/cite><\/blockquote>\n\n\n\n<hr class=\"wp-block-separator has-alpha-channel-opacity\"\/>\n\n\n\n<p>Desde hace varios a\u00f1os, Instagram ha ido evolucionando para adaptarse a las necesidades y<strong> h\u00e1bitos de los usuarios. Empezaron con el feed cuadrado, pero, con el tiempo, integraron las historias en formato vertical<\/strong>, y, despu\u00e9s, tambi\u00e9n incluyeron <strong>en este mismo formato los reels<\/strong>. Ahora, con el<strong> nuevo grid vertical<\/strong>, la plataforma da un paso m\u00e1s a favor de la tendencia actual de consumo de contenido en dispositivos m\u00f3viles.<\/p>\n\n\n\n<p>El <strong>CEO de Instagram, <a href=\"https:\/\/www.instagram.com\/mosseri\/\" target=\"_blank\" rel=\"noreferrer noopener nofollow\">Adam Mosseri<\/a>,<\/strong> ha explicado claramente a trav\u00e9s de sus historias cu\u00e1l es el motivo detr\u00e1s de este cambio: \u00ab<em>Estamos probando una cuadr\u00edcula vertical para los perfiles en lugar de cuadrados. Los cuadrados son de hace mucho tiempo, cuando solo se pod\u00edan subir fotos cuadradas a Instagram. S\u00e9 que esto puede ser molesto para los que pas\u00e1is mucho tiempo cuadrando las fotos y asegurando de que todo queda alineado, pero la realidad es que queremos hacer lo mejor para el contenido de hoy en d\u00eda. La gran mayor\u00eda de lo que se sube a Instagram hoy en d\u00eda es vertical. Se suelen publicar o fotos de 4 por 3 o v\u00eddeos de 9 por 16, y reducirlo a un cuadrado es bastante &#8216;brutal&#8217;<\/em>\u00ab, explica Mosseri.<\/p>\n<\/div>\n\n\n\n<div class=\"wp-block-column is-vertically-aligned-stretch is-layout-flow wp-block-column-is-layout-flow\" style=\"flex-basis:33.33%\"><div class=\"wp-block-image\">\n<figure class=\"alignright size-large\"><img loading=\"lazy\" decoding=\"async\" width=\"576\" height=\"1024\" src=\"https:\/\/carontestudio.com\/blog\/wp-content\/uploads\/2025\/01\/nuevo_grid_de_Instagram-576x1024.png\" alt=\"Ejemplo de nuevo grid de Instagram.\" class=\"wp-image-22183\" srcset=\"https:\/\/carontestudio.com\/blog\/wp-content\/uploads\/2025\/01\/nuevo_grid_de_Instagram-576x1024.png 576w, https:\/\/carontestudio.com\/blog\/wp-content\/uploads\/2025\/01\/nuevo_grid_de_Instagram-169x300.png 169w, https:\/\/carontestudio.com\/blog\/wp-content\/uploads\/2025\/01\/nuevo_grid_de_Instagram-768x1365.png 768w, https:\/\/carontestudio.com\/blog\/wp-content\/uploads\/2025\/01\/nuevo_grid_de_Instagram-864x1536.png 864w, https:\/\/carontestudio.com\/blog\/wp-content\/uploads\/2025\/01\/nuevo_grid_de_Instagram.png 1080w\" sizes=\"auto, (max-width: 576px) 100vw, 576px\" \/><\/figure>\n<\/div><\/div>\n<\/div>\n\n\n\n<p>Con estas palabras, el CEO de Instagram nos deja claro que este cambio<strong> no es solo una cuesti\u00f3n est\u00e9tica<\/strong>, sino una respuesta a c\u00f3mo los usuarios est\u00e1n interactuando con el contenido en la propia plataforma. <\/p>\n\n\n\n<h2 class=\"wp-block-heading\">\ud83d\udcdd Feed vertical de Instagram: C\u00f3mo adaptarse a \u00e9l.<\/h2>\n\n\n\n<p>Con el nuevo feed vertical de Instagram, es hora de ajustar tu estrategia de contenido para sacarle el m\u00e1ximo provecho. Aqu\u00ed te dejamos algunos consejos pr\u00e1cticos para adaptarte a esta nueva funcionalidad:<\/p>\n\n\n\n<h3 class=\"wp-block-heading\">1\ufe0f\u20e3 Revisa tu contenido actual<\/h3>\n\n\n\n<p>El primer paso es analizar tu contenido actual. Si tienes publicaciones que fueron creadas para verse bien en formato cuadrado, quiz\u00e1s sea el momento de <strong>adaptarlas al nuevo feed vertical<\/strong>. Aprovecha esta ocasi\u00f3n tambi\u00e9n para hacer selecci\u00f3n:<strong> decide qu\u00e9 posts realmente aportan valor a tu estrategia<\/strong> y merecen seguir estando<strong> y cu\u00e1les es mejor dejar atr\u00e1s.<\/strong><\/p>\n\n\n\n<h3 class=\"wp-block-heading\">2\ufe0f\u20e3 Redise\u00f1a tus posts y ad\u00e1ptalos a los 4:5<\/h3>\n\n\n\n<p>La pesadilla de cualquier<strong> community manager<\/strong> es que las publicaciones se vean cortadas cuando se accede al perfil. As\u00ed que, para evitarle un infarto a nuestro <strong>equipo de redes sociales<\/strong>, aseg\u00farate de <strong>ajustar tus formatos al nuevo feed vertical de 4:5 (1080px x 1350px)<\/strong>. As\u00ed, todo se ver\u00e1 bien en el grid y no perder\u00e1s ni un solo detalle por el camino.<\/p>\n\n\n\n<h3 class=\"wp-block-heading\">3\ufe0f\u20e3 Usa el espacio de forma estrat\u00e9gica<\/h3>\n\n\n\n<p>Con el nuevo <strong>grid en vertical<\/strong>, ahora tus publicaciones tienen m\u00e1s espacio que antes. Puedes aprovechar esta ventaja para un mont\u00f3n de cosas:<\/p>\n\n\n\n<ul class=\"wp-block-list\">\n<li>Incluye m\u00e1s informaci\u00f3n relevante.<\/li>\n\n\n\n<li>A\u00f1ade detalles visuales que en el formato cuadrado no cab\u00edan.<\/li>\n\n\n\n<li>Incorpora m\u00e1s texto sin que se vea apretado.<\/li>\n\n\n\n<li>Crea composiciones m\u00e1s elaboradas y atractivas.<\/li>\n<\/ul>\n\n\n\n<p>Piensa en c\u00f3mo puedes usar cada publicaci\u00f3n para captar la atenci\u00f3n de forma m\u00e1s efectiva y aseg\u00farate de que todo lo importante se vea claramente en el primer vistazo.<\/p>\n\n\n\n<h2 class=\"wp-block-heading\">\u2753\u200b\u00bfQu\u00e9 otras novedades nos trae Instagram en 2025?<\/h2>\n\n\n\n<p>Despu\u00e9s del gran <strong>cambio en el feed vertical,<\/strong> dicen las malas lenguas, que hay m\u00e1s sorpresas por venir. Bueno, en realidad, cuando nos referimos a las malas lenguas, hablamos directamente de Instagram. Y es que la propia plataforma ya anunci\u00f3 el pasado mes de noviembre que iba a ir incluyendo actualizaciones de forma paulatina. Y parece el grid vertical ha sido solo la primera. <\/p>\n\n\n\n<p><strong>\ud83d\udc49<\/strong> <strong>Historias destacadas en transici\u00f3n<\/strong><br>Uno de los cambios m\u00e1s curiosos que Instagram ha anunciado es la reorganizaci\u00f3n de las historias destacadas. Parece que las historias dejar\u00e1n de estar justo debajo de la bio y tendr\u00e1n su propia pesta\u00f1a independiente, como los reels. Aunque todav\u00eda no est\u00e1 disponible, la idea con esto es hacer del perfil un lugar m\u00e1s limpio visualmente y mucho m\u00e1s f\u00e1cil de navegar.<\/p>\n\n\n\n<p>\ud83d\udc49 <strong>Reels de hasta 3 minutos<\/strong><br>Instagram quiere que los reels sean m\u00e1s largos y, pronto, podr\u00e1s grabar hasta tres minutos. Esto dar\u00e1 mucho m\u00e1s espacio para ser creativo y profundizar en ideas. Aunque a\u00fan no est\u00e1 disponible, las marcas podr\u00e1n usar este cambio para crear contenido m\u00e1s completo.<\/p>\n\n\n\n<p>\ud83d\udc49 <strong>Historias de 1 minuto sin cortes<\/strong><br>\u00bfTe imaginas poder grabar una historia de un minuto sin que se corte a la mitad? Pues estamos en camino. Y esta, sin duda, es la gran noticia para los creadores de contenido. Para las marcas, tambi\u00e9n es la oportunidad perfecta de compartir contenido m\u00e1s elaborado, como lanzamientos o mini tutoriales, y mantener al p\u00fablico enganchado durante m\u00e1s tiempo.<\/p>\n\n\n\n<p>\ud83d\udc49 <strong>Likes y comentarios mejor visualizados<\/strong><br>Instagram est\u00e1 preparando una actualizaci\u00f3n que har\u00e1 m\u00e1s f\u00e1cil ver los likes y comentarios de tus publicaciones. Esto se traducir\u00e1 en una mejor gesti\u00f3n del engagement, porque ser\u00e1 mucho m\u00e1s sencillo identificar qu\u00e9 contenido est\u00e1 teniendo m\u00e1s \u00e9xito. <\/p>\n\n\n\n<h2 class=\"wp-block-heading\">\ud83d\udcaf Instagram 2025: Nuevo grid \u00a1y mucho m\u00e1s!<\/h2>\n\n\n\n<p>El cambio al<strong> feed en formato vertical de Instagram<\/strong> es solo el primer paso de lo que est\u00e1 por venir. Aunque todav\u00eda no todas las novedades est\u00e1n disponibles, lo que est\u00e1 claro es que la plataforma est\u00e1 buscando adaptarse a las tendencias actuales de consumo de contenido en dispositivos m\u00f3viles. Y este es el momento ideal para revisar tu estrategia y comenzar a adaptar tus publicaciones al nuevo formato vertical.<\/p>\n\n\n\n<p>Si necesitas ayuda para sacar el m\u00e1ximo provecho a estos cambios, \u00a1<strong>cont\u00e1ctanos<\/strong>! Estamos listos para llevar tu <strong>presencia en Instagram<\/strong> al siguiente nivel.<\/p>\n\n\n\n<p>Nos vemos en el pr\u00f3ximo art\u00edculo.<\/p>\n","protected":false},"excerpt":{"rendered":"<p>Desde el pasado s\u00e1bado, muchos usuarios de Instagram han notado un cambio importante, algo que el propio CEO de la plataforma, Adam Mosseri, ya nos hab\u00eda anticipado hace unos meses. Y es que, con la nueva versi\u00f3n 364.0.0, Instagram ha dicho adi\u00f3s al grid cuadrado y ha dado un paso hacia adelante incorporando un feed [&hellip;]<\/p>\n","protected":false},"author":13,"featured_media":22208,"comment_status":"open","ping_status":"closed","sticky":false,"template":"","format":"standard","meta":{"_acf_changed":false,"footnotes":""},"categories":[75],"tags":[76],"class_list":["post-22164","post","type-post","status-publish","format-standard","has-post-thumbnail","hentry","category-redes-sociales","tag-instagram"],"acf":[],"yoast_head":"<!-- This site is optimized with the Yoast SEO plugin v27.3 - https:\/\/yoast.com\/product\/yoast-seo-wordpress\/ -->\n<title>Nuevo grid de Instagram: Adi\u00f3s al feed cuadrado y hola al vertical<\/title>\n<meta name=\"description\" content=\"Descubre todo sobre el nuevo grid vertical de Instagram, c\u00f3mo adaptarte a \u00e9l y todas las actualizaciones que est\u00e1n por venir.\" \/>\n<meta name=\"robots\" content=\"index, follow, max-snippet:-1, max-image-preview:large, max-video-preview:-1\" \/>\n<link rel=\"canonical\" href=\"https:\/\/carontestudio.com\/blog\/nuevo-grid-de-instagram-decimos-adios-al-feed-cuadrado-y-hola-al-vertical\/\" \/>\n<meta property=\"og:locale\" content=\"es_ES\" \/>\n<meta property=\"og:type\" content=\"article\" \/>\n<meta property=\"og:title\" content=\"Nuevo grid de Instagram: Adi\u00f3s al feed cuadrado y hola al vertical\" \/>\n<meta property=\"og:description\" content=\"Descubre todo sobre el nuevo grid vertical de Instagram, c\u00f3mo adaptarte a \u00e9l y todas las actualizaciones que est\u00e1n por venir.\" \/>\n<meta property=\"og:url\" content=\"https:\/\/carontestudio.com\/blog\/nuevo-grid-de-instagram-decimos-adios-al-feed-cuadrado-y-hola-al-vertical\/\" \/>\n<meta property=\"og:site_name\" content=\"Blog de maketing | Caronte\" \/>\n<meta property=\"article:publisher\" content=\"https:\/\/www.facebook.com\/carontewebstudio\/\" \/>\n<meta property=\"article:published_time\" content=\"2025-01-21T12:00:00+00:00\" \/>\n<meta property=\"article:modified_time\" content=\"2025-10-23T08:13:11+00:00\" \/>\n<meta property=\"og:image\" content=\"https:\/\/carontestudio.com\/blog\/wp-content\/uploads\/2025\/01\/nuevo-grid-de-instagram-decimos-adios-al-feed-cuadrado-y-hola-al-vertical.jpg\" \/>\n\t<meta property=\"og:image:width\" content=\"1250\" \/>\n\t<meta property=\"og:image:height\" content=\"737\" \/>\n\t<meta property=\"og:image:type\" content=\"image\/jpeg\" \/>\n<meta name=\"author\" content=\"Bea Temprano\" \/>\n<meta name=\"twitter:card\" content=\"summary_large_image\" \/>\n<meta name=\"twitter:label1\" content=\"Escrito por\" \/>\n\t<meta name=\"twitter:data1\" content=\"Bea Temprano\" \/>\n\t<meta name=\"twitter:label2\" content=\"Tiempo de lectura\" \/>\n\t<meta name=\"twitter:data2\" content=\"6 minutos\" \/>\n<script type=\"application\/ld+json\" class=\"yoast-schema-graph\">{\"@context\":\"https:\\\/\\\/schema.org\",\"@graph\":[{\"@type\":\"Article\",\"@id\":\"https:\\\/\\\/carontestudio.com\\\/blog\\\/nuevo-grid-de-instagram-decimos-adios-al-feed-cuadrado-y-hola-al-vertical\\\/#article\",\"isPartOf\":{\"@id\":\"https:\\\/\\\/carontestudio.com\\\/blog\\\/nuevo-grid-de-instagram-decimos-adios-al-feed-cuadrado-y-hola-al-vertical\\\/\"},\"author\":{\"name\":\"Bea Temprano\",\"@id\":\"https:\\\/\\\/carontestudio.com\\\/blog\\\/#\\\/schema\\\/person\\\/704a016f0f5d292f8be6c033ee314476\"},\"headline\":\"Nuevo grid de Instagram: Decimos adi\u00f3s al feed cuadrado y hola al vertical\",\"datePublished\":\"2025-01-21T12:00:00+00:00\",\"dateModified\":\"2025-10-23T08:13:11+00:00\",\"mainEntityOfPage\":{\"@id\":\"https:\\\/\\\/carontestudio.com\\\/blog\\\/nuevo-grid-de-instagram-decimos-adios-al-feed-cuadrado-y-hola-al-vertical\\\/\"},\"wordCount\":1327,\"commentCount\":0,\"publisher\":{\"@id\":\"https:\\\/\\\/carontestudio.com\\\/blog\\\/#organization\"},\"image\":{\"@id\":\"https:\\\/\\\/carontestudio.com\\\/blog\\\/nuevo-grid-de-instagram-decimos-adios-al-feed-cuadrado-y-hola-al-vertical\\\/#primaryimage\"},\"thumbnailUrl\":\"https:\\\/\\\/carontestudio.com\\\/blog\\\/wp-content\\\/uploads\\\/2025\\\/01\\\/nuevo-grid-de-instagram-decimos-adios-al-feed-cuadrado-y-hola-al-vertical.jpg\",\"keywords\":[\"Instagram\"],\"articleSection\":[\"Redes sociales\"],\"inLanguage\":\"es\",\"potentialAction\":[{\"@type\":\"CommentAction\",\"name\":\"Comment\",\"target\":[\"https:\\\/\\\/carontestudio.com\\\/blog\\\/nuevo-grid-de-instagram-decimos-adios-al-feed-cuadrado-y-hola-al-vertical\\\/#respond\"]}]},{\"@type\":\"WebPage\",\"@id\":\"https:\\\/\\\/carontestudio.com\\\/blog\\\/nuevo-grid-de-instagram-decimos-adios-al-feed-cuadrado-y-hola-al-vertical\\\/\",\"url\":\"https:\\\/\\\/carontestudio.com\\\/blog\\\/nuevo-grid-de-instagram-decimos-adios-al-feed-cuadrado-y-hola-al-vertical\\\/\",\"name\":\"Nuevo grid de Instagram: Adi\u00f3s al feed cuadrado y hola al vertical\",\"isPartOf\":{\"@id\":\"https:\\\/\\\/carontestudio.com\\\/blog\\\/#website\"},\"primaryImageOfPage\":{\"@id\":\"https:\\\/\\\/carontestudio.com\\\/blog\\\/nuevo-grid-de-instagram-decimos-adios-al-feed-cuadrado-y-hola-al-vertical\\\/#primaryimage\"},\"image\":{\"@id\":\"https:\\\/\\\/carontestudio.com\\\/blog\\\/nuevo-grid-de-instagram-decimos-adios-al-feed-cuadrado-y-hola-al-vertical\\\/#primaryimage\"},\"thumbnailUrl\":\"https:\\\/\\\/carontestudio.com\\\/blog\\\/wp-content\\\/uploads\\\/2025\\\/01\\\/nuevo-grid-de-instagram-decimos-adios-al-feed-cuadrado-y-hola-al-vertical.jpg\",\"datePublished\":\"2025-01-21T12:00:00+00:00\",\"dateModified\":\"2025-10-23T08:13:11+00:00\",\"description\":\"Descubre todo sobre el nuevo grid vertical de Instagram, c\u00f3mo adaptarte a \u00e9l y todas las actualizaciones que est\u00e1n por venir.\",\"breadcrumb\":{\"@id\":\"https:\\\/\\\/carontestudio.com\\\/blog\\\/nuevo-grid-de-instagram-decimos-adios-al-feed-cuadrado-y-hola-al-vertical\\\/#breadcrumb\"},\"inLanguage\":\"es\",\"potentialAction\":[{\"@type\":\"ReadAction\",\"target\":[\"https:\\\/\\\/carontestudio.com\\\/blog\\\/nuevo-grid-de-instagram-decimos-adios-al-feed-cuadrado-y-hola-al-vertical\\\/\"]}]},{\"@type\":\"ImageObject\",\"inLanguage\":\"es\",\"@id\":\"https:\\\/\\\/carontestudio.com\\\/blog\\\/nuevo-grid-de-instagram-decimos-adios-al-feed-cuadrado-y-hola-al-vertical\\\/#primaryimage\",\"url\":\"https:\\\/\\\/carontestudio.com\\\/blog\\\/wp-content\\\/uploads\\\/2025\\\/01\\\/nuevo-grid-de-instagram-decimos-adios-al-feed-cuadrado-y-hola-al-vertical.jpg\",\"contentUrl\":\"https:\\\/\\\/carontestudio.com\\\/blog\\\/wp-content\\\/uploads\\\/2025\\\/01\\\/nuevo-grid-de-instagram-decimos-adios-al-feed-cuadrado-y-hola-al-vertical.jpg\",\"width\":1250,\"height\":737,\"caption\":\"Nuevo grid de Instagram: Decimos adi\u00f3s al feed cuadrado y hola al vertical.\"},{\"@type\":\"BreadcrumbList\",\"@id\":\"https:\\\/\\\/carontestudio.com\\\/blog\\\/nuevo-grid-de-instagram-decimos-adios-al-feed-cuadrado-y-hola-al-vertical\\\/#breadcrumb\",\"itemListElement\":[{\"@type\":\"ListItem\",\"position\":1,\"name\":\"Portada\",\"item\":\"https:\\\/\\\/carontestudio.com\\\/blog\\\/\"},{\"@type\":\"ListItem\",\"position\":2,\"name\":\"Nuevo grid de Instagram: Decimos adi\u00f3s al feed cuadrado y hola al vertical\"}]},{\"@type\":\"WebSite\",\"@id\":\"https:\\\/\\\/carontestudio.com\\\/blog\\\/#website\",\"url\":\"https:\\\/\\\/carontestudio.com\\\/blog\\\/\",\"name\":\"Blog de marketing | Caronte\",\"description\":\"En nuestro blog encontrar\u00e1s art\u00edculos semanales sobre SEO, marketing online, programaci\u00f3n web y mucho m\u00e1s.\",\"publisher\":{\"@id\":\"https:\\\/\\\/carontestudio.com\\\/blog\\\/#organization\"},\"potentialAction\":[{\"@type\":\"SearchAction\",\"target\":{\"@type\":\"EntryPoint\",\"urlTemplate\":\"https:\\\/\\\/carontestudio.com\\\/blog\\\/?s={search_term_string}\"},\"query-input\":{\"@type\":\"PropertyValueSpecification\",\"valueRequired\":true,\"valueName\":\"search_term_string\"}}],\"inLanguage\":\"es\"},{\"@type\":\"Organization\",\"@id\":\"https:\\\/\\\/carontestudio.com\\\/blog\\\/#organization\",\"name\":\"Caronte - Agencia de marketing\",\"url\":\"https:\\\/\\\/carontestudio.com\\\/blog\\\/\",\"logo\":{\"@type\":\"ImageObject\",\"inLanguage\":\"es\",\"@id\":\"https:\\\/\\\/carontestudio.com\\\/blog\\\/#\\\/schema\\\/logo\\\/image\\\/\",\"url\":\"https:\\\/\\\/carontestudio.com\\\/blog\\\/wp-content\\\/uploads\\\/2025\\\/06\\\/caronte-agencia-de-marketing-logo.png\",\"contentUrl\":\"https:\\\/\\\/carontestudio.com\\\/blog\\\/wp-content\\\/uploads\\\/2025\\\/06\\\/caronte-agencia-de-marketing-logo.png\",\"width\":1090,\"height\":155,\"caption\":\"Caronte - Agencia de marketing\"},\"image\":{\"@id\":\"https:\\\/\\\/carontestudio.com\\\/blog\\\/#\\\/schema\\\/logo\\\/image\\\/\"},\"sameAs\":[\"https:\\\/\\\/www.facebook.com\\\/carontewebstudio\\\/\",\"https:\\\/\\\/www.instagram.com\\\/caronte_studio\\\/\",\"https:\\\/\\\/www.tiktok.com\\\/@carontewebstudio\",\"https:\\\/\\\/www.youtube.com\\\/@carontewebstudio\",\"https:\\\/\\\/es.linkedin.com\\\/company\\\/carontewebstudio\"]},{\"@type\":\"Person\",\"@id\":\"https:\\\/\\\/carontestudio.com\\\/blog\\\/#\\\/schema\\\/person\\\/704a016f0f5d292f8be6c033ee314476\",\"name\":\"Bea Temprano\",\"image\":{\"@type\":\"ImageObject\",\"inLanguage\":\"es\",\"@id\":\"https:\\\/\\\/secure.gravatar.com\\\/avatar\\\/190eaa926735ed0014b684f7a2a26eaa8b9f9647b5afe6c0928290ae489714f5?s=96&d=mm&r=g\",\"url\":\"https:\\\/\\\/secure.gravatar.com\\\/avatar\\\/190eaa926735ed0014b684f7a2a26eaa8b9f9647b5afe6c0928290ae489714f5?s=96&d=mm&r=g\",\"contentUrl\":\"https:\\\/\\\/secure.gravatar.com\\\/avatar\\\/190eaa926735ed0014b684f7a2a26eaa8b9f9647b5afe6c0928290ae489714f5?s=96&d=mm&r=g\",\"caption\":\"Bea Temprano\"},\"description\":\"Soy Bea Temprano, periodista por la Universidad el Pa\u00eds Vasco (UPV\\\/EHU). Actualmente, soy la Community Manager de Caronte Web Studio y llevo las cuentas de redes de nuestros clientes. En mis art\u00edculos podr\u00e1s encontrar consejos generales de marketing y an\u00e1lisis espec\u00edficos de redes sociales. LinkedIn\",\"sameAs\":[\"www.linkedin.com\\\/in\\\/beatemprano\"],\"url\":\"https:\\\/\\\/carontestudio.com\\\/blog\\\/author\\\/bea\\\/\"}]}<\/script>\n<!-- \/ Yoast SEO plugin. -->","yoast_head_json":{"title":"Nuevo grid de Instagram: Adi\u00f3s al feed cuadrado y hola al vertical","description":"Descubre todo sobre el nuevo grid vertical de Instagram, c\u00f3mo adaptarte a \u00e9l y todas las actualizaciones que est\u00e1n por venir.","robots":{"index":"index","follow":"follow","max-snippet":"max-snippet:-1","max-image-preview":"max-image-preview:large","max-video-preview":"max-video-preview:-1"},"canonical":"https:\/\/carontestudio.com\/blog\/nuevo-grid-de-instagram-decimos-adios-al-feed-cuadrado-y-hola-al-vertical\/","og_locale":"es_ES","og_type":"article","og_title":"Nuevo grid de Instagram: Adi\u00f3s al feed cuadrado y hola al vertical","og_description":"Descubre todo sobre el nuevo grid vertical de Instagram, c\u00f3mo adaptarte a \u00e9l y todas las actualizaciones que est\u00e1n por venir.","og_url":"https:\/\/carontestudio.com\/blog\/nuevo-grid-de-instagram-decimos-adios-al-feed-cuadrado-y-hola-al-vertical\/","og_site_name":"Blog de maketing | Caronte","article_publisher":"https:\/\/www.facebook.com\/carontewebstudio\/","article_published_time":"2025-01-21T12:00:00+00:00","article_modified_time":"2025-10-23T08:13:11+00:00","og_image":[{"width":1250,"height":737,"url":"https:\/\/carontestudio.com\/blog\/wp-content\/uploads\/2025\/01\/nuevo-grid-de-instagram-decimos-adios-al-feed-cuadrado-y-hola-al-vertical.jpg","type":"image\/jpeg"}],"author":"Bea Temprano","twitter_card":"summary_large_image","twitter_misc":{"Escrito por":"Bea Temprano","Tiempo de lectura":"6 minutos"},"schema":{"@context":"https:\/\/schema.org","@graph":[{"@type":"Article","@id":"https:\/\/carontestudio.com\/blog\/nuevo-grid-de-instagram-decimos-adios-al-feed-cuadrado-y-hola-al-vertical\/#article","isPartOf":{"@id":"https:\/\/carontestudio.com\/blog\/nuevo-grid-de-instagram-decimos-adios-al-feed-cuadrado-y-hola-al-vertical\/"},"author":{"name":"Bea Temprano","@id":"https:\/\/carontestudio.com\/blog\/#\/schema\/person\/704a016f0f5d292f8be6c033ee314476"},"headline":"Nuevo grid de Instagram: Decimos adi\u00f3s al feed cuadrado y hola al vertical","datePublished":"2025-01-21T12:00:00+00:00","dateModified":"2025-10-23T08:13:11+00:00","mainEntityOfPage":{"@id":"https:\/\/carontestudio.com\/blog\/nuevo-grid-de-instagram-decimos-adios-al-feed-cuadrado-y-hola-al-vertical\/"},"wordCount":1327,"commentCount":0,"publisher":{"@id":"https:\/\/carontestudio.com\/blog\/#organization"},"image":{"@id":"https:\/\/carontestudio.com\/blog\/nuevo-grid-de-instagram-decimos-adios-al-feed-cuadrado-y-hola-al-vertical\/#primaryimage"},"thumbnailUrl":"https:\/\/carontestudio.com\/blog\/wp-content\/uploads\/2025\/01\/nuevo-grid-de-instagram-decimos-adios-al-feed-cuadrado-y-hola-al-vertical.jpg","keywords":["Instagram"],"articleSection":["Redes sociales"],"inLanguage":"es","potentialAction":[{"@type":"CommentAction","name":"Comment","target":["https:\/\/carontestudio.com\/blog\/nuevo-grid-de-instagram-decimos-adios-al-feed-cuadrado-y-hola-al-vertical\/#respond"]}]},{"@type":"WebPage","@id":"https:\/\/carontestudio.com\/blog\/nuevo-grid-de-instagram-decimos-adios-al-feed-cuadrado-y-hola-al-vertical\/","url":"https:\/\/carontestudio.com\/blog\/nuevo-grid-de-instagram-decimos-adios-al-feed-cuadrado-y-hola-al-vertical\/","name":"Nuevo grid de Instagram: Adi\u00f3s al feed cuadrado y hola al vertical","isPartOf":{"@id":"https:\/\/carontestudio.com\/blog\/#website"},"primaryImageOfPage":{"@id":"https:\/\/carontestudio.com\/blog\/nuevo-grid-de-instagram-decimos-adios-al-feed-cuadrado-y-hola-al-vertical\/#primaryimage"},"image":{"@id":"https:\/\/carontestudio.com\/blog\/nuevo-grid-de-instagram-decimos-adios-al-feed-cuadrado-y-hola-al-vertical\/#primaryimage"},"thumbnailUrl":"https:\/\/carontestudio.com\/blog\/wp-content\/uploads\/2025\/01\/nuevo-grid-de-instagram-decimos-adios-al-feed-cuadrado-y-hola-al-vertical.jpg","datePublished":"2025-01-21T12:00:00+00:00","dateModified":"2025-10-23T08:13:11+00:00","description":"Descubre todo sobre el nuevo grid vertical de Instagram, c\u00f3mo adaptarte a \u00e9l y todas las actualizaciones que est\u00e1n por venir.","breadcrumb":{"@id":"https:\/\/carontestudio.com\/blog\/nuevo-grid-de-instagram-decimos-adios-al-feed-cuadrado-y-hola-al-vertical\/#breadcrumb"},"inLanguage":"es","potentialAction":[{"@type":"ReadAction","target":["https:\/\/carontestudio.com\/blog\/nuevo-grid-de-instagram-decimos-adios-al-feed-cuadrado-y-hola-al-vertical\/"]}]},{"@type":"ImageObject","inLanguage":"es","@id":"https:\/\/carontestudio.com\/blog\/nuevo-grid-de-instagram-decimos-adios-al-feed-cuadrado-y-hola-al-vertical\/#primaryimage","url":"https:\/\/carontestudio.com\/blog\/wp-content\/uploads\/2025\/01\/nuevo-grid-de-instagram-decimos-adios-al-feed-cuadrado-y-hola-al-vertical.jpg","contentUrl":"https:\/\/carontestudio.com\/blog\/wp-content\/uploads\/2025\/01\/nuevo-grid-de-instagram-decimos-adios-al-feed-cuadrado-y-hola-al-vertical.jpg","width":1250,"height":737,"caption":"Nuevo grid de Instagram: Decimos adi\u00f3s al feed cuadrado y hola al vertical."},{"@type":"BreadcrumbList","@id":"https:\/\/carontestudio.com\/blog\/nuevo-grid-de-instagram-decimos-adios-al-feed-cuadrado-y-hola-al-vertical\/#breadcrumb","itemListElement":[{"@type":"ListItem","position":1,"name":"Portada","item":"https:\/\/carontestudio.com\/blog\/"},{"@type":"ListItem","position":2,"name":"Nuevo grid de Instagram: Decimos adi\u00f3s al feed cuadrado y hola al vertical"}]},{"@type":"WebSite","@id":"https:\/\/carontestudio.com\/blog\/#website","url":"https:\/\/carontestudio.com\/blog\/","name":"Blog de marketing | Caronte","description":"En nuestro blog encontrar\u00e1s art\u00edculos semanales sobre SEO, marketing online, programaci\u00f3n web y mucho m\u00e1s.","publisher":{"@id":"https:\/\/carontestudio.com\/blog\/#organization"},"potentialAction":[{"@type":"SearchAction","target":{"@type":"EntryPoint","urlTemplate":"https:\/\/carontestudio.com\/blog\/?s={search_term_string}"},"query-input":{"@type":"PropertyValueSpecification","valueRequired":true,"valueName":"search_term_string"}}],"inLanguage":"es"},{"@type":"Organization","@id":"https:\/\/carontestudio.com\/blog\/#organization","name":"Caronte - Agencia de marketing","url":"https:\/\/carontestudio.com\/blog\/","logo":{"@type":"ImageObject","inLanguage":"es","@id":"https:\/\/carontestudio.com\/blog\/#\/schema\/logo\/image\/","url":"https:\/\/carontestudio.com\/blog\/wp-content\/uploads\/2025\/06\/caronte-agencia-de-marketing-logo.png","contentUrl":"https:\/\/carontestudio.com\/blog\/wp-content\/uploads\/2025\/06\/caronte-agencia-de-marketing-logo.png","width":1090,"height":155,"caption":"Caronte - Agencia de marketing"},"image":{"@id":"https:\/\/carontestudio.com\/blog\/#\/schema\/logo\/image\/"},"sameAs":["https:\/\/www.facebook.com\/carontewebstudio\/","https:\/\/www.instagram.com\/caronte_studio\/","https:\/\/www.tiktok.com\/@carontewebstudio","https:\/\/www.youtube.com\/@carontewebstudio","https:\/\/es.linkedin.com\/company\/carontewebstudio"]},{"@type":"Person","@id":"https:\/\/carontestudio.com\/blog\/#\/schema\/person\/704a016f0f5d292f8be6c033ee314476","name":"Bea Temprano","image":{"@type":"ImageObject","inLanguage":"es","@id":"https:\/\/secure.gravatar.com\/avatar\/190eaa926735ed0014b684f7a2a26eaa8b9f9647b5afe6c0928290ae489714f5?s=96&d=mm&r=g","url":"https:\/\/secure.gravatar.com\/avatar\/190eaa926735ed0014b684f7a2a26eaa8b9f9647b5afe6c0928290ae489714f5?s=96&d=mm&r=g","contentUrl":"https:\/\/secure.gravatar.com\/avatar\/190eaa926735ed0014b684f7a2a26eaa8b9f9647b5afe6c0928290ae489714f5?s=96&d=mm&r=g","caption":"Bea Temprano"},"description":"Soy Bea Temprano, periodista por la Universidad el Pa\u00eds Vasco (UPV\/EHU). Actualmente, soy la Community Manager de Caronte Web Studio y llevo las cuentas de redes de nuestros clientes. En mis art\u00edculos podr\u00e1s encontrar consejos generales de marketing y an\u00e1lisis espec\u00edficos de redes sociales. LinkedIn","sameAs":["www.linkedin.com\/in\/beatemprano"],"url":"https:\/\/carontestudio.com\/blog\/author\/bea\/"}]}},"_links":{"self":[{"href":"https:\/\/carontestudio.com\/blog\/wp-json\/wp\/v2\/posts\/22164","targetHints":{"allow":["GET"]}}],"collection":[{"href":"https:\/\/carontestudio.com\/blog\/wp-json\/wp\/v2\/posts"}],"about":[{"href":"https:\/\/carontestudio.com\/blog\/wp-json\/wp\/v2\/types\/post"}],"author":[{"embeddable":true,"href":"https:\/\/carontestudio.com\/blog\/wp-json\/wp\/v2\/users\/13"}],"replies":[{"embeddable":true,"href":"https:\/\/carontestudio.com\/blog\/wp-json\/wp\/v2\/comments?post=22164"}],"version-history":[{"count":41,"href":"https:\/\/carontestudio.com\/blog\/wp-json\/wp\/v2\/posts\/22164\/revisions"}],"predecessor-version":[{"id":23058,"href":"https:\/\/carontestudio.com\/blog\/wp-json\/wp\/v2\/posts\/22164\/revisions\/23058"}],"wp:featuredmedia":[{"embeddable":true,"href":"https:\/\/carontestudio.com\/blog\/wp-json\/wp\/v2\/media\/22208"}],"wp:attachment":[{"href":"https:\/\/carontestudio.com\/blog\/wp-json\/wp\/v2\/media?parent=22164"}],"wp:term":[{"taxonomy":"category","embeddable":true,"href":"https:\/\/carontestudio.com\/blog\/wp-json\/wp\/v2\/categories?post=22164"},{"taxonomy":"post_tag","embeddable":true,"href":"https:\/\/carontestudio.com\/blog\/wp-json\/wp\/v2\/tags?post=22164"}],"curies":[{"name":"wp","href":"https:\/\/api.w.org\/{rel}","templated":true}]}}