{"id":1997,"date":"2020-08-07T13:00:00","date_gmt":"2020-08-07T11:00:00","guid":{"rendered":"https:\/\/carontestudio.com\/blog\/?p=1997"},"modified":"2020-10-13T10:38:52","modified_gmt":"2020-10-13T08:38:52","slug":"disenadores-ilustres-paula-scher","status":"publish","type":"post","link":"https:\/\/carontestudio.com\/blog\/disenadores-ilustres-paula-scher\/","title":{"rendered":"Dise\u00f1adores ilustres: Paula Scher"},"content":{"rendered":"\n<p>Paula Scher eleva con orgullo el estandarte de mujer pionera del dise\u00f1o gr\u00e1fico. Scher es <strong>una de las dise\u00f1adoras gr\u00e1ficas m\u00e1s influyentes del mundo del dise\u00f1o <\/strong>y lo ha logrado a pulso, por m\u00e9ritos propios y en \u00abterritorio hostil\u00bb copado en su gran mayor\u00eda por hombres. Hoy te presentamos a \u00abla maestra evocadora de lo familiar\u00bb, Paula Scher.<\/p>\n\n\n\n<!--more-->\n\n\n\n<p>Paula Scher es una dise\u00f1adora originaria de Whasington que <strong>se desenvuelve entre la cultura pop, las bellas artes y el dominio de la tipograf\u00eda para llevar a cabo sus proyectos<\/strong>. Conozc\u00e1mosla a fondo.<\/p>\n\n\n\n<h2 class=\"wp-block-heading\">Qui\u00e9n es Paula Scher<\/h2>\n\n\n\n<div class=\"wp-block-columns is-layout-flex wp-container-core-columns-is-layout-9d6595d7 wp-block-columns-is-layout-flex\">\n<div class=\"wp-block-column is-layout-flow wp-block-column-is-layout-flow\" style=\"flex-basis:33.33%\">\n<figure class=\"wp-block-image size-large\"><img loading=\"lazy\" decoding=\"async\" width=\"600\" height=\"599\" src=\"https:\/\/carontestudio.com\/blog\/wp-content\/uploads\/2020\/08\/boston-paula-scher.jpg\" alt=\"Portada del disco de Boton\" class=\"wp-image-2010\" srcset=\"https:\/\/carontestudio.com\/blog\/wp-content\/uploads\/2020\/08\/boston-paula-scher.jpg 600w, https:\/\/carontestudio.com\/blog\/wp-content\/uploads\/2020\/08\/boston-paula-scher-300x300.jpg 300w, https:\/\/carontestudio.com\/blog\/wp-content\/uploads\/2020\/08\/boston-paula-scher-150x150.jpg 150w\" sizes=\"auto, (max-width: 600px) 100vw, 600px\" \/><\/figure>\n<\/div>\n\n\n\n<div class=\"wp-block-column is-layout-flow wp-block-column-is-layout-flow\" style=\"flex-basis:66.66%\">\n<p>Scher estudi\u00f3 bellas artes en Pensilvania y tras casarse con su profesor, <strong>se traslad\u00f3 a Nueva York, donde ha desarrollado casi la totalidad de su carrera<\/strong>. Comenz\u00f3 encarg\u00e1ndose de la secci\u00f3n infantil de la editorial Random House.<\/p>\n\n\n\n<p>M\u00e1s tarde, durante los a\u00f1os 70, continu\u00f3 trabajando en el departamento de publicidad de la discogr\u00e1fica \u00ab<strong>CBS Records<\/strong>\u00bb y m\u00e1s tarde hizo lo propio como directora de arte en \u00ab<strong>Atlantic Records<\/strong>\u00ab. Durante esta etapa cre\u00f3 gran variedad de portadas ic\u00f3nicas para artistas como Billy Joel, Rolling Stones, Jhon Coltrane, Bob Dylan o Boston, entre muchos otros.<\/p>\n\n\n\n<p>En 1984 <strong>fund\u00f3 la compa\u00f1\u00eda de publicidad \u00abKoppel &amp; Scher\u00bb <\/strong>junto a Terry Koppel, hasta que este aceptara el cargo de director de arte en la revista Esquire. Fue ese a\u00f1o, en 1991 cuando Scher comienza a trabajar en la prestigiosa agencia publicitaria de Nueva York, Pentagram. Su enfoque hacia la tipograf\u00eda se volvi\u00f3 altamente influyente, por lo que ha sido socia de la marca desde entonces.<\/p>\n<\/div>\n<\/div>\n\n\n\n<p>En el 94, gracias al dise\u00f1o de la<strong> identidad corporativa de The Public Theatre de Nueva York<\/strong> se postul\u00f3 como un referente del dise\u00f1o gr\u00e1fico y fue galardonada con el prestigioso Premio Beacon por su estrategia publicitaria. Este proyecto logr\u00f3 fusionar elementos caracter\u00edsticos de la ciudad y aglomerarlos en una imagen multicultural que sirvi\u00f3 como pionera del entorno urbano din\u00e1mico de Nueva York que hoy se conoce.<\/p>\n\n\n\n<figure class=\"wp-block-image size-large\"><img loading=\"lazy\" decoding=\"async\" width=\"1000\" height=\"586\" src=\"https:\/\/carontestudio.com\/blog\/wp-content\/uploads\/2020\/08\/paula-scher-public-theatre.jpg\" alt=\"Carteles de Public Theatre por Paula Scher\" class=\"wp-image-2020\" srcset=\"https:\/\/carontestudio.com\/blog\/wp-content\/uploads\/2020\/08\/paula-scher-public-theatre.jpg 1000w, https:\/\/carontestudio.com\/blog\/wp-content\/uploads\/2020\/08\/paula-scher-public-theatre-300x176.jpg 300w, https:\/\/carontestudio.com\/blog\/wp-content\/uploads\/2020\/08\/paula-scher-public-theatre-768x450.jpg 768w\" sizes=\"auto, (max-width: 1000px) 100vw, 1000px\" \/><\/figure>\n\n\n\n<h2 class=\"wp-block-heading\">Otros m\u00e9ritos de Paula Scher<\/h2>\n\n\n\n<p>A lo largo de su carrera, Scher ha sido galardonada con cientos de premios de la industria y ha formado parte de organismos tan c\u00e9lebres como la \u00abJunta nacional del American Institute of Graphic Arts (AIGA)\u00bb de la que fue presidenta durante dos a\u00f1os, desde 1998 a 2000.<\/p>\n\n\n\n<p>En 2001 <strong>fue galardonada con la Medalla AIGA <\/strong>por su labor en el campo del dise\u00f1o gr\u00e1fico y m\u00e1s tarde, en 2006 fue galardonada con la Medalla Type Directors Club, convirti\u00e9ndose en la primera mujer en recibir el premio.<\/p>\n\n\n\n<p>En 2012 fue recibi\u00f3 el Premio Collab de Dise\u00f1o del Museo de Arte de Filadelfia y en 2019 fue nombrada Miembro de SEGD. Adem\u00e1s, Scher ha sido miembro de Alliance Graphique Internationale (AGI) desde 1993 y fue su presidenta desde 2009 hasta 2012.<\/p>\n\n\n\n<h2 class=\"wp-block-heading\">Estilo e influencias de Paula Scher<\/h2>\n\n\n\n<p>De padre cart\u00f3grafo y madre maestra, Paula Scher siempre demostr\u00f3 especial inter\u00e9s por las artes gr\u00e1ficas. Se empap\u00f3 durante su juventud del ambiente cultural de Washington y Filadelfia, donde sin duda abraz\u00f3 la cultura pop que predomina en sus dise\u00f1os.<\/p>\n\n\n\n<p><strong>Influenciada por el constructivismo ruso<\/strong>, lo torn\u00f3 propio y logr\u00f3 hacerlo evolucionar hasta crear algo nuevo y rompedor para la \u00e9poca. <\/p>\n\n\n\n<p>Gracias a la tipograf\u00eda como herramienta y veh\u00edculo comunicacional, Paula Scher logra imprimir en la mente del espectador una impresi\u00f3n determinada, m\u00e1s propia de los artistas que de los dise\u00f1adores gr\u00e1ficos m\u00e1s comunes.<\/p>\n\n\n\n<blockquote class=\"wp-block-quote is-layout-flow wp-block-quote-is-layout-flow\"><p>\u201cLa tipograf\u00eda es pintar con palabras\u201d&nbsp;<\/p><cite>Paula Scher<\/cite><\/blockquote>\n\n\n\n<h2 class=\"wp-block-heading\">Trabajos m\u00e1s emblem\u00e1ticos de Paula Scher<\/h2>\n\n\n\n<p>A lo largo de su carrera, Paula Scher cuenta con innumerables<a href=\"https:\/\/carontestudio.com\/diseno-grafico\/identidad-corporativa\"> proyectos de identidad corporativa, branding y mucho m\u00e1s<\/a>. Estos son algunos de los m\u00e1s emblem\u00e1ticos.<\/p>\n\n\n\n<div class=\"wp-block-columns is-layout-flex wp-container-core-columns-is-layout-9d6595d7 wp-block-columns-is-layout-flex\">\n<div class=\"wp-block-column is-layout-flow wp-block-column-is-layout-flow\">\n<h3 class=\"wp-block-heading\">Branding de Citibank <\/h3>\n\n\n\n<p>En 1998, los gigantes financieros \u00abCiticorp\u00bb y \u00abTravelers Group\u00bb anunciaron su intenci\u00f3n de fusionarse y crear una de las mayores entidades financieras del siglo XX. <strong>Decidieron contar con la ayuda de Paula Scher para llevar a cabo dicha identidad corporativa <\/strong>y tras varios a\u00f1os de desarrollo, Scher dio con la que a\u00fan hoy d\u00eda, es la vigente imagen de la multinacional.<\/p>\n\n\n\n<p>Cabe destacar c\u00f3mo resolvi\u00f3 la fusi\u00f3n de ambas marcas mediante un juego visual y tipogr\u00e1fico, uniendo el paraguas de \u00abTravelers\u00bb con la tipograf\u00eda de \u00abCity\u00bb.<\/p>\n<\/div>\n\n\n\n<div class=\"wp-block-column is-layout-flow wp-block-column-is-layout-flow\">\n<figure class=\"wp-block-image size-large\"><img loading=\"lazy\" decoding=\"async\" width=\"800\" height=\"600\" src=\"https:\/\/carontestudio.com\/blog\/wp-content\/uploads\/2020\/08\/citibank-paula-scher.jpg\" alt=\"Citibank por Paula Scher\" class=\"wp-image-2011\" srcset=\"https:\/\/carontestudio.com\/blog\/wp-content\/uploads\/2020\/08\/citibank-paula-scher.jpg 800w, https:\/\/carontestudio.com\/blog\/wp-content\/uploads\/2020\/08\/citibank-paula-scher-300x225.jpg 300w, https:\/\/carontestudio.com\/blog\/wp-content\/uploads\/2020\/08\/citibank-paula-scher-768x576.jpg 768w\" sizes=\"auto, (max-width: 800px) 100vw, 800px\" \/><\/figure>\n<\/div>\n<\/div>\n\n\n\n<h3 class=\"wp-block-heading\">Microsoft y Windows 8<\/h3>\n\n\n\n<div class=\"wp-block-columns is-layout-flex wp-container-core-columns-is-layout-9d6595d7 wp-block-columns-is-layout-flex\">\n<div class=\"wp-block-column is-layout-flow wp-block-column-is-layout-flow\">\n<figure class=\"wp-block-image size-large\"><img loading=\"lazy\" decoding=\"async\" width=\"800\" height=\"600\" src=\"https:\/\/carontestudio.com\/blog\/wp-content\/uploads\/2020\/08\/windows-8-paula-scher.jpg\" alt=\"Windows por Paula Scher\" class=\"wp-image-2013\" srcset=\"https:\/\/carontestudio.com\/blog\/wp-content\/uploads\/2020\/08\/windows-8-paula-scher.jpg 800w, https:\/\/carontestudio.com\/blog\/wp-content\/uploads\/2020\/08\/windows-8-paula-scher-300x225.jpg 300w, https:\/\/carontestudio.com\/blog\/wp-content\/uploads\/2020\/08\/windows-8-paula-scher-768x576.jpg 768w\" sizes=\"auto, (max-width: 800px) 100vw, 800px\" \/><\/figure>\n<\/div>\n\n\n\n<div class=\"wp-block-column is-layout-flow wp-block-column-is-layout-flow\">\n<p>Con el lanzamiento de Windows 8, Paula Scher logr\u00f3 resolver de un plumazo una de las mayores inc\u00f3gnitas del dise\u00f1o gr\u00e1fico del siglo pasado.<\/p>\n\n\n\n<blockquote class=\"wp-block-quote is-layout-flow wp-block-quote-is-layout-flow\"><p>\u00abSi el nombre es Windows, \u00bfpor qu\u00e9 el logotipo es una bandera?\u00bb<\/p><cite>Paula Scher.<\/cite><\/blockquote>\n\n\n\n<p>Algo tan trivial como variar la percepci\u00f3n de la marca de inform\u00e1tica hasta entonces ejemplificada mediante el icono en forma de bandera, hizo preguntarse a Scher si no constitu\u00eda en s\u00ed un error. <strong>De esta manera,  el sistema operativo de Microsoft, se redise\u00f1\u00f3 hasta ser reconducido hasta llegar a la imagen actual de Windows.<\/strong><\/p>\n<\/div>\n<\/div>\n\n\n\n<h2 class=\"wp-block-heading\">Conclusi\u00f3n<\/h2>\n\n\n\n<p>Paula Scher pasar\u00e1 a la historia del dise\u00f1o gr\u00e1fico como un aut\u00e9ntico ejemplo de feminismo y como icono de la presencia de la mujer en el dise\u00f1o gr\u00e1fico. No obstante, <strong>quiz\u00e1 lo m\u00e1s remarcable es la capacidad de adaptaci\u00f3n que ha demostrado, siendo todo un ejemplo para generaciones futuras.<\/strong><\/p>\n\n\n\n<p>Aqu\u00ed os dejamos un enlace a un peque\u00f1o documental que realiz\u00f3 para Netflix.<\/p>\n\n\n\n\n\n<div class=\"embed-responsive embed-responsive-16by9\">\n  <iframe class=\"embed-responsive-item\" src=\"https:\/\/www.youtube.com\/embed\/LCfBYE97rFk\"><\/iframe>\n<\/div>\n\n\n\n<p>\u00a1Os esperamos en el pr\u00f3ximo art\u00edculo!<\/p>\n","protected":false},"excerpt":{"rendered":"<p>Paula Scher es una dise\u00f1adora originaria de Whasington que se desenvuelve entre la cultura pop, las bellas artes y el dominio de la tipograf\u00eda para llevar a cabo sus proyectos. <\/p>\n","protected":false},"author":3,"featured_media":2032,"comment_status":"open","ping_status":"closed","sticky":false,"template":"","format":"standard","meta":{"_acf_changed":false,"footnotes":""},"categories":[53],"tags":[61],"class_list":["post-1997","post","type-post","status-publish","format-standard","has-post-thumbnail","hentry","category-diseno-grafico","tag-disenadores"],"acf":[],"yoast_head":"<!-- This site is optimized with the Yoast SEO plugin v27.3 - https:\/\/yoast.com\/product\/yoast-seo-wordpress\/ -->\n<title>Dise\u00f1adores ilustres: Paula Scher - Caronte Web Studio<\/title>\n<meta name=\"description\" content=\"Descubre a Paula Scher, la reina del dise\u00f1o gr\u00e1fico. Gracias a su dominio de la tipograf\u00eda y de la cultura pop, ha marcado un antes y un despu\u00e9s.\" \/>\n<meta name=\"robots\" content=\"index, follow, max-snippet:-1, max-image-preview:large, max-video-preview:-1\" \/>\n<link rel=\"canonical\" href=\"https:\/\/carontestudio.com\/blog\/disenadores-ilustres-paula-scher\/\" \/>\n<meta property=\"og:locale\" content=\"es_ES\" \/>\n<meta property=\"og:type\" content=\"article\" \/>\n<meta property=\"og:title\" content=\"Dise\u00f1adores ilustres: Paula Scher - Caronte Web Studio\" \/>\n<meta property=\"og:description\" content=\"Descubre a Paula Scher, la reina del dise\u00f1o gr\u00e1fico. Gracias a su dominio de la tipograf\u00eda y de la cultura pop, ha marcado un antes y un despu\u00e9s.\" \/>\n<meta property=\"og:url\" content=\"https:\/\/carontestudio.com\/blog\/disenadores-ilustres-paula-scher\/\" \/>\n<meta property=\"og:site_name\" content=\"Blog de maketing | Caronte\" \/>\n<meta property=\"article:publisher\" content=\"https:\/\/www.facebook.com\/carontewebstudio\/\" \/>\n<meta property=\"article:published_time\" content=\"2020-08-07T11:00:00+00:00\" \/>\n<meta property=\"article:modified_time\" content=\"2020-10-13T08:38:52+00:00\" \/>\n<meta property=\"og:image\" content=\"https:\/\/carontestudio.com\/blog\/wp-content\/uploads\/2020\/08\/paula-scher.jpg\" \/>\n\t<meta property=\"og:image:width\" content=\"1250\" \/>\n\t<meta property=\"og:image:height\" content=\"737\" \/>\n\t<meta property=\"og:image:type\" content=\"image\/jpeg\" \/>\n<meta name=\"author\" content=\"David de Lamo\" \/>\n<meta name=\"twitter:card\" content=\"summary_large_image\" \/>\n<meta name=\"twitter:label1\" content=\"Escrito por\" \/>\n\t<meta name=\"twitter:data1\" content=\"David de Lamo\" \/>\n\t<meta name=\"twitter:label2\" content=\"Tiempo de lectura\" \/>\n\t<meta name=\"twitter:data2\" content=\"5 minutos\" \/>\n<script type=\"application\/ld+json\" class=\"yoast-schema-graph\">{\"@context\":\"https:\\\/\\\/schema.org\",\"@graph\":[{\"@type\":\"Article\",\"@id\":\"https:\\\/\\\/carontestudio.com\\\/blog\\\/disenadores-ilustres-paula-scher\\\/#article\",\"isPartOf\":{\"@id\":\"https:\\\/\\\/carontestudio.com\\\/blog\\\/disenadores-ilustres-paula-scher\\\/\"},\"author\":{\"name\":\"David de Lamo\",\"@id\":\"https:\\\/\\\/carontestudio.com\\\/blog\\\/#\\\/schema\\\/person\\\/2104191b75663e9e9ca47f821c5f92cf\"},\"headline\":\"Dise\u00f1adores ilustres: Paula Scher\",\"datePublished\":\"2020-08-07T11:00:00+00:00\",\"dateModified\":\"2020-10-13T08:38:52+00:00\",\"mainEntityOfPage\":{\"@id\":\"https:\\\/\\\/carontestudio.com\\\/blog\\\/disenadores-ilustres-paula-scher\\\/\"},\"wordCount\":919,\"commentCount\":0,\"publisher\":{\"@id\":\"https:\\\/\\\/carontestudio.com\\\/blog\\\/#organization\"},\"image\":{\"@id\":\"https:\\\/\\\/carontestudio.com\\\/blog\\\/disenadores-ilustres-paula-scher\\\/#primaryimage\"},\"thumbnailUrl\":\"https:\\\/\\\/carontestudio.com\\\/blog\\\/wp-content\\\/uploads\\\/2020\\\/08\\\/paula-scher.jpg\",\"keywords\":[\"Dise\u00f1adores\"],\"articleSection\":[\"Dise\u00f1o gr\u00e1fico\"],\"inLanguage\":\"es\",\"potentialAction\":[{\"@type\":\"CommentAction\",\"name\":\"Comment\",\"target\":[\"https:\\\/\\\/carontestudio.com\\\/blog\\\/disenadores-ilustres-paula-scher\\\/#respond\"]}]},{\"@type\":\"WebPage\",\"@id\":\"https:\\\/\\\/carontestudio.com\\\/blog\\\/disenadores-ilustres-paula-scher\\\/\",\"url\":\"https:\\\/\\\/carontestudio.com\\\/blog\\\/disenadores-ilustres-paula-scher\\\/\",\"name\":\"Dise\u00f1adores ilustres: Paula Scher - Caronte Web Studio\",\"isPartOf\":{\"@id\":\"https:\\\/\\\/carontestudio.com\\\/blog\\\/#website\"},\"primaryImageOfPage\":{\"@id\":\"https:\\\/\\\/carontestudio.com\\\/blog\\\/disenadores-ilustres-paula-scher\\\/#primaryimage\"},\"image\":{\"@id\":\"https:\\\/\\\/carontestudio.com\\\/blog\\\/disenadores-ilustres-paula-scher\\\/#primaryimage\"},\"thumbnailUrl\":\"https:\\\/\\\/carontestudio.com\\\/blog\\\/wp-content\\\/uploads\\\/2020\\\/08\\\/paula-scher.jpg\",\"datePublished\":\"2020-08-07T11:00:00+00:00\",\"dateModified\":\"2020-10-13T08:38:52+00:00\",\"description\":\"Descubre a Paula Scher, la reina del dise\u00f1o gr\u00e1fico. Gracias a su dominio de la tipograf\u00eda y de la cultura pop, ha marcado un antes y un despu\u00e9s.\",\"breadcrumb\":{\"@id\":\"https:\\\/\\\/carontestudio.com\\\/blog\\\/disenadores-ilustres-paula-scher\\\/#breadcrumb\"},\"inLanguage\":\"es\",\"potentialAction\":[{\"@type\":\"ReadAction\",\"target\":[\"https:\\\/\\\/carontestudio.com\\\/blog\\\/disenadores-ilustres-paula-scher\\\/\"]}]},{\"@type\":\"ImageObject\",\"inLanguage\":\"es\",\"@id\":\"https:\\\/\\\/carontestudio.com\\\/blog\\\/disenadores-ilustres-paula-scher\\\/#primaryimage\",\"url\":\"https:\\\/\\\/carontestudio.com\\\/blog\\\/wp-content\\\/uploads\\\/2020\\\/08\\\/paula-scher.jpg\",\"contentUrl\":\"https:\\\/\\\/carontestudio.com\\\/blog\\\/wp-content\\\/uploads\\\/2020\\\/08\\\/paula-scher.jpg\",\"width\":1250,\"height\":737,\"caption\":\"Dise\u00f1adores ilustres. Paula Scher\"},{\"@type\":\"BreadcrumbList\",\"@id\":\"https:\\\/\\\/carontestudio.com\\\/blog\\\/disenadores-ilustres-paula-scher\\\/#breadcrumb\",\"itemListElement\":[{\"@type\":\"ListItem\",\"position\":1,\"name\":\"Portada\",\"item\":\"https:\\\/\\\/carontestudio.com\\\/blog\\\/\"},{\"@type\":\"ListItem\",\"position\":2,\"name\":\"Dise\u00f1adores ilustres: Paula Scher\"}]},{\"@type\":\"WebSite\",\"@id\":\"https:\\\/\\\/carontestudio.com\\\/blog\\\/#website\",\"url\":\"https:\\\/\\\/carontestudio.com\\\/blog\\\/\",\"name\":\"Blog de marketing | Caronte\",\"description\":\"En nuestro blog encontrar\u00e1s art\u00edculos semanales sobre SEO, marketing online, programaci\u00f3n web y mucho m\u00e1s.\",\"publisher\":{\"@id\":\"https:\\\/\\\/carontestudio.com\\\/blog\\\/#organization\"},\"potentialAction\":[{\"@type\":\"SearchAction\",\"target\":{\"@type\":\"EntryPoint\",\"urlTemplate\":\"https:\\\/\\\/carontestudio.com\\\/blog\\\/?s={search_term_string}\"},\"query-input\":{\"@type\":\"PropertyValueSpecification\",\"valueRequired\":true,\"valueName\":\"search_term_string\"}}],\"inLanguage\":\"es\"},{\"@type\":\"Organization\",\"@id\":\"https:\\\/\\\/carontestudio.com\\\/blog\\\/#organization\",\"name\":\"Caronte - Agencia de marketing\",\"url\":\"https:\\\/\\\/carontestudio.com\\\/blog\\\/\",\"logo\":{\"@type\":\"ImageObject\",\"inLanguage\":\"es\",\"@id\":\"https:\\\/\\\/carontestudio.com\\\/blog\\\/#\\\/schema\\\/logo\\\/image\\\/\",\"url\":\"https:\\\/\\\/carontestudio.com\\\/blog\\\/wp-content\\\/uploads\\\/2025\\\/06\\\/caronte-agencia-de-marketing-logo.png\",\"contentUrl\":\"https:\\\/\\\/carontestudio.com\\\/blog\\\/wp-content\\\/uploads\\\/2025\\\/06\\\/caronte-agencia-de-marketing-logo.png\",\"width\":1090,\"height\":155,\"caption\":\"Caronte - Agencia de marketing\"},\"image\":{\"@id\":\"https:\\\/\\\/carontestudio.com\\\/blog\\\/#\\\/schema\\\/logo\\\/image\\\/\"},\"sameAs\":[\"https:\\\/\\\/www.facebook.com\\\/carontewebstudio\\\/\",\"https:\\\/\\\/www.instagram.com\\\/caronte_studio\\\/\",\"https:\\\/\\\/www.tiktok.com\\\/@carontewebstudio\",\"https:\\\/\\\/www.youtube.com\\\/@carontewebstudio\",\"https:\\\/\\\/es.linkedin.com\\\/company\\\/carontewebstudio\"]},{\"@type\":\"Person\",\"@id\":\"https:\\\/\\\/carontestudio.com\\\/blog\\\/#\\\/schema\\\/person\\\/2104191b75663e9e9ca47f821c5f92cf\",\"name\":\"David de Lamo\",\"image\":{\"@type\":\"ImageObject\",\"inLanguage\":\"es\",\"@id\":\"https:\\\/\\\/secure.gravatar.com\\\/avatar\\\/110df00c652880b6b00cc45fe489d819ac3f1e805e379a5adefc8fce4d1f548c?s=96&d=mm&r=g\",\"url\":\"https:\\\/\\\/secure.gravatar.com\\\/avatar\\\/110df00c652880b6b00cc45fe489d819ac3f1e805e379a5adefc8fce4d1f548c?s=96&d=mm&r=g\",\"contentUrl\":\"https:\\\/\\\/secure.gravatar.com\\\/avatar\\\/110df00c652880b6b00cc45fe489d819ac3f1e805e379a5adefc8fce4d1f548c?s=96&d=mm&r=g\",\"caption\":\"David de Lamo\"},\"description\":\"David de Lamo te descubre, en el blog de Caronte Web Studio, las tendencias de dise\u00f1o, tanto gr\u00e1fico como web. Nuestro responsable del \u00e1rea de dise\u00f1o en Caronte Web Studio te cuenta todo lo que debes saber sobre imagen de empresa, carteler\u00eda, dise\u00f1o gr\u00e1fico, dise\u00f1o web, papeler\u00eda, rotulaciones... Aprende con \u00e9l y sum\u00e9rgete en el apasionante mundo del dise\u00f1o.\",\"sameAs\":[\"http:\\\/\\\/www.carontestudio.com\"],\"url\":\"https:\\\/\\\/carontestudio.com\\\/blog\\\/author\\\/david\\\/\"}]}<\/script>\n<!-- \/ Yoast SEO plugin. -->","yoast_head_json":{"title":"Dise\u00f1adores ilustres: Paula Scher - Caronte Web Studio","description":"Descubre a Paula Scher, la reina del dise\u00f1o gr\u00e1fico. Gracias a su dominio de la tipograf\u00eda y de la cultura pop, ha marcado un antes y un despu\u00e9s.","robots":{"index":"index","follow":"follow","max-snippet":"max-snippet:-1","max-image-preview":"max-image-preview:large","max-video-preview":"max-video-preview:-1"},"canonical":"https:\/\/carontestudio.com\/blog\/disenadores-ilustres-paula-scher\/","og_locale":"es_ES","og_type":"article","og_title":"Dise\u00f1adores ilustres: Paula Scher - Caronte Web Studio","og_description":"Descubre a Paula Scher, la reina del dise\u00f1o gr\u00e1fico. Gracias a su dominio de la tipograf\u00eda y de la cultura pop, ha marcado un antes y un despu\u00e9s.","og_url":"https:\/\/carontestudio.com\/blog\/disenadores-ilustres-paula-scher\/","og_site_name":"Blog de maketing | Caronte","article_publisher":"https:\/\/www.facebook.com\/carontewebstudio\/","article_published_time":"2020-08-07T11:00:00+00:00","article_modified_time":"2020-10-13T08:38:52+00:00","og_image":[{"width":1250,"height":737,"url":"https:\/\/carontestudio.com\/blog\/wp-content\/uploads\/2020\/08\/paula-scher.jpg","type":"image\/jpeg"}],"author":"David de Lamo","twitter_card":"summary_large_image","twitter_misc":{"Escrito por":"David de Lamo","Tiempo de lectura":"5 minutos"},"schema":{"@context":"https:\/\/schema.org","@graph":[{"@type":"Article","@id":"https:\/\/carontestudio.com\/blog\/disenadores-ilustres-paula-scher\/#article","isPartOf":{"@id":"https:\/\/carontestudio.com\/blog\/disenadores-ilustres-paula-scher\/"},"author":{"name":"David de Lamo","@id":"https:\/\/carontestudio.com\/blog\/#\/schema\/person\/2104191b75663e9e9ca47f821c5f92cf"},"headline":"Dise\u00f1adores ilustres: Paula Scher","datePublished":"2020-08-07T11:00:00+00:00","dateModified":"2020-10-13T08:38:52+00:00","mainEntityOfPage":{"@id":"https:\/\/carontestudio.com\/blog\/disenadores-ilustres-paula-scher\/"},"wordCount":919,"commentCount":0,"publisher":{"@id":"https:\/\/carontestudio.com\/blog\/#organization"},"image":{"@id":"https:\/\/carontestudio.com\/blog\/disenadores-ilustres-paula-scher\/#primaryimage"},"thumbnailUrl":"https:\/\/carontestudio.com\/blog\/wp-content\/uploads\/2020\/08\/paula-scher.jpg","keywords":["Dise\u00f1adores"],"articleSection":["Dise\u00f1o gr\u00e1fico"],"inLanguage":"es","potentialAction":[{"@type":"CommentAction","name":"Comment","target":["https:\/\/carontestudio.com\/blog\/disenadores-ilustres-paula-scher\/#respond"]}]},{"@type":"WebPage","@id":"https:\/\/carontestudio.com\/blog\/disenadores-ilustres-paula-scher\/","url":"https:\/\/carontestudio.com\/blog\/disenadores-ilustres-paula-scher\/","name":"Dise\u00f1adores ilustres: Paula Scher - Caronte Web Studio","isPartOf":{"@id":"https:\/\/carontestudio.com\/blog\/#website"},"primaryImageOfPage":{"@id":"https:\/\/carontestudio.com\/blog\/disenadores-ilustres-paula-scher\/#primaryimage"},"image":{"@id":"https:\/\/carontestudio.com\/blog\/disenadores-ilustres-paula-scher\/#primaryimage"},"thumbnailUrl":"https:\/\/carontestudio.com\/blog\/wp-content\/uploads\/2020\/08\/paula-scher.jpg","datePublished":"2020-08-07T11:00:00+00:00","dateModified":"2020-10-13T08:38:52+00:00","description":"Descubre a Paula Scher, la reina del dise\u00f1o gr\u00e1fico. Gracias a su dominio de la tipograf\u00eda y de la cultura pop, ha marcado un antes y un despu\u00e9s.","breadcrumb":{"@id":"https:\/\/carontestudio.com\/blog\/disenadores-ilustres-paula-scher\/#breadcrumb"},"inLanguage":"es","potentialAction":[{"@type":"ReadAction","target":["https:\/\/carontestudio.com\/blog\/disenadores-ilustres-paula-scher\/"]}]},{"@type":"ImageObject","inLanguage":"es","@id":"https:\/\/carontestudio.com\/blog\/disenadores-ilustres-paula-scher\/#primaryimage","url":"https:\/\/carontestudio.com\/blog\/wp-content\/uploads\/2020\/08\/paula-scher.jpg","contentUrl":"https:\/\/carontestudio.com\/blog\/wp-content\/uploads\/2020\/08\/paula-scher.jpg","width":1250,"height":737,"caption":"Dise\u00f1adores ilustres. Paula Scher"},{"@type":"BreadcrumbList","@id":"https:\/\/carontestudio.com\/blog\/disenadores-ilustres-paula-scher\/#breadcrumb","itemListElement":[{"@type":"ListItem","position":1,"name":"Portada","item":"https:\/\/carontestudio.com\/blog\/"},{"@type":"ListItem","position":2,"name":"Dise\u00f1adores ilustres: Paula Scher"}]},{"@type":"WebSite","@id":"https:\/\/carontestudio.com\/blog\/#website","url":"https:\/\/carontestudio.com\/blog\/","name":"Blog de marketing | Caronte","description":"En nuestro blog encontrar\u00e1s art\u00edculos semanales sobre SEO, marketing online, programaci\u00f3n web y mucho m\u00e1s.","publisher":{"@id":"https:\/\/carontestudio.com\/blog\/#organization"},"potentialAction":[{"@type":"SearchAction","target":{"@type":"EntryPoint","urlTemplate":"https:\/\/carontestudio.com\/blog\/?s={search_term_string}"},"query-input":{"@type":"PropertyValueSpecification","valueRequired":true,"valueName":"search_term_string"}}],"inLanguage":"es"},{"@type":"Organization","@id":"https:\/\/carontestudio.com\/blog\/#organization","name":"Caronte - Agencia de marketing","url":"https:\/\/carontestudio.com\/blog\/","logo":{"@type":"ImageObject","inLanguage":"es","@id":"https:\/\/carontestudio.com\/blog\/#\/schema\/logo\/image\/","url":"https:\/\/carontestudio.com\/blog\/wp-content\/uploads\/2025\/06\/caronte-agencia-de-marketing-logo.png","contentUrl":"https:\/\/carontestudio.com\/blog\/wp-content\/uploads\/2025\/06\/caronte-agencia-de-marketing-logo.png","width":1090,"height":155,"caption":"Caronte - Agencia de marketing"},"image":{"@id":"https:\/\/carontestudio.com\/blog\/#\/schema\/logo\/image\/"},"sameAs":["https:\/\/www.facebook.com\/carontewebstudio\/","https:\/\/www.instagram.com\/caronte_studio\/","https:\/\/www.tiktok.com\/@carontewebstudio","https:\/\/www.youtube.com\/@carontewebstudio","https:\/\/es.linkedin.com\/company\/carontewebstudio"]},{"@type":"Person","@id":"https:\/\/carontestudio.com\/blog\/#\/schema\/person\/2104191b75663e9e9ca47f821c5f92cf","name":"David de Lamo","image":{"@type":"ImageObject","inLanguage":"es","@id":"https:\/\/secure.gravatar.com\/avatar\/110df00c652880b6b00cc45fe489d819ac3f1e805e379a5adefc8fce4d1f548c?s=96&d=mm&r=g","url":"https:\/\/secure.gravatar.com\/avatar\/110df00c652880b6b00cc45fe489d819ac3f1e805e379a5adefc8fce4d1f548c?s=96&d=mm&r=g","contentUrl":"https:\/\/secure.gravatar.com\/avatar\/110df00c652880b6b00cc45fe489d819ac3f1e805e379a5adefc8fce4d1f548c?s=96&d=mm&r=g","caption":"David de Lamo"},"description":"David de Lamo te descubre, en el blog de Caronte Web Studio, las tendencias de dise\u00f1o, tanto gr\u00e1fico como web. Nuestro responsable del \u00e1rea de dise\u00f1o en Caronte Web Studio te cuenta todo lo que debes saber sobre imagen de empresa, carteler\u00eda, dise\u00f1o gr\u00e1fico, dise\u00f1o web, papeler\u00eda, rotulaciones... Aprende con \u00e9l y sum\u00e9rgete en el apasionante mundo del dise\u00f1o.","sameAs":["http:\/\/www.carontestudio.com"],"url":"https:\/\/carontestudio.com\/blog\/author\/david\/"}]}},"_links":{"self":[{"href":"https:\/\/carontestudio.com\/blog\/wp-json\/wp\/v2\/posts\/1997","targetHints":{"allow":["GET"]}}],"collection":[{"href":"https:\/\/carontestudio.com\/blog\/wp-json\/wp\/v2\/posts"}],"about":[{"href":"https:\/\/carontestudio.com\/blog\/wp-json\/wp\/v2\/types\/post"}],"author":[{"embeddable":true,"href":"https:\/\/carontestudio.com\/blog\/wp-json\/wp\/v2\/users\/3"}],"replies":[{"embeddable":true,"href":"https:\/\/carontestudio.com\/blog\/wp-json\/wp\/v2\/comments?post=1997"}],"version-history":[{"count":29,"href":"https:\/\/carontestudio.com\/blog\/wp-json\/wp\/v2\/posts\/1997\/revisions"}],"predecessor-version":[{"id":2602,"href":"https:\/\/carontestudio.com\/blog\/wp-json\/wp\/v2\/posts\/1997\/revisions\/2602"}],"wp:featuredmedia":[{"embeddable":true,"href":"https:\/\/carontestudio.com\/blog\/wp-json\/wp\/v2\/media\/2032"}],"wp:attachment":[{"href":"https:\/\/carontestudio.com\/blog\/wp-json\/wp\/v2\/media?parent=1997"}],"wp:term":[{"taxonomy":"category","embeddable":true,"href":"https:\/\/carontestudio.com\/blog\/wp-json\/wp\/v2\/categories?post=1997"},{"taxonomy":"post_tag","embeddable":true,"href":"https:\/\/carontestudio.com\/blog\/wp-json\/wp\/v2\/tags?post=1997"}],"curies":[{"name":"wp","href":"https:\/\/api.w.org\/{rel}","templated":true}]}}