{"id":19792,"date":"2024-07-19T13:00:00","date_gmt":"2024-07-19T11:00:00","guid":{"rendered":"https:\/\/carontestudio.com\/blog\/?p=19792"},"modified":"2025-05-19T14:41:33","modified_gmt":"2025-05-19T12:41:33","slug":"disenadores-ilustres-hermann-zapf","status":"publish","type":"post","link":"https:\/\/carontestudio.com\/blog\/disenadores-ilustres-hermann-zapf\/","title":{"rendered":"Dise\u00f1adores ilustres: Hermann Zapf"},"content":{"rendered":"\n<p>Hablar de <strong>Hermann Zapf <\/strong>es hablar de tipograf\u00eda. Y es que, aunque te resulte dif\u00edcil de creer, has empleado en m\u00e1s de una o dos ocasiones alguna de sus tipograf\u00edas. Es por eso que hoy, <strong>queremos dedicarle nuestro art\u00edculo a un hombre que dedic\u00f3 su vida al <a href=\"https:\/\/carontestudio.com\/diseno-grafico\/diseno-grafico-vitoria\/\">dise\u00f1o y la tipograf\u00eda<\/a> hasta pr\u00e1cticamente, <\/strong>el fin de sus d\u00edas. Te presentamos a Hermann Zapf.<\/p>\n\n\n\n<h2 class=\"wp-block-heading\">Qui\u00e9n es Hermann Zapf<\/h2>\n\n\n\n<h3 class=\"wp-block-heading\">Primeros a\u00f1os<\/h3>\n\n\n\n<p>Hermann Zapf<strong> nace en 1918 en Nuremberg, Alemania, <\/strong>y pronto comenzar\u00eda a crecer en \u00e9l un inter\u00e9s especial por las artes gr\u00e1ficas. Durante su periodo formativo fueron muchos los maestros que apreciaron en \u00e9l una especial facilidad para el dibujo y el arte. Es por ello que algunos de ellos le recomendaron con insistencia optar por la litograf\u00eda. Su inquietud, le llev\u00f3 a aventurarse de manera muy prematura en el mundo laboral del dise\u00f1o y la imprenta. Sin embargo, la carencia de titulaci\u00f3n y en gran medida, su lugar de origen, Nuremberg, le hicieron fracasar en numerosas entrevistas de trabajo.<\/p>\n\n\n\n<p>No obstante, en 1935, con apenas 16 a\u00f1os,<strong> comienza a ayudar en la imprenta Karl Ulrich &amp; Co. como corrector.<\/strong> De esta manera, aunque no comenz\u00f3 trabajando como inicialmente se hab\u00eda planteado, de lit\u00f3grafo, comenz\u00f3 retocando fotograf\u00edas. Con su creciente inter\u00e9s en la caligraf\u00eda, inspirado por el trabajo de Rudolf Koch y Edward Johnston, comenz\u00f3 a aprender de manera autodidacta. As\u00ed, en poco tiempo, en la empresa comprobaron las aptitudes de Hermann y pronto le encomendaron el retoque de algunas de las tipograf\u00edas con las que trabajaban.<\/p>\n\n\n\n<h3 class=\"wp-block-heading\">Adultez<\/h3>\n\n\n\n<div class=\"wp-block-columns is-layout-flex wp-container-core-columns-is-layout-9d6595d7 wp-block-columns-is-layout-flex\">\n<div class=\"wp-block-column pt-3 is-layout-flow wp-block-column-is-layout-flow\">\n<figure class=\"wp-block-image size-full\"><img loading=\"lazy\" decoding=\"async\" width=\"800\" height=\"600\" src=\"https:\/\/carontestudio.com\/blog\/wp-content\/uploads\/2024\/06\/joven-hermann-zapf.jpg\" alt=\"Juventud de Hermann Zapf\" class=\"wp-image-20249\" srcset=\"https:\/\/carontestudio.com\/blog\/wp-content\/uploads\/2024\/06\/joven-hermann-zapf.jpg 800w, https:\/\/carontestudio.com\/blog\/wp-content\/uploads\/2024\/06\/joven-hermann-zapf-300x225.jpg 300w, https:\/\/carontestudio.com\/blog\/wp-content\/uploads\/2024\/06\/joven-hermann-zapf-768x576.jpg 768w\" sizes=\"auto, (max-width: 800px) 100vw, 800px\" \/><\/figure>\n<\/div>\n\n\n\n<div class=\"wp-block-column is-layout-flow wp-block-column-is-layout-flow\">\n<p>Habiendo aprendido los secretos de la imprenta, continu\u00f3 con la grabaci\u00f3n con punzones de mano del maestro August Rosenberg. M\u00e1s tarde, en 1949, publicar\u00edan de manera conjunta un libro de 25 alfabetos caligr\u00e1ficos llamado Pen and Graver.<\/p>\n\n\n\n<p>Cabe recordar que su desarrollo profesional y acad\u00e9mico coincidi\u00f3 en el tiempo con una de las etapas m\u00e1s convulsas de la historia reciente, como es la Segunda Guerra Mundial. Durante este periodo, Zapf qued\u00f3 exento de militar en primera fila debido a problemas card\u00edacos, adem\u00e1s de su falta de habilidad con el armamento. No obstante,<strong> sirvi\u00f3 como cart\u00f3grafo, hasta la rendici\u00f3n del Tercer Reich<\/strong>, cuando fue apresado como prisionero de guerra durante apenas un mes. En este breve periodo, el ej\u00e9rcito franc\u00e9s dio buena cuenta de las capacidades de Hermann, ya que lo bautizaron como \u00abel artista\u00bb, permiti\u00e9ndole usar su equipo como medida excepcional.<\/p>\n<\/div>\n<\/div>\n\n\n\n<h2 class=\"wp-block-heading\">La obra de Hermann Zapf<\/h2>\n\n\n\n<p>Con tan solo 20 a\u00f1os, Zapf dise\u00f1\u00f3 su primera tipograf\u00eda&nbsp;para<strong> D Stempel AG y <a href=\"https:\/\/www.linotype.com\/es\/\" target=\"_blank\" rel=\"noreferrer noopener\">Linotype GmbH<\/a><\/strong> en Frankfurt, que no es otra que la <strong>\u00abGilgengart\u00bb<\/strong>. No obstante, el primer gran hito para Hermann fue&nbsp;la creaci\u00f3n de la archifamosa tipograf\u00eda \u00abPalatino\u00bb (bautizada as\u00ed en honor del escritor italiano del siglo XVI, Giambattista Palatino. En 1948 dise\u00f1\u00f3 esta famosa fuente para tipos m\u00f3viles y foto-composici\u00f3n. <\/p>\n\n\n\n<div class=\"wp-block-columns is-layout-flex wp-container-core-columns-is-layout-9d6595d7 wp-block-columns-is-layout-flex\">\n<div class=\"wp-block-column is-layout-flow wp-block-column-is-layout-flow\">\n<p>Posteriormente, en 1956 emprendi\u00f3 su viaje como tip\u00f3grafo aut\u00f3nomo, alejado de D Stempel AG y en 1958, dise\u00f1ar\u00eda otra de sus tipograf\u00edas m\u00e1s exitosas, la c\u00e9lebre sans-serif,<strong> \u00abOptima\u00bb<\/strong>. Una tipograf\u00eda nacida inicialmente para r\u00f3tulos y titulares para carteles, que fue acogida con gran entusiasmo para texto corrido, dada su versatilidad.<\/p>\n\n\n\n<p>Por \u00faltimo, vilipendiado en su propio pa\u00eds debido a su visi\u00f3n art\u00edstica, sin duda alguna adelantada a su tiempo, decidi\u00f3 emigrar en busca de una mayor proyecci\u00f3n laboral. As\u00ed, una vez asentado en Estados Unidos, cabe destacar la creaci\u00f3n de la \u00faltima de sus tipograf\u00edas m\u00e1s emblem\u00e1ticas. Concretamente a una a la que el propio Hermann concedi\u00f3 el honor de abanderar su mismo nombre. Esta no es otra que la ilustre <strong>\u00abZapfino\u00bb<\/strong>, que vio la luz en la d\u00e9cada de los 60, con el nacimiento de la era digital. Una tipograf\u00eda caligr\u00e1fica basada en los propios escritos y apuntes de Hermann a lo largo de la d\u00e9cada de los a\u00f1os 40 y 50.<\/p>\n\n\n\n<p>No obstante, Zapf lleg\u00f3 a desarrollar numerosas tipograf\u00edas a lo largo de su vida, como la \u00abPalladio\u00bb, \u00abZapf Dingbats\u00bb, \u00abAntiqua\u00bb, \u00abVario\u00bb, \u00abSaphir\u00bb, \u00abMichelangelo\u00bb, \u00abMelior\u00bb, \u00abOrion\u00bb, \u00abMedici Script\u00bb, \u00abHumanist\u00bb o la \u00abAldus\u00bb, entre otras.<\/p>\n<\/div>\n\n\n\n<div class=\"wp-block-column is-layout-flow wp-block-column-is-layout-flow\">\n<figure class=\"wp-block-image size-full\"><img loading=\"lazy\" decoding=\"async\" width=\"600\" height=\"705\" src=\"https:\/\/carontestudio.com\/blog\/wp-content\/uploads\/2024\/06\/hermann-zapf-tipos.jpg\" alt=\"Tipograf\u00edas Paltatino, Optima y Zapfino de Hermann Zapf.\" class=\"wp-image-20246\" srcset=\"https:\/\/carontestudio.com\/blog\/wp-content\/uploads\/2024\/06\/hermann-zapf-tipos.jpg 600w, https:\/\/carontestudio.com\/blog\/wp-content\/uploads\/2024\/06\/hermann-zapf-tipos-255x300.jpg 255w\" sizes=\"auto, (max-width: 600px) 100vw, 600px\" \/><\/figure>\n<\/div>\n<\/div>\n\n\n\n<h3 class=\"wp-block-heading\">No todo fue tipograf\u00eda<\/h3>\n\n\n\n<p>Aparte de la tipograf\u00eda, Hermann Zapf tambi\u00e9n&nbsp;ejerci\u00f3 la docencia. De hecho, su primera aventura como profesor se dio a una temprana edad. M\u00e1s concretamente&nbsp;en su natal Nuremberg, en una escuela con condiciones muy precarias, debido al tremendo impacto de la guerra. No obstante, en su adultez, lleg\u00f3 a trabajar varios a\u00f1os como profesor en la Universidad de Stanford.<\/p>\n\n\n\n<h2 class=\"wp-block-heading\">Conclusi\u00f3n<\/h2>\n\n\n\n<p>Como habr\u00e1s podido comprobar, tipograf\u00edas tan relevantes para la historia del dise\u00f1o como \u00abOptima\u00bb o \u00abPalatino\u00bb nos acompa\u00f1an a\u00fan hoy en nuestro d\u00eda a d\u00eda. Ya sea para la creaci\u00f3n de un simple documento de texto, como la <a href=\"https:\/\/carontestudio.com\/diseno-grafico\/identidad-corporativa\/\">creaci\u00f3n de un cartel o incluso una identidad corporativa.<\/a> El legado de Hermann Zapf a\u00fan resuena en nuestra memoria, postul\u00e1ndolo como un aut\u00e9ntico erudito de la tipograf\u00eda contempor\u00e1nea. <\/p>\n\n\n\n<p>\u00bfY t\u00fa?\u00bfConoces alg\u00fan otro detalle interesante de la vida de Hermann Zapf? No dudes en compartirlo con nosotros en la secci\u00f3n de comentarios.<\/p>\n\n\n\n<p>Por nuestra parte, no queda sino despedirnos hasta el pr\u00f3ximo art\u00edculo. Agradecemos tu lectura. \u00a1Hasta pronto!<\/p>\n","protected":false},"excerpt":{"rendered":"<p>Desentra\u00f1amos la vida y obra del ilustre tip\u00f3grafo alem\u00e1n, Hermann Zapf. Creador de incontables tipograf\u00edas que perduran, a\u00fan hoy, en nuestra memoria.<\/p>\n","protected":false},"author":3,"featured_media":20258,"comment_status":"open","ping_status":"closed","sticky":false,"template":"","format":"standard","meta":{"_acf_changed":false,"footnotes":""},"categories":[53],"tags":[61],"class_list":["post-19792","post","type-post","status-publish","format-standard","has-post-thumbnail","hentry","category-diseno-grafico","tag-disenadores"],"acf":[],"yoast_head":"<!-- This site is optimized with the Yoast SEO plugin v27.3 - https:\/\/yoast.com\/product\/yoast-seo-wordpress\/ -->\n<title>Dise\u00f1adores ilustres: Hermann Zapf - Caronte Web Studio<\/title>\n<meta name=\"description\" content=\"Hoy hablamos de la vida y obra de Hermann Zapf, el maestro tip\u00f3grafo que destac\u00f3 de manera incontestable sobre otros artistas de la \u00e9poca.\" \/>\n<meta name=\"robots\" content=\"index, follow, max-snippet:-1, max-image-preview:large, max-video-preview:-1\" \/>\n<link rel=\"canonical\" href=\"https:\/\/carontestudio.com\/blog\/disenadores-ilustres-hermann-zapf\/\" \/>\n<meta property=\"og:locale\" content=\"es_ES\" \/>\n<meta property=\"og:type\" content=\"article\" \/>\n<meta property=\"og:title\" content=\"Dise\u00f1adores ilustres: Hermann Zapf - Caronte Web Studio\" \/>\n<meta property=\"og:description\" content=\"Hoy hablamos de la vida y obra de Hermann Zapf, el maestro tip\u00f3grafo que destac\u00f3 de manera incontestable sobre otros artistas de la \u00e9poca.\" \/>\n<meta property=\"og:url\" content=\"https:\/\/carontestudio.com\/blog\/disenadores-ilustres-hermann-zapf\/\" \/>\n<meta property=\"og:site_name\" content=\"Blog de maketing | Caronte\" \/>\n<meta property=\"article:publisher\" content=\"https:\/\/www.facebook.com\/carontewebstudio\/\" \/>\n<meta property=\"article:published_time\" content=\"2024-07-19T11:00:00+00:00\" \/>\n<meta property=\"article:modified_time\" content=\"2025-05-19T12:41:33+00:00\" \/>\n<meta property=\"og:image\" content=\"https:\/\/carontestudio.com\/blog\/wp-content\/uploads\/2024\/06\/hermann-zapf.jpg\" \/>\n\t<meta property=\"og:image:width\" content=\"1250\" \/>\n\t<meta property=\"og:image:height\" content=\"737\" \/>\n\t<meta property=\"og:image:type\" content=\"image\/jpeg\" \/>\n<meta name=\"author\" content=\"David de Lamo\" \/>\n<meta name=\"twitter:card\" content=\"summary_large_image\" \/>\n<meta name=\"twitter:label1\" content=\"Escrito por\" \/>\n\t<meta name=\"twitter:data1\" content=\"David de Lamo\" \/>\n\t<meta name=\"twitter:label2\" content=\"Tiempo de lectura\" \/>\n\t<meta name=\"twitter:data2\" content=\"5 minutos\" \/>\n<script type=\"application\/ld+json\" class=\"yoast-schema-graph\">{\"@context\":\"https:\\\/\\\/schema.org\",\"@graph\":[{\"@type\":\"Article\",\"@id\":\"https:\\\/\\\/carontestudio.com\\\/blog\\\/disenadores-ilustres-hermann-zapf\\\/#article\",\"isPartOf\":{\"@id\":\"https:\\\/\\\/carontestudio.com\\\/blog\\\/disenadores-ilustres-hermann-zapf\\\/\"},\"author\":{\"name\":\"David de Lamo\",\"@id\":\"https:\\\/\\\/carontestudio.com\\\/blog\\\/#\\\/schema\\\/person\\\/2104191b75663e9e9ca47f821c5f92cf\"},\"headline\":\"Dise\u00f1adores ilustres: Hermann Zapf\",\"datePublished\":\"2024-07-19T11:00:00+00:00\",\"dateModified\":\"2025-05-19T12:41:33+00:00\",\"mainEntityOfPage\":{\"@id\":\"https:\\\/\\\/carontestudio.com\\\/blog\\\/disenadores-ilustres-hermann-zapf\\\/\"},\"wordCount\":922,\"commentCount\":0,\"publisher\":{\"@id\":\"https:\\\/\\\/carontestudio.com\\\/blog\\\/#organization\"},\"image\":{\"@id\":\"https:\\\/\\\/carontestudio.com\\\/blog\\\/disenadores-ilustres-hermann-zapf\\\/#primaryimage\"},\"thumbnailUrl\":\"https:\\\/\\\/carontestudio.com\\\/blog\\\/wp-content\\\/uploads\\\/2024\\\/06\\\/hermann-zapf.jpg\",\"keywords\":[\"Dise\u00f1adores\"],\"articleSection\":[\"Dise\u00f1o gr\u00e1fico\"],\"inLanguage\":\"es\",\"potentialAction\":[{\"@type\":\"CommentAction\",\"name\":\"Comment\",\"target\":[\"https:\\\/\\\/carontestudio.com\\\/blog\\\/disenadores-ilustres-hermann-zapf\\\/#respond\"]}]},{\"@type\":\"WebPage\",\"@id\":\"https:\\\/\\\/carontestudio.com\\\/blog\\\/disenadores-ilustres-hermann-zapf\\\/\",\"url\":\"https:\\\/\\\/carontestudio.com\\\/blog\\\/disenadores-ilustres-hermann-zapf\\\/\",\"name\":\"Dise\u00f1adores ilustres: Hermann Zapf - Caronte Web Studio\",\"isPartOf\":{\"@id\":\"https:\\\/\\\/carontestudio.com\\\/blog\\\/#website\"},\"primaryImageOfPage\":{\"@id\":\"https:\\\/\\\/carontestudio.com\\\/blog\\\/disenadores-ilustres-hermann-zapf\\\/#primaryimage\"},\"image\":{\"@id\":\"https:\\\/\\\/carontestudio.com\\\/blog\\\/disenadores-ilustres-hermann-zapf\\\/#primaryimage\"},\"thumbnailUrl\":\"https:\\\/\\\/carontestudio.com\\\/blog\\\/wp-content\\\/uploads\\\/2024\\\/06\\\/hermann-zapf.jpg\",\"datePublished\":\"2024-07-19T11:00:00+00:00\",\"dateModified\":\"2025-05-19T12:41:33+00:00\",\"description\":\"Hoy hablamos de la vida y obra de Hermann Zapf, el maestro tip\u00f3grafo que destac\u00f3 de manera incontestable sobre otros artistas de la \u00e9poca.\",\"breadcrumb\":{\"@id\":\"https:\\\/\\\/carontestudio.com\\\/blog\\\/disenadores-ilustres-hermann-zapf\\\/#breadcrumb\"},\"inLanguage\":\"es\",\"potentialAction\":[{\"@type\":\"ReadAction\",\"target\":[\"https:\\\/\\\/carontestudio.com\\\/blog\\\/disenadores-ilustres-hermann-zapf\\\/\"]}]},{\"@type\":\"ImageObject\",\"inLanguage\":\"es\",\"@id\":\"https:\\\/\\\/carontestudio.com\\\/blog\\\/disenadores-ilustres-hermann-zapf\\\/#primaryimage\",\"url\":\"https:\\\/\\\/carontestudio.com\\\/blog\\\/wp-content\\\/uploads\\\/2024\\\/06\\\/hermann-zapf.jpg\",\"contentUrl\":\"https:\\\/\\\/carontestudio.com\\\/blog\\\/wp-content\\\/uploads\\\/2024\\\/06\\\/hermann-zapf.jpg\",\"width\":1250,\"height\":737},{\"@type\":\"BreadcrumbList\",\"@id\":\"https:\\\/\\\/carontestudio.com\\\/blog\\\/disenadores-ilustres-hermann-zapf\\\/#breadcrumb\",\"itemListElement\":[{\"@type\":\"ListItem\",\"position\":1,\"name\":\"Portada\",\"item\":\"https:\\\/\\\/carontestudio.com\\\/blog\\\/\"},{\"@type\":\"ListItem\",\"position\":2,\"name\":\"Dise\u00f1adores ilustres: Hermann Zapf\"}]},{\"@type\":\"WebSite\",\"@id\":\"https:\\\/\\\/carontestudio.com\\\/blog\\\/#website\",\"url\":\"https:\\\/\\\/carontestudio.com\\\/blog\\\/\",\"name\":\"Blog de marketing | Caronte\",\"description\":\"En nuestro blog encontrar\u00e1s art\u00edculos semanales sobre SEO, marketing online, programaci\u00f3n web y mucho m\u00e1s.\",\"publisher\":{\"@id\":\"https:\\\/\\\/carontestudio.com\\\/blog\\\/#organization\"},\"potentialAction\":[{\"@type\":\"SearchAction\",\"target\":{\"@type\":\"EntryPoint\",\"urlTemplate\":\"https:\\\/\\\/carontestudio.com\\\/blog\\\/?s={search_term_string}\"},\"query-input\":{\"@type\":\"PropertyValueSpecification\",\"valueRequired\":true,\"valueName\":\"search_term_string\"}}],\"inLanguage\":\"es\"},{\"@type\":\"Organization\",\"@id\":\"https:\\\/\\\/carontestudio.com\\\/blog\\\/#organization\",\"name\":\"Caronte - Agencia de marketing\",\"url\":\"https:\\\/\\\/carontestudio.com\\\/blog\\\/\",\"logo\":{\"@type\":\"ImageObject\",\"inLanguage\":\"es\",\"@id\":\"https:\\\/\\\/carontestudio.com\\\/blog\\\/#\\\/schema\\\/logo\\\/image\\\/\",\"url\":\"https:\\\/\\\/carontestudio.com\\\/blog\\\/wp-content\\\/uploads\\\/2025\\\/06\\\/caronte-agencia-de-marketing-logo.png\",\"contentUrl\":\"https:\\\/\\\/carontestudio.com\\\/blog\\\/wp-content\\\/uploads\\\/2025\\\/06\\\/caronte-agencia-de-marketing-logo.png\",\"width\":1090,\"height\":155,\"caption\":\"Caronte - Agencia de marketing\"},\"image\":{\"@id\":\"https:\\\/\\\/carontestudio.com\\\/blog\\\/#\\\/schema\\\/logo\\\/image\\\/\"},\"sameAs\":[\"https:\\\/\\\/www.facebook.com\\\/carontewebstudio\\\/\",\"https:\\\/\\\/www.instagram.com\\\/caronte_studio\\\/\",\"https:\\\/\\\/www.tiktok.com\\\/@carontewebstudio\",\"https:\\\/\\\/www.youtube.com\\\/@carontewebstudio\",\"https:\\\/\\\/es.linkedin.com\\\/company\\\/carontewebstudio\"]},{\"@type\":\"Person\",\"@id\":\"https:\\\/\\\/carontestudio.com\\\/blog\\\/#\\\/schema\\\/person\\\/2104191b75663e9e9ca47f821c5f92cf\",\"name\":\"David de Lamo\",\"image\":{\"@type\":\"ImageObject\",\"inLanguage\":\"es\",\"@id\":\"https:\\\/\\\/secure.gravatar.com\\\/avatar\\\/110df00c652880b6b00cc45fe489d819ac3f1e805e379a5adefc8fce4d1f548c?s=96&d=mm&r=g\",\"url\":\"https:\\\/\\\/secure.gravatar.com\\\/avatar\\\/110df00c652880b6b00cc45fe489d819ac3f1e805e379a5adefc8fce4d1f548c?s=96&d=mm&r=g\",\"contentUrl\":\"https:\\\/\\\/secure.gravatar.com\\\/avatar\\\/110df00c652880b6b00cc45fe489d819ac3f1e805e379a5adefc8fce4d1f548c?s=96&d=mm&r=g\",\"caption\":\"David de Lamo\"},\"description\":\"David de Lamo te descubre, en el blog de Caronte Web Studio, las tendencias de dise\u00f1o, tanto gr\u00e1fico como web. Nuestro responsable del \u00e1rea de dise\u00f1o en Caronte Web Studio te cuenta todo lo que debes saber sobre imagen de empresa, carteler\u00eda, dise\u00f1o gr\u00e1fico, dise\u00f1o web, papeler\u00eda, rotulaciones... Aprende con \u00e9l y sum\u00e9rgete en el apasionante mundo del dise\u00f1o.\",\"sameAs\":[\"http:\\\/\\\/www.carontestudio.com\"],\"url\":\"https:\\\/\\\/carontestudio.com\\\/blog\\\/author\\\/david\\\/\"}]}<\/script>\n<!-- \/ Yoast SEO plugin. -->","yoast_head_json":{"title":"Dise\u00f1adores ilustres: Hermann Zapf - Caronte Web Studio","description":"Hoy hablamos de la vida y obra de Hermann Zapf, el maestro tip\u00f3grafo que destac\u00f3 de manera incontestable sobre otros artistas de la \u00e9poca.","robots":{"index":"index","follow":"follow","max-snippet":"max-snippet:-1","max-image-preview":"max-image-preview:large","max-video-preview":"max-video-preview:-1"},"canonical":"https:\/\/carontestudio.com\/blog\/disenadores-ilustres-hermann-zapf\/","og_locale":"es_ES","og_type":"article","og_title":"Dise\u00f1adores ilustres: Hermann Zapf - Caronte Web Studio","og_description":"Hoy hablamos de la vida y obra de Hermann Zapf, el maestro tip\u00f3grafo que destac\u00f3 de manera incontestable sobre otros artistas de la \u00e9poca.","og_url":"https:\/\/carontestudio.com\/blog\/disenadores-ilustres-hermann-zapf\/","og_site_name":"Blog de maketing | Caronte","article_publisher":"https:\/\/www.facebook.com\/carontewebstudio\/","article_published_time":"2024-07-19T11:00:00+00:00","article_modified_time":"2025-05-19T12:41:33+00:00","og_image":[{"width":1250,"height":737,"url":"https:\/\/carontestudio.com\/blog\/wp-content\/uploads\/2024\/06\/hermann-zapf.jpg","type":"image\/jpeg"}],"author":"David de Lamo","twitter_card":"summary_large_image","twitter_misc":{"Escrito por":"David de Lamo","Tiempo de lectura":"5 minutos"},"schema":{"@context":"https:\/\/schema.org","@graph":[{"@type":"Article","@id":"https:\/\/carontestudio.com\/blog\/disenadores-ilustres-hermann-zapf\/#article","isPartOf":{"@id":"https:\/\/carontestudio.com\/blog\/disenadores-ilustres-hermann-zapf\/"},"author":{"name":"David de Lamo","@id":"https:\/\/carontestudio.com\/blog\/#\/schema\/person\/2104191b75663e9e9ca47f821c5f92cf"},"headline":"Dise\u00f1adores ilustres: Hermann Zapf","datePublished":"2024-07-19T11:00:00+00:00","dateModified":"2025-05-19T12:41:33+00:00","mainEntityOfPage":{"@id":"https:\/\/carontestudio.com\/blog\/disenadores-ilustres-hermann-zapf\/"},"wordCount":922,"commentCount":0,"publisher":{"@id":"https:\/\/carontestudio.com\/blog\/#organization"},"image":{"@id":"https:\/\/carontestudio.com\/blog\/disenadores-ilustres-hermann-zapf\/#primaryimage"},"thumbnailUrl":"https:\/\/carontestudio.com\/blog\/wp-content\/uploads\/2024\/06\/hermann-zapf.jpg","keywords":["Dise\u00f1adores"],"articleSection":["Dise\u00f1o gr\u00e1fico"],"inLanguage":"es","potentialAction":[{"@type":"CommentAction","name":"Comment","target":["https:\/\/carontestudio.com\/blog\/disenadores-ilustres-hermann-zapf\/#respond"]}]},{"@type":"WebPage","@id":"https:\/\/carontestudio.com\/blog\/disenadores-ilustres-hermann-zapf\/","url":"https:\/\/carontestudio.com\/blog\/disenadores-ilustres-hermann-zapf\/","name":"Dise\u00f1adores ilustres: Hermann Zapf - Caronte Web Studio","isPartOf":{"@id":"https:\/\/carontestudio.com\/blog\/#website"},"primaryImageOfPage":{"@id":"https:\/\/carontestudio.com\/blog\/disenadores-ilustres-hermann-zapf\/#primaryimage"},"image":{"@id":"https:\/\/carontestudio.com\/blog\/disenadores-ilustres-hermann-zapf\/#primaryimage"},"thumbnailUrl":"https:\/\/carontestudio.com\/blog\/wp-content\/uploads\/2024\/06\/hermann-zapf.jpg","datePublished":"2024-07-19T11:00:00+00:00","dateModified":"2025-05-19T12:41:33+00:00","description":"Hoy hablamos de la vida y obra de Hermann Zapf, el maestro tip\u00f3grafo que destac\u00f3 de manera incontestable sobre otros artistas de la \u00e9poca.","breadcrumb":{"@id":"https:\/\/carontestudio.com\/blog\/disenadores-ilustres-hermann-zapf\/#breadcrumb"},"inLanguage":"es","potentialAction":[{"@type":"ReadAction","target":["https:\/\/carontestudio.com\/blog\/disenadores-ilustres-hermann-zapf\/"]}]},{"@type":"ImageObject","inLanguage":"es","@id":"https:\/\/carontestudio.com\/blog\/disenadores-ilustres-hermann-zapf\/#primaryimage","url":"https:\/\/carontestudio.com\/blog\/wp-content\/uploads\/2024\/06\/hermann-zapf.jpg","contentUrl":"https:\/\/carontestudio.com\/blog\/wp-content\/uploads\/2024\/06\/hermann-zapf.jpg","width":1250,"height":737},{"@type":"BreadcrumbList","@id":"https:\/\/carontestudio.com\/blog\/disenadores-ilustres-hermann-zapf\/#breadcrumb","itemListElement":[{"@type":"ListItem","position":1,"name":"Portada","item":"https:\/\/carontestudio.com\/blog\/"},{"@type":"ListItem","position":2,"name":"Dise\u00f1adores ilustres: Hermann Zapf"}]},{"@type":"WebSite","@id":"https:\/\/carontestudio.com\/blog\/#website","url":"https:\/\/carontestudio.com\/blog\/","name":"Blog de marketing | Caronte","description":"En nuestro blog encontrar\u00e1s art\u00edculos semanales sobre SEO, marketing online, programaci\u00f3n web y mucho m\u00e1s.","publisher":{"@id":"https:\/\/carontestudio.com\/blog\/#organization"},"potentialAction":[{"@type":"SearchAction","target":{"@type":"EntryPoint","urlTemplate":"https:\/\/carontestudio.com\/blog\/?s={search_term_string}"},"query-input":{"@type":"PropertyValueSpecification","valueRequired":true,"valueName":"search_term_string"}}],"inLanguage":"es"},{"@type":"Organization","@id":"https:\/\/carontestudio.com\/blog\/#organization","name":"Caronte - Agencia de marketing","url":"https:\/\/carontestudio.com\/blog\/","logo":{"@type":"ImageObject","inLanguage":"es","@id":"https:\/\/carontestudio.com\/blog\/#\/schema\/logo\/image\/","url":"https:\/\/carontestudio.com\/blog\/wp-content\/uploads\/2025\/06\/caronte-agencia-de-marketing-logo.png","contentUrl":"https:\/\/carontestudio.com\/blog\/wp-content\/uploads\/2025\/06\/caronte-agencia-de-marketing-logo.png","width":1090,"height":155,"caption":"Caronte - Agencia de marketing"},"image":{"@id":"https:\/\/carontestudio.com\/blog\/#\/schema\/logo\/image\/"},"sameAs":["https:\/\/www.facebook.com\/carontewebstudio\/","https:\/\/www.instagram.com\/caronte_studio\/","https:\/\/www.tiktok.com\/@carontewebstudio","https:\/\/www.youtube.com\/@carontewebstudio","https:\/\/es.linkedin.com\/company\/carontewebstudio"]},{"@type":"Person","@id":"https:\/\/carontestudio.com\/blog\/#\/schema\/person\/2104191b75663e9e9ca47f821c5f92cf","name":"David de Lamo","image":{"@type":"ImageObject","inLanguage":"es","@id":"https:\/\/secure.gravatar.com\/avatar\/110df00c652880b6b00cc45fe489d819ac3f1e805e379a5adefc8fce4d1f548c?s=96&d=mm&r=g","url":"https:\/\/secure.gravatar.com\/avatar\/110df00c652880b6b00cc45fe489d819ac3f1e805e379a5adefc8fce4d1f548c?s=96&d=mm&r=g","contentUrl":"https:\/\/secure.gravatar.com\/avatar\/110df00c652880b6b00cc45fe489d819ac3f1e805e379a5adefc8fce4d1f548c?s=96&d=mm&r=g","caption":"David de Lamo"},"description":"David de Lamo te descubre, en el blog de Caronte Web Studio, las tendencias de dise\u00f1o, tanto gr\u00e1fico como web. Nuestro responsable del \u00e1rea de dise\u00f1o en Caronte Web Studio te cuenta todo lo que debes saber sobre imagen de empresa, carteler\u00eda, dise\u00f1o gr\u00e1fico, dise\u00f1o web, papeler\u00eda, rotulaciones... Aprende con \u00e9l y sum\u00e9rgete en el apasionante mundo del dise\u00f1o.","sameAs":["http:\/\/www.carontestudio.com"],"url":"https:\/\/carontestudio.com\/blog\/author\/david\/"}]}},"_links":{"self":[{"href":"https:\/\/carontestudio.com\/blog\/wp-json\/wp\/v2\/posts\/19792","targetHints":{"allow":["GET"]}}],"collection":[{"href":"https:\/\/carontestudio.com\/blog\/wp-json\/wp\/v2\/posts"}],"about":[{"href":"https:\/\/carontestudio.com\/blog\/wp-json\/wp\/v2\/types\/post"}],"author":[{"embeddable":true,"href":"https:\/\/carontestudio.com\/blog\/wp-json\/wp\/v2\/users\/3"}],"replies":[{"embeddable":true,"href":"https:\/\/carontestudio.com\/blog\/wp-json\/wp\/v2\/comments?post=19792"}],"version-history":[{"count":21,"href":"https:\/\/carontestudio.com\/blog\/wp-json\/wp\/v2\/posts\/19792\/revisions"}],"predecessor-version":[{"id":20253,"href":"https:\/\/carontestudio.com\/blog\/wp-json\/wp\/v2\/posts\/19792\/revisions\/20253"}],"wp:featuredmedia":[{"embeddable":true,"href":"https:\/\/carontestudio.com\/blog\/wp-json\/wp\/v2\/media\/20258"}],"wp:attachment":[{"href":"https:\/\/carontestudio.com\/blog\/wp-json\/wp\/v2\/media?parent=19792"}],"wp:term":[{"taxonomy":"category","embeddable":true,"href":"https:\/\/carontestudio.com\/blog\/wp-json\/wp\/v2\/categories?post=19792"},{"taxonomy":"post_tag","embeddable":true,"href":"https:\/\/carontestudio.com\/blog\/wp-json\/wp\/v2\/tags?post=19792"}],"curies":[{"name":"wp","href":"https:\/\/api.w.org\/{rel}","templated":true}]}}