{"id":19347,"date":"2024-03-29T13:00:00","date_gmt":"2024-03-29T12:00:00","guid":{"rendered":"https:\/\/carontestudio.com\/blog\/?p=19347"},"modified":"2024-03-18T16:35:17","modified_gmt":"2024-03-18T15:35:17","slug":"como-usar-la-retorica-visual-en-diseno-grafico","status":"publish","type":"post","link":"https:\/\/carontestudio.com\/blog\/como-usar-la-retorica-visual-en-diseno-grafico\/","title":{"rendered":"C\u00f3mo usar la ret\u00f3rica visual en dise\u00f1o gr\u00e1fico"},"content":{"rendered":"\n<p>La ret\u00f3rica es un conjunto de recursos que se utilizan como herramienta habitual en la literatura. Se utiliza sobre todo para construir discursos persuasivos eficaces o embellecer estos discursos. Para ello, las figuras ret\u00f3ricas son claves para que se genere este lenguaje comunicativo.\u00a0Y te preguntar\u00e1s qu\u00e9 tendr\u00e1 esto que ver con el dise\u00f1o gr\u00e1fico. Qu\u00e9date aqu\u00ed y descubre el sentido de la <strong>ret\u00f3rica visual en el <a href=\"https:\/\/carontestudio.com\/diseno-grafico\/diseno-grafico-vitoria\/\">dise\u00f1o gr\u00e1fico<\/a><\/strong>, adem\u00e1s de saber c\u00f3mo utilizarla para que tus dise\u00f1os alcancen un nivel superior <strong>comunicativo<\/strong>.<\/p>\n\n\n\n<h2 class=\"wp-block-heading\">\u00bfQu\u00e9 es la ret\u00f3rica visual y la figura ret\u00f3rica?<\/h2>\n\n\n\n<p>La ret\u00f3rica visual es un tipo de ret\u00f3rica que se lleva utilizando en publicidad muchos a\u00f1os para persuadir a los consumidores a trav\u00e9s de im\u00e1genes visuales muy impactantes. Para la creaci\u00f3n de estas im\u00e1genes, se utilizan diferentes t\u00e9cnicas para crear mensajes que van m\u00e1s all\u00e1 de lo literal. Estas t\u00e9cnicas son las <strong>figuras ret\u00f3ricas<\/strong>, que tienen la <strong>intenci\u00f3n de generar emociones o crear impacto<\/strong> en los espectadores a trav\u00e9s de diferentes maneras. A continuaci\u00f3n, vamos a explicar cada figura ret\u00f3rica para que puedas utilizarlas seg\u00fan el mensaje que quieres transmitir.<\/p>\n\n\n\n<h2 class=\"wp-block-heading\">Figuras de la ret\u00f3rica visual<\/h2>\n\n\n\n<h3 class=\"wp-block-heading\">Tipogramas<\/h3>\n\n\n\n<p>Un tipograma se basa en una <strong>composici\u00f3n tipogr\u00e1fica para crear una imagen<\/strong>. El texto que aparece en este recurso no tiene mucha importancia y coge m\u00e1s peso la imagen que se consigue a trav\u00e9s de este juego. Aunque, como ya he comentado, el texto no tiene mucho peso, tiene que estar relacionado con la imagen para no perder el mensaje que se quiere transmitir. Este texto no mantiene la orientaci\u00f3n tradicional y se puede disponer de la forma m\u00e1s conveniente.<\/p>\n\n\n<div class=\"wp-block-image\">\n<figure class=\"aligncenter size-full\"><img loading=\"lazy\" decoding=\"async\" width=\"384\" height=\"499\" src=\"https:\/\/carontestudio.com\/blog\/wp-content\/uploads\/2024\/03\/image-8.png\" alt=\"Ret\u00f3rica visual: Tipograma\" class=\"wp-image-19349\" srcset=\"https:\/\/carontestudio.com\/blog\/wp-content\/uploads\/2024\/03\/image-8.png 384w, https:\/\/carontestudio.com\/blog\/wp-content\/uploads\/2024\/03\/image-8-231x300.png 231w\" sizes=\"auto, (max-width: 384px) 100vw, 384px\" \/><\/figure>\n<\/div>\n\n\n<h3 class=\"wp-block-heading\">Sin\u00e9cdoque&nbsp;<\/h3>\n\n\n\n<p>Es una figura que se emplea cuando <strong>a trav\u00e9s de una parte de la imagen se quiere representar todo<\/strong>, es decir, que mostrando una peque\u00f1a parte de una imagen, se puede reconocer la imagen en total. De este modo, por su contexto, todo el mundo identifica lo que es. Para ello, se suele ense\u00f1ar las caracter\u00edsticas m\u00e1s significativas de lo que se quiere mostrar.<\/p>\n\n\n<div class=\"wp-block-image\">\n<figure class=\"aligncenter size-full\"><img loading=\"lazy\" decoding=\"async\" width=\"628\" height=\"248\" src=\"https:\/\/carontestudio.com\/blog\/wp-content\/uploads\/2024\/03\/image-9.png\" alt=\"Ret\u00f3rica visual: Sin\u00e9cdoque\" class=\"wp-image-19350\" srcset=\"https:\/\/carontestudio.com\/blog\/wp-content\/uploads\/2024\/03\/image-9.png 628w, https:\/\/carontestudio.com\/blog\/wp-content\/uploads\/2024\/03\/image-9-300x118.png 300w\" sizes=\"auto, (max-width: 628px) 100vw, 628px\" \/><\/figure>\n<\/div>\n\n\n<h3 class=\"wp-block-heading\">Met\u00e1fora<\/h3>\n\n\n\n<p>En este caso, <strong>se ponen en comparaci\u00f3n dos im\u00e1genes para darle el significado de una a la otra<\/strong>. Estas im\u00e1genes no tienen por qu\u00e9 tener una estrecha relaci\u00f3n entre s\u00ed, aunque se deben parecer visualmente. Si las im\u00e1genes son muy diferentes visualmente no se pueden unir<\/p>\n\n\n<div class=\"wp-block-image\">\n<figure class=\"aligncenter size-full\"><img loading=\"lazy\" decoding=\"async\" width=\"405\" height=\"507\" src=\"https:\/\/carontestudio.com\/blog\/wp-content\/uploads\/2024\/03\/image-10.png\" alt=\"Ret\u00f3rica visual: Met\u00e1fora\" class=\"wp-image-19351\" srcset=\"https:\/\/carontestudio.com\/blog\/wp-content\/uploads\/2024\/03\/image-10.png 405w, https:\/\/carontestudio.com\/blog\/wp-content\/uploads\/2024\/03\/image-10-240x300.png 240w\" sizes=\"auto, (max-width: 405px) 100vw, 405px\" \/><\/figure>\n<\/div>\n\n\n<h3 class=\"wp-block-heading\">Metonimia&nbsp;<\/h3>\n\n\n\n<p>Este recurso es parecido a la sin\u00e9cdoque y a la met\u00e1fora, ya que se sustituye una imagen por otra, pero en este caso, <strong>existe una estrecha relaci\u00f3n entre ambas im\u00e1genes<\/strong>. Es una combinaci\u00f3n entre las dos y esta puede ser de autor-obra, productor-producto, continente-contenido, parte-todo, causa-efecto, etc.<\/p>\n\n\n<div class=\"wp-block-image\">\n<figure class=\"aligncenter size-full\"><img loading=\"lazy\" decoding=\"async\" width=\"472\" height=\"324\" src=\"https:\/\/carontestudio.com\/blog\/wp-content\/uploads\/2024\/03\/52fd45d9187c7960433a23c6745e4fd1.jpg\" alt=\"Metonimia en publicidad de marca de sombreros\" class=\"wp-image-19352\" srcset=\"https:\/\/carontestudio.com\/blog\/wp-content\/uploads\/2024\/03\/52fd45d9187c7960433a23c6745e4fd1.jpg 472w, https:\/\/carontestudio.com\/blog\/wp-content\/uploads\/2024\/03\/52fd45d9187c7960433a23c6745e4fd1-300x206.jpg 300w\" sizes=\"auto, (max-width: 472px) 100vw, 472px\" \/><\/figure>\n<\/div>\n\n\n<h3 class=\"wp-block-heading\">Ant\u00edtesis&nbsp;<\/h3>\n\n\n\n<p>Se muestran dos o m\u00e1s <strong>s\u00edmbolos enfrentados y opuestos<\/strong>, es decir, con significados totalmente opuestos, para generar un nuevo significado. Su objetivo es provocar un choque de sentidos que haga reflexionar al espectador sobre la imagen que est\u00e1 viendo.<\/p>\n\n\n<div class=\"wp-block-image\">\n<figure class=\"aligncenter size-full\"><img loading=\"lazy\" decoding=\"async\" width=\"741\" height=\"494\" src=\"https:\/\/carontestudio.com\/blog\/wp-content\/uploads\/2024\/03\/image-11.png\" alt=\"Ant\u00edtesis contraponiendo dos ideas opuestas\" class=\"wp-image-19353\" srcset=\"https:\/\/carontestudio.com\/blog\/wp-content\/uploads\/2024\/03\/image-11.png 741w, https:\/\/carontestudio.com\/blog\/wp-content\/uploads\/2024\/03\/image-11-300x200.png 300w\" sizes=\"auto, (max-width: 741px) 100vw, 741px\" \/><\/figure>\n<\/div>\n\n\n<h3 class=\"wp-block-heading\">S\u00edmil\u00a0<\/h3>\n\n\n\n<p>Esta figura ret\u00f3rica se basa en establecer una <strong>uni\u00f3n entre una caracter\u00edstica y un producto o servicio<\/strong>. De esta forma se pretende otorgar esa caracter\u00edstica que se ha escogido al producto que se quiere vender. Esto se puede ver claramente en el ejemplo de a continuaci\u00f3n.<\/p>\n\n\n<div class=\"wp-block-image\">\n<figure class=\"aligncenter size-full is-resized\"><img loading=\"lazy\" decoding=\"async\" width=\"471\" height=\"644\" src=\"https:\/\/carontestudio.com\/blog\/wp-content\/uploads\/2024\/03\/image-12.png\" alt=\"Ret\u00f3rica visual: S\u00edmil\" class=\"wp-image-19354\" style=\"width:374px;height:auto\" srcset=\"https:\/\/carontestudio.com\/blog\/wp-content\/uploads\/2024\/03\/image-12.png 471w, https:\/\/carontestudio.com\/blog\/wp-content\/uploads\/2024\/03\/image-12-219x300.png 219w\" sizes=\"auto, (max-width: 471px) 100vw, 471px\" \/><\/figure>\n<\/div>\n\n\n<h3 class=\"wp-block-heading\">Analog\u00eda<\/h3>\n\n\n\n<p>Se basa en establecer una <strong>semejanza entre dos elementos distintos<\/strong>. Esta semejanza debe ser sencilla para que todo el mundo pueda comprenderlo. Si se establece una similitud demasiado compleja puede que el mensaje que se quiere transmitir no llegue al receptor. Esta figura se suele utilizar, nuevamente, para otorgar el significado de una imagen a la otra.<\/p>\n\n\n<div class=\"wp-block-image\">\n<figure class=\"aligncenter size-full\"><img loading=\"lazy\" decoding=\"async\" width=\"554\" height=\"267\" src=\"https:\/\/carontestudio.com\/blog\/wp-content\/uploads\/2024\/03\/image-13.png\" alt=\"Ret\u00f3rica visual: Analog\u00eda\" class=\"wp-image-19355\" srcset=\"https:\/\/carontestudio.com\/blog\/wp-content\/uploads\/2024\/03\/image-13.png 554w, https:\/\/carontestudio.com\/blog\/wp-content\/uploads\/2024\/03\/image-13-300x145.png 300w\" sizes=\"auto, (max-width: 554px) 100vw, 554px\" \/><\/figure>\n<\/div>\n\n\n<h3 class=\"wp-block-heading\">Hip\u00e9rbole<\/h3>\n\n\n\n<p>Esta figura ret\u00f3rica, al igual que en la literatura, utiliza la <strong>exageraci\u00f3n para destacar una caracter\u00edstica del producto<\/strong>. Lleva a lo extremo esta caracter\u00edstica para enfatizar las mejores cualidades del producto.<\/p>\n\n\n<div class=\"wp-block-image\">\n<figure class=\"aligncenter size-full\"><img loading=\"lazy\" decoding=\"async\" width=\"270\" height=\"362\" src=\"https:\/\/carontestudio.com\/blog\/wp-content\/uploads\/2024\/03\/image-14.png\" alt=\"Ret\u00f3rica visual: Hip\u00e9rbole\" class=\"wp-image-19356\" srcset=\"https:\/\/carontestudio.com\/blog\/wp-content\/uploads\/2024\/03\/image-14.png 270w, https:\/\/carontestudio.com\/blog\/wp-content\/uploads\/2024\/03\/image-14-224x300.png 224w\" sizes=\"auto, (max-width: 270px) 100vw, 270px\" \/><\/figure>\n<\/div>\n\n\n<h3 class=\"wp-block-heading\">Prosopopeya<\/h3>\n\n\n\n<p>La prosopopeya consiste en<strong> atribuir cualidades humanas a seres inanimados<\/strong> o abstractos para darles vida propia. Tambi\u00e9n se suelen plasmar acciones de los seres humanos en seres que no lo son. Se utiliza para generar una imagen m\u00e1s c\u00f3mica del producto.<\/p>\n\n\n<div class=\"wp-block-image\">\n<figure class=\"aligncenter size-full\"><img loading=\"lazy\" decoding=\"async\" width=\"201\" height=\"269\" src=\"https:\/\/carontestudio.com\/blog\/wp-content\/uploads\/2024\/03\/image-15.png\" alt=\"Ret\u00f3rica visual: Prosopopeya\" class=\"wp-image-19357\"\/><\/figure>\n<\/div>\n\n\n<h3 class=\"wp-block-heading\">Iron\u00eda<\/h3>\n\n\n\n<p>La iron\u00eda genera un <strong>contraste entre la imagen y su significado<\/strong>. Es decir, relaciona el producto con otra imagen para otorgarle el significado de la imagen al producto. Aunque, generalmente, se usa para realizar cr\u00edticas como podemos observar en este ejemplo.<\/p>\n\n\n<div class=\"wp-block-image\">\n<figure class=\"aligncenter size-full\"><img loading=\"lazy\" decoding=\"async\" width=\"416\" height=\"311\" src=\"https:\/\/carontestudio.com\/blog\/wp-content\/uploads\/2024\/03\/image-7.png\" alt=\"Con la iron\u00eda se contrastan dos mensajes contradictorios\" class=\"wp-image-19348\" srcset=\"https:\/\/carontestudio.com\/blog\/wp-content\/uploads\/2024\/03\/image-7.png 416w, https:\/\/carontestudio.com\/blog\/wp-content\/uploads\/2024\/03\/image-7-300x224.png 300w\" sizes=\"auto, (max-width: 416px) 100vw, 416px\" \/><\/figure>\n<\/div>\n\n\n<h2 class=\"wp-block-heading\">Conclusi\u00f3n<\/h2>\n\n\n\n<p>Sin lugar a dudas, la <strong>ret\u00f3rica visual<\/strong> es una herramienta muy poderosa a la hora de <a href=\"https:\/\/carontestudio.com\/diseno-grafico\/diseno-grafico-vitoria\/\">comunicar mensajes a trav\u00e9s de im\u00e1genes<\/a> de manera m\u00e1s creativa. Por ello, si alg\u00fan d\u00eda te sientes con falta de imaginaci\u00f3n, es importante mirar <strong>ejemplos de figuras ret\u00f3ricas<\/strong> y documentarse para desbloquearse.\u00a0<\/p>\n\n\n\n<p>Con este art\u00edculo podr\u00e1s revisar varias figuras ret\u00f3ricas que te ayudar\u00e1n a crear nuevas ideas con mensajes que generan un mayor impacto en el espectador. De igual modo, es importante recalcar que las figuras ret\u00f3ricas que se nombran aqu\u00ed son solo algunas de ellas, las m\u00e1s importantes. \u00bfEch\u00e1is alguna en falta? Dej\u00e1dnoslas en los comentarios.<\/p>\n","protected":false},"excerpt":{"rendered":"<p>La ret\u00f3rica visual es clave para que provocar emociones. Te contamos cu\u00e1les son las principales figuras ret\u00f3ricas usadas en publicidad.<\/p>\n","protected":false},"author":21,"featured_media":19359,"comment_status":"open","ping_status":"closed","sticky":false,"template":"","format":"standard","meta":{"_acf_changed":false,"footnotes":""},"categories":[53],"tags":[],"class_list":["post-19347","post","type-post","status-publish","format-standard","has-post-thumbnail","hentry","category-diseno-grafico"],"acf":[],"yoast_head":"<!-- This site is optimized with the Yoast SEO plugin v27.3 - https:\/\/yoast.com\/product\/yoast-seo-wordpress\/ -->\n<title>Ret\u00f3rica visual en el dise\u00f1o gr\u00e1fico. C\u00f3mo usar figuras ret\u00f3ricas<\/title>\n<meta name=\"description\" content=\"La ret\u00f3rica visual es clave para que provocar emociones. Te contamos cu\u00e1les son las principales figuras ret\u00f3ricas usadas en publicidad.\" \/>\n<meta name=\"robots\" content=\"index, follow, max-snippet:-1, max-image-preview:large, max-video-preview:-1\" \/>\n<link rel=\"canonical\" href=\"https:\/\/carontestudio.com\/blog\/como-usar-la-retorica-visual-en-diseno-grafico\/\" \/>\n<meta property=\"og:locale\" content=\"es_ES\" \/>\n<meta property=\"og:type\" content=\"article\" \/>\n<meta property=\"og:title\" content=\"Ret\u00f3rica visual en el dise\u00f1o gr\u00e1fico. C\u00f3mo usar figuras ret\u00f3ricas\" \/>\n<meta property=\"og:description\" content=\"La ret\u00f3rica visual es clave para que provocar emociones. Te contamos cu\u00e1les son las principales figuras ret\u00f3ricas usadas en publicidad.\" \/>\n<meta property=\"og:url\" content=\"https:\/\/carontestudio.com\/blog\/como-usar-la-retorica-visual-en-diseno-grafico\/\" \/>\n<meta property=\"og:site_name\" content=\"Blog de maketing | Caronte\" \/>\n<meta property=\"article:publisher\" content=\"https:\/\/www.facebook.com\/carontewebstudio\/\" \/>\n<meta property=\"article:published_time\" content=\"2024-03-29T12:00:00+00:00\" \/>\n<meta property=\"og:image\" content=\"https:\/\/carontestudio.com\/blog\/wp-content\/uploads\/2024\/03\/retorica-visual-diseno.jpg\" \/>\n\t<meta property=\"og:image:width\" content=\"1250\" \/>\n\t<meta property=\"og:image:height\" content=\"737\" \/>\n\t<meta property=\"og:image:type\" content=\"image\/jpeg\" \/>\n<meta name=\"author\" content=\"Caronte Studio\" \/>\n<meta name=\"twitter:card\" content=\"summary_large_image\" \/>\n<meta name=\"twitter:label1\" content=\"Escrito por\" \/>\n\t<meta name=\"twitter:data1\" content=\"Caronte Studio\" \/>\n\t<meta name=\"twitter:label2\" content=\"Tiempo de lectura\" \/>\n\t<meta name=\"twitter:data2\" content=\"6 minutos\" \/>\n<script type=\"application\/ld+json\" class=\"yoast-schema-graph\">{\"@context\":\"https:\\\/\\\/schema.org\",\"@graph\":[{\"@type\":\"Article\",\"@id\":\"https:\\\/\\\/carontestudio.com\\\/blog\\\/como-usar-la-retorica-visual-en-diseno-grafico\\\/#article\",\"isPartOf\":{\"@id\":\"https:\\\/\\\/carontestudio.com\\\/blog\\\/como-usar-la-retorica-visual-en-diseno-grafico\\\/\"},\"author\":{\"name\":\"Caronte Studio\",\"@id\":\"https:\\\/\\\/carontestudio.com\\\/blog\\\/#\\\/schema\\\/person\\\/af53223b68efd2be07f600dfc0506979\"},\"headline\":\"C\u00f3mo usar la ret\u00f3rica visual en dise\u00f1o gr\u00e1fico\",\"datePublished\":\"2024-03-29T12:00:00+00:00\",\"mainEntityOfPage\":{\"@id\":\"https:\\\/\\\/carontestudio.com\\\/blog\\\/como-usar-la-retorica-visual-en-diseno-grafico\\\/\"},\"wordCount\":900,\"commentCount\":0,\"publisher\":{\"@id\":\"https:\\\/\\\/carontestudio.com\\\/blog\\\/#organization\"},\"image\":{\"@id\":\"https:\\\/\\\/carontestudio.com\\\/blog\\\/como-usar-la-retorica-visual-en-diseno-grafico\\\/#primaryimage\"},\"thumbnailUrl\":\"https:\\\/\\\/carontestudio.com\\\/blog\\\/wp-content\\\/uploads\\\/2024\\\/03\\\/retorica-visual-diseno.jpg\",\"articleSection\":[\"Dise\u00f1o gr\u00e1fico\"],\"inLanguage\":\"es\",\"potentialAction\":[{\"@type\":\"CommentAction\",\"name\":\"Comment\",\"target\":[\"https:\\\/\\\/carontestudio.com\\\/blog\\\/como-usar-la-retorica-visual-en-diseno-grafico\\\/#respond\"]}]},{\"@type\":\"WebPage\",\"@id\":\"https:\\\/\\\/carontestudio.com\\\/blog\\\/como-usar-la-retorica-visual-en-diseno-grafico\\\/\",\"url\":\"https:\\\/\\\/carontestudio.com\\\/blog\\\/como-usar-la-retorica-visual-en-diseno-grafico\\\/\",\"name\":\"Ret\u00f3rica visual en el dise\u00f1o gr\u00e1fico. C\u00f3mo usar figuras ret\u00f3ricas\",\"isPartOf\":{\"@id\":\"https:\\\/\\\/carontestudio.com\\\/blog\\\/#website\"},\"primaryImageOfPage\":{\"@id\":\"https:\\\/\\\/carontestudio.com\\\/blog\\\/como-usar-la-retorica-visual-en-diseno-grafico\\\/#primaryimage\"},\"image\":{\"@id\":\"https:\\\/\\\/carontestudio.com\\\/blog\\\/como-usar-la-retorica-visual-en-diseno-grafico\\\/#primaryimage\"},\"thumbnailUrl\":\"https:\\\/\\\/carontestudio.com\\\/blog\\\/wp-content\\\/uploads\\\/2024\\\/03\\\/retorica-visual-diseno.jpg\",\"datePublished\":\"2024-03-29T12:00:00+00:00\",\"description\":\"La ret\u00f3rica visual es clave para que provocar emociones. Te contamos cu\u00e1les son las principales figuras ret\u00f3ricas usadas en publicidad.\",\"breadcrumb\":{\"@id\":\"https:\\\/\\\/carontestudio.com\\\/blog\\\/como-usar-la-retorica-visual-en-diseno-grafico\\\/#breadcrumb\"},\"inLanguage\":\"es\",\"potentialAction\":[{\"@type\":\"ReadAction\",\"target\":[\"https:\\\/\\\/carontestudio.com\\\/blog\\\/como-usar-la-retorica-visual-en-diseno-grafico\\\/\"]}]},{\"@type\":\"ImageObject\",\"inLanguage\":\"es\",\"@id\":\"https:\\\/\\\/carontestudio.com\\\/blog\\\/como-usar-la-retorica-visual-en-diseno-grafico\\\/#primaryimage\",\"url\":\"https:\\\/\\\/carontestudio.com\\\/blog\\\/wp-content\\\/uploads\\\/2024\\\/03\\\/retorica-visual-diseno.jpg\",\"contentUrl\":\"https:\\\/\\\/carontestudio.com\\\/blog\\\/wp-content\\\/uploads\\\/2024\\\/03\\\/retorica-visual-diseno.jpg\",\"width\":1250,\"height\":737},{\"@type\":\"BreadcrumbList\",\"@id\":\"https:\\\/\\\/carontestudio.com\\\/blog\\\/como-usar-la-retorica-visual-en-diseno-grafico\\\/#breadcrumb\",\"itemListElement\":[{\"@type\":\"ListItem\",\"position\":1,\"name\":\"Portada\",\"item\":\"https:\\\/\\\/carontestudio.com\\\/blog\\\/\"},{\"@type\":\"ListItem\",\"position\":2,\"name\":\"C\u00f3mo usar la ret\u00f3rica visual en dise\u00f1o gr\u00e1fico\"}]},{\"@type\":\"WebSite\",\"@id\":\"https:\\\/\\\/carontestudio.com\\\/blog\\\/#website\",\"url\":\"https:\\\/\\\/carontestudio.com\\\/blog\\\/\",\"name\":\"Blog de marketing | Caronte\",\"description\":\"En nuestro blog encontrar\u00e1s art\u00edculos semanales sobre SEO, marketing online, programaci\u00f3n web y mucho m\u00e1s.\",\"publisher\":{\"@id\":\"https:\\\/\\\/carontestudio.com\\\/blog\\\/#organization\"},\"potentialAction\":[{\"@type\":\"SearchAction\",\"target\":{\"@type\":\"EntryPoint\",\"urlTemplate\":\"https:\\\/\\\/carontestudio.com\\\/blog\\\/?s={search_term_string}\"},\"query-input\":{\"@type\":\"PropertyValueSpecification\",\"valueRequired\":true,\"valueName\":\"search_term_string\"}}],\"inLanguage\":\"es\"},{\"@type\":\"Organization\",\"@id\":\"https:\\\/\\\/carontestudio.com\\\/blog\\\/#organization\",\"name\":\"Caronte - Agencia de marketing\",\"url\":\"https:\\\/\\\/carontestudio.com\\\/blog\\\/\",\"logo\":{\"@type\":\"ImageObject\",\"inLanguage\":\"es\",\"@id\":\"https:\\\/\\\/carontestudio.com\\\/blog\\\/#\\\/schema\\\/logo\\\/image\\\/\",\"url\":\"https:\\\/\\\/carontestudio.com\\\/blog\\\/wp-content\\\/uploads\\\/2025\\\/06\\\/caronte-agencia-de-marketing-logo.png\",\"contentUrl\":\"https:\\\/\\\/carontestudio.com\\\/blog\\\/wp-content\\\/uploads\\\/2025\\\/06\\\/caronte-agencia-de-marketing-logo.png\",\"width\":1090,\"height\":155,\"caption\":\"Caronte - Agencia de marketing\"},\"image\":{\"@id\":\"https:\\\/\\\/carontestudio.com\\\/blog\\\/#\\\/schema\\\/logo\\\/image\\\/\"},\"sameAs\":[\"https:\\\/\\\/www.facebook.com\\\/carontewebstudio\\\/\",\"https:\\\/\\\/www.instagram.com\\\/caronte_studio\\\/\",\"https:\\\/\\\/www.tiktok.com\\\/@carontewebstudio\",\"https:\\\/\\\/www.youtube.com\\\/@carontewebstudio\",\"https:\\\/\\\/es.linkedin.com\\\/company\\\/carontewebstudio\"]},{\"@type\":\"Person\",\"@id\":\"https:\\\/\\\/carontestudio.com\\\/blog\\\/#\\\/schema\\\/person\\\/af53223b68efd2be07f600dfc0506979\",\"name\":\"Caronte Studio\",\"image\":{\"@type\":\"ImageObject\",\"inLanguage\":\"es\",\"@id\":\"https:\\\/\\\/secure.gravatar.com\\\/avatar\\\/4156e97024f8a40a8bcef2b24c0de8c6cfdd6857e2bc92e993c1a04b255e2e98?s=96&d=mm&r=g\",\"url\":\"https:\\\/\\\/secure.gravatar.com\\\/avatar\\\/4156e97024f8a40a8bcef2b24c0de8c6cfdd6857e2bc92e993c1a04b255e2e98?s=96&d=mm&r=g\",\"contentUrl\":\"https:\\\/\\\/secure.gravatar.com\\\/avatar\\\/4156e97024f8a40a8bcef2b24c0de8c6cfdd6857e2bc92e993c1a04b255e2e98?s=96&d=mm&r=g\",\"caption\":\"Caronte Studio\"},\"url\":\"https:\\\/\\\/carontestudio.com\\\/blog\\\/author\\\/caronte-studio\\\/\"}]}<\/script>\n<!-- \/ Yoast SEO plugin. -->","yoast_head_json":{"title":"Ret\u00f3rica visual en el dise\u00f1o gr\u00e1fico. C\u00f3mo usar figuras ret\u00f3ricas","description":"La ret\u00f3rica visual es clave para que provocar emociones. Te contamos cu\u00e1les son las principales figuras ret\u00f3ricas usadas en publicidad.","robots":{"index":"index","follow":"follow","max-snippet":"max-snippet:-1","max-image-preview":"max-image-preview:large","max-video-preview":"max-video-preview:-1"},"canonical":"https:\/\/carontestudio.com\/blog\/como-usar-la-retorica-visual-en-diseno-grafico\/","og_locale":"es_ES","og_type":"article","og_title":"Ret\u00f3rica visual en el dise\u00f1o gr\u00e1fico. C\u00f3mo usar figuras ret\u00f3ricas","og_description":"La ret\u00f3rica visual es clave para que provocar emociones. Te contamos cu\u00e1les son las principales figuras ret\u00f3ricas usadas en publicidad.","og_url":"https:\/\/carontestudio.com\/blog\/como-usar-la-retorica-visual-en-diseno-grafico\/","og_site_name":"Blog de maketing | Caronte","article_publisher":"https:\/\/www.facebook.com\/carontewebstudio\/","article_published_time":"2024-03-29T12:00:00+00:00","og_image":[{"width":1250,"height":737,"url":"https:\/\/carontestudio.com\/blog\/wp-content\/uploads\/2024\/03\/retorica-visual-diseno.jpg","type":"image\/jpeg"}],"author":"Caronte Studio","twitter_card":"summary_large_image","twitter_misc":{"Escrito por":"Caronte Studio","Tiempo de lectura":"6 minutos"},"schema":{"@context":"https:\/\/schema.org","@graph":[{"@type":"Article","@id":"https:\/\/carontestudio.com\/blog\/como-usar-la-retorica-visual-en-diseno-grafico\/#article","isPartOf":{"@id":"https:\/\/carontestudio.com\/blog\/como-usar-la-retorica-visual-en-diseno-grafico\/"},"author":{"name":"Caronte Studio","@id":"https:\/\/carontestudio.com\/blog\/#\/schema\/person\/af53223b68efd2be07f600dfc0506979"},"headline":"C\u00f3mo usar la ret\u00f3rica visual en dise\u00f1o gr\u00e1fico","datePublished":"2024-03-29T12:00:00+00:00","mainEntityOfPage":{"@id":"https:\/\/carontestudio.com\/blog\/como-usar-la-retorica-visual-en-diseno-grafico\/"},"wordCount":900,"commentCount":0,"publisher":{"@id":"https:\/\/carontestudio.com\/blog\/#organization"},"image":{"@id":"https:\/\/carontestudio.com\/blog\/como-usar-la-retorica-visual-en-diseno-grafico\/#primaryimage"},"thumbnailUrl":"https:\/\/carontestudio.com\/blog\/wp-content\/uploads\/2024\/03\/retorica-visual-diseno.jpg","articleSection":["Dise\u00f1o gr\u00e1fico"],"inLanguage":"es","potentialAction":[{"@type":"CommentAction","name":"Comment","target":["https:\/\/carontestudio.com\/blog\/como-usar-la-retorica-visual-en-diseno-grafico\/#respond"]}]},{"@type":"WebPage","@id":"https:\/\/carontestudio.com\/blog\/como-usar-la-retorica-visual-en-diseno-grafico\/","url":"https:\/\/carontestudio.com\/blog\/como-usar-la-retorica-visual-en-diseno-grafico\/","name":"Ret\u00f3rica visual en el dise\u00f1o gr\u00e1fico. C\u00f3mo usar figuras ret\u00f3ricas","isPartOf":{"@id":"https:\/\/carontestudio.com\/blog\/#website"},"primaryImageOfPage":{"@id":"https:\/\/carontestudio.com\/blog\/como-usar-la-retorica-visual-en-diseno-grafico\/#primaryimage"},"image":{"@id":"https:\/\/carontestudio.com\/blog\/como-usar-la-retorica-visual-en-diseno-grafico\/#primaryimage"},"thumbnailUrl":"https:\/\/carontestudio.com\/blog\/wp-content\/uploads\/2024\/03\/retorica-visual-diseno.jpg","datePublished":"2024-03-29T12:00:00+00:00","description":"La ret\u00f3rica visual es clave para que provocar emociones. Te contamos cu\u00e1les son las principales figuras ret\u00f3ricas usadas en publicidad.","breadcrumb":{"@id":"https:\/\/carontestudio.com\/blog\/como-usar-la-retorica-visual-en-diseno-grafico\/#breadcrumb"},"inLanguage":"es","potentialAction":[{"@type":"ReadAction","target":["https:\/\/carontestudio.com\/blog\/como-usar-la-retorica-visual-en-diseno-grafico\/"]}]},{"@type":"ImageObject","inLanguage":"es","@id":"https:\/\/carontestudio.com\/blog\/como-usar-la-retorica-visual-en-diseno-grafico\/#primaryimage","url":"https:\/\/carontestudio.com\/blog\/wp-content\/uploads\/2024\/03\/retorica-visual-diseno.jpg","contentUrl":"https:\/\/carontestudio.com\/blog\/wp-content\/uploads\/2024\/03\/retorica-visual-diseno.jpg","width":1250,"height":737},{"@type":"BreadcrumbList","@id":"https:\/\/carontestudio.com\/blog\/como-usar-la-retorica-visual-en-diseno-grafico\/#breadcrumb","itemListElement":[{"@type":"ListItem","position":1,"name":"Portada","item":"https:\/\/carontestudio.com\/blog\/"},{"@type":"ListItem","position":2,"name":"C\u00f3mo usar la ret\u00f3rica visual en dise\u00f1o gr\u00e1fico"}]},{"@type":"WebSite","@id":"https:\/\/carontestudio.com\/blog\/#website","url":"https:\/\/carontestudio.com\/blog\/","name":"Blog de marketing | Caronte","description":"En nuestro blog encontrar\u00e1s art\u00edculos semanales sobre SEO, marketing online, programaci\u00f3n web y mucho m\u00e1s.","publisher":{"@id":"https:\/\/carontestudio.com\/blog\/#organization"},"potentialAction":[{"@type":"SearchAction","target":{"@type":"EntryPoint","urlTemplate":"https:\/\/carontestudio.com\/blog\/?s={search_term_string}"},"query-input":{"@type":"PropertyValueSpecification","valueRequired":true,"valueName":"search_term_string"}}],"inLanguage":"es"},{"@type":"Organization","@id":"https:\/\/carontestudio.com\/blog\/#organization","name":"Caronte - Agencia de marketing","url":"https:\/\/carontestudio.com\/blog\/","logo":{"@type":"ImageObject","inLanguage":"es","@id":"https:\/\/carontestudio.com\/blog\/#\/schema\/logo\/image\/","url":"https:\/\/carontestudio.com\/blog\/wp-content\/uploads\/2025\/06\/caronte-agencia-de-marketing-logo.png","contentUrl":"https:\/\/carontestudio.com\/blog\/wp-content\/uploads\/2025\/06\/caronte-agencia-de-marketing-logo.png","width":1090,"height":155,"caption":"Caronte - Agencia de marketing"},"image":{"@id":"https:\/\/carontestudio.com\/blog\/#\/schema\/logo\/image\/"},"sameAs":["https:\/\/www.facebook.com\/carontewebstudio\/","https:\/\/www.instagram.com\/caronte_studio\/","https:\/\/www.tiktok.com\/@carontewebstudio","https:\/\/www.youtube.com\/@carontewebstudio","https:\/\/es.linkedin.com\/company\/carontewebstudio"]},{"@type":"Person","@id":"https:\/\/carontestudio.com\/blog\/#\/schema\/person\/af53223b68efd2be07f600dfc0506979","name":"Caronte Studio","image":{"@type":"ImageObject","inLanguage":"es","@id":"https:\/\/secure.gravatar.com\/avatar\/4156e97024f8a40a8bcef2b24c0de8c6cfdd6857e2bc92e993c1a04b255e2e98?s=96&d=mm&r=g","url":"https:\/\/secure.gravatar.com\/avatar\/4156e97024f8a40a8bcef2b24c0de8c6cfdd6857e2bc92e993c1a04b255e2e98?s=96&d=mm&r=g","contentUrl":"https:\/\/secure.gravatar.com\/avatar\/4156e97024f8a40a8bcef2b24c0de8c6cfdd6857e2bc92e993c1a04b255e2e98?s=96&d=mm&r=g","caption":"Caronte Studio"},"url":"https:\/\/carontestudio.com\/blog\/author\/caronte-studio\/"}]}},"_links":{"self":[{"href":"https:\/\/carontestudio.com\/blog\/wp-json\/wp\/v2\/posts\/19347","targetHints":{"allow":["GET"]}}],"collection":[{"href":"https:\/\/carontestudio.com\/blog\/wp-json\/wp\/v2\/posts"}],"about":[{"href":"https:\/\/carontestudio.com\/blog\/wp-json\/wp\/v2\/types\/post"}],"author":[{"embeddable":true,"href":"https:\/\/carontestudio.com\/blog\/wp-json\/wp\/v2\/users\/21"}],"replies":[{"embeddable":true,"href":"https:\/\/carontestudio.com\/blog\/wp-json\/wp\/v2\/comments?post=19347"}],"version-history":[{"count":1,"href":"https:\/\/carontestudio.com\/blog\/wp-json\/wp\/v2\/posts\/19347\/revisions"}],"predecessor-version":[{"id":19358,"href":"https:\/\/carontestudio.com\/blog\/wp-json\/wp\/v2\/posts\/19347\/revisions\/19358"}],"wp:featuredmedia":[{"embeddable":true,"href":"https:\/\/carontestudio.com\/blog\/wp-json\/wp\/v2\/media\/19359"}],"wp:attachment":[{"href":"https:\/\/carontestudio.com\/blog\/wp-json\/wp\/v2\/media?parent=19347"}],"wp:term":[{"taxonomy":"category","embeddable":true,"href":"https:\/\/carontestudio.com\/blog\/wp-json\/wp\/v2\/categories?post=19347"},{"taxonomy":"post_tag","embeddable":true,"href":"https:\/\/carontestudio.com\/blog\/wp-json\/wp\/v2\/tags?post=19347"}],"curies":[{"name":"wp","href":"https:\/\/api.w.org\/{rel}","templated":true}]}}