{"id":1504,"date":"2020-06-05T13:00:10","date_gmt":"2020-06-05T11:00:10","guid":{"rendered":"https:\/\/carontestudio.com\/blog\/?p=1504"},"modified":"2020-10-08T09:54:02","modified_gmt":"2020-10-08T07:54:02","slug":"disenadores-ilustres-massimo-vignelli","status":"publish","type":"post","link":"https:\/\/carontestudio.com\/blog\/disenadores-ilustres-massimo-vignelli\/","title":{"rendered":"Dise\u00f1adores ilustres: Massimo Vignelli"},"content":{"rendered":"\n<p>Massimo Vignelli siempre ser\u00e1 recordado como uno de los referentes del mundo del dise\u00f1o gr\u00e1fico. En este art\u00edculo<strong> analizamos la esencia del dise\u00f1ador italiano y su impacto en el dise\u00f1o del siglo XX y XXI<\/strong>. Descubre al precursor de la funcionalidad en el dise\u00f1o.<\/p>\n\n\n\n<!--more-->\n\n\n\n<h2 class=\"wp-block-heading\">Qui\u00e9n fue Massimo Vignelli<\/h2>\n\n\n\n<div class=\"wp-block-columns has-2-columns is-layout-flex wp-container-core-columns-is-layout-9d6595d7 wp-block-columns-is-layout-flex\">\n<div class=\"wp-block-column is-layout-flow wp-block-column-is-layout-flow\">\n<p>De origen milan\u00e9s, Massimo llev\u00f3 a cabo sus estudios de arte y arquitectura en el Instituto Polit\u00e9cnico de Mil\u00e1n y en la Universidad de Venecia. Imparti\u00f3 numerosas clases y ponencias en las principales universidades de Estados Unidos y en el extranjero. <\/p>\n\n\n\n<p>En 1957 se cas\u00f3 con Lella Vignelli, a la que conoci\u00f3 impartiendo clases sobre arquitectura y con la que posteriormente se traslad\u00f3 a Estados Unidos. <\/p>\n\n\n\n<p>Pasado alg\u00fan tiempo, <strong>el matrimonio decidi\u00f3 abrir de manera conjunta un estudio de arquitectura y dise\u00f1o<\/strong>, especializado en art\u00edculos para oficina, identidad visual y productos para el hogar. La pareja siempre demostr\u00f3 mantener una gran sinton\u00eda y convergencia en cuanto a la concepci\u00f3n del dise\u00f1o se refiere.<\/p>\n\n\n\n<p>Fue en 1965 cuando <strong>decidieron crear el estudio de dise\u00f1o gr\u00e1fico Unimark, ubicado en Chicago<\/strong>, y dedicado en exclusiva a la identidad visual de grandes empresas nacionales. Sus innovadores dise\u00f1os adquirieron gran fama y popularidad a lo largo y ancho del pa\u00eds.<\/p>\n\n\n\n<p>En 1966 el matrimonio decidi\u00f3 expandir su marca <strong>abriendo una segunda sede de Unimark en Nueva York<\/strong>, donde logr\u00f3 postularse como principal estudio referente del mundo del dise\u00f1o y la publicidad del momento.<\/p>\n\n\n\n<p>Fue presidente de la Alliance Graphique Internationale (AGl) y del Instituto Americano de Artes Gr\u00e1ficas (AlGA) y particip\u00f3 en la Liga de Arquitectura.  Durante el resto del siglo XX acumul\u00f3 numerosos premios e ilustres distinciones gracias a su labor en el mundo del dise\u00f1o, como la Medalla de Oro AIGA, el Lifetime Achievement Award del Cooper Hewitt National Design Museum o la Medalla de Oro por Dise\u00f1o del Club Nacional de Artes.<\/p>\n<\/div>\n\n\n\n<div class=\"wp-block-column is-layout-flow wp-block-column-is-layout-flow\">\n<figure class=\"wp-block-image\"><img loading=\"lazy\" decoding=\"async\" width=\"747\" height=\"1024\" src=\"https:\/\/carontestudio.com\/blog\/wp-content\/uploads\/2020\/06\/91_vignelli03-747x1024.jpg\" alt=\"Dise\u00f1adores ilustres: Massimo Vignelli. Conoce m\u00e1s acerca de un referente del dise\u00f1o gr\u00e1fico mundial.\" class=\"wp-image-1545\" srcset=\"https:\/\/carontestudio.com\/blog\/wp-content\/uploads\/2020\/06\/91_vignelli03-747x1024.jpg 747w, https:\/\/carontestudio.com\/blog\/wp-content\/uploads\/2020\/06\/91_vignelli03-219x300.jpg 219w, https:\/\/carontestudio.com\/blog\/wp-content\/uploads\/2020\/06\/91_vignelli03-768x1053.jpg 768w, https:\/\/carontestudio.com\/blog\/wp-content\/uploads\/2020\/06\/91_vignelli03.jpg 900w\" sizes=\"auto, (max-width: 747px) 100vw, 747px\" \/><\/figure>\n<\/div>\n<\/div>\n\n\n\n<h2 class=\"wp-block-heading\">El dise\u00f1o gr\u00e1fico seg\u00fan Massimo Vignelli<\/h2>\n\n\n\n<p>La principal caracter\u00edstica de Massimo Vignelli fue, sin duda alguna, su percepci\u00f3n del dise\u00f1o gr\u00e1fico. Para \u00e9l, <strong>el dise\u00f1o ten\u00eda una funci\u00f3n principal, que no era otra que mejorar el mundo en el que vivimos.<\/strong><\/p>\n\n\n\n<p>Su capacidad de s\u00edntesis a la hora de afrontar un proyecto result\u00f3 clave en su obra. Es por eso que Vignelli defend\u00eda que sin llevar a cabo la b\u00fasqueda del significado en s\u00ed, no se puede desarrollar un proyecto con \u00e9xito. Solo mediante el significado y la esencia, es posible tomar la direcci\u00f3n id\u00f3nea.<\/p>\n\n\n\n<blockquote class=\"wp-block-quote is-layout-flow wp-block-quote-is-layout-flow\"><p>\u201cSe puede lograr la atemporalidad si se busca la esencia de las cosas y no la apariencia. La apariencia es transitoria, la apariencia es moda, la apariencia es tendencia, pero la esencia es atemporal.\u201d<\/p><cite>Massimo Vignelli.<\/cite><\/blockquote>\n\n\n\n<p>Por supuesto, adem\u00e1s de comprender el significado del proyecto, Vignelli manejaba con especial elegancia el lenguaje del dise\u00f1o y sus herramientas. Mostrando un <strong>uso ejemplar de la tipograf\u00eda, la ret\u00edcula y la imagen. <\/strong>Siempre, claro esta, logrando coherencia en la funcionalidad y la comprensi\u00f3n del proyecto y su relaci\u00f3n con el apartado gr\u00e1fico. De esta manera, los elementos visuales de sus dise\u00f1os se relacionaban entre s\u00ed para facilitar una r\u00e1pida comprensi\u00f3n por parte del usuario sin perder un \u00e1pice de elegancia.<\/p>\n\n\n\n<p>Influenciado en gran medida por los ilustres dise\u00f1adores y arquitectos  de la cultura moderna, Mies van der Rohe y Josef Hoffman, los dise\u00f1os de Massimo cuentan con un uso de la geometr\u00eda ejemplar.<\/p>\n\n\n\n<p>Es por ello que nunca ocult\u00f3 su amor por la tipograf\u00eda Helv\u00e9tica, con la que cont\u00f3 para desarrollar varios de sus m\u00e1s famosos proyectos.<\/p>\n\n\n\n<blockquote class=\"wp-block-quote is-layout-flow wp-block-quote-is-layout-flow\"><p> \u00abPuedes decir, \u00abTe amo\u00bb, en Helv\u00e9tica. Y puedes decirlo con Helv\u00e9tica Extra Light si quieres ser realmente elegante. O puedes decirlo con Extra Bold si es realmente intenso y apasionado\u00bb. <\/p><cite> Massimo Vignelli.  <\/cite><\/blockquote>\n\n\n\n<h2 class=\"wp-block-heading\">Sus principales dise\u00f1os<\/h2>\n\n\n\n<p>El hito de Vignelli queda reflejado en la atemporalidad de sus proyectos. Tanto es as\u00ed que, aun hoy, seguimos rodeados de marcas y dise\u00f1os realizados por \u00e9l. Estos son algunos de ellos.<\/p>\n\n\n\n<div class=\"wp-block-columns has-2-columns is-layout-flex wp-container-core-columns-is-layout-9d6595d7 wp-block-columns-is-layout-flex\">\n<div class=\"wp-block-column is-layout-flow wp-block-column-is-layout-flow\">\n<h3 class=\"wp-block-heading\">Identidad visual del metro de Nueva York<\/h3>\n\n\n\n<p>En 1972, Massimo llev\u00f3 a cabo la carteler\u00eda y el mapa del sistema de metro de la ciudad de Nueva York. Su revolucionario dise\u00f1o minimalista, basado en l\u00edneas de colores y puntos, sin referencias geogr\u00e1ficas y puramente esquem\u00e1tico, <strong>es a d\u00eda de hoy empleado en casi la totalidad de metros del mundo<\/strong>. Su r\u00e1pida comprensi\u00f3n y funcionalidad, son la se\u00f1a de identidad de Vignelli, por no hablar, claro est\u00e1, del uso de la Helv\u00e9tica.<\/p>\n\n\n\n<h3 class=\"wp-block-heading\">Packaging de Bloomingdale&#8217;s<\/h3>\n\n\n\n<p>Massimo desarroll\u00f3 la paqueter\u00eda y las bolsas de los grandes almacenes estadounidenses. Un <strong>trabajo minimalista, caracterizado por el uso de colores chillones y el logotipo de la marca, \u00fanicamente.<\/strong><\/p>\n<\/div>\n\n\n\n<div class=\"wp-block-column is-layout-flow wp-block-column-is-layout-flow\">\n<figure class=\"wp-block-image\"><img loading=\"lazy\" decoding=\"async\" width=\"600\" height=\"446\" src=\"https:\/\/carontestudio.com\/blog\/wp-content\/uploads\/2020\/06\/massimo-vignelli-obra-1.jpg\" alt=\"Metro de Nueva York, por Massimo Vignelli\" class=\"wp-image-1543\" srcset=\"https:\/\/carontestudio.com\/blog\/wp-content\/uploads\/2020\/06\/massimo-vignelli-obra-1.jpg 600w, https:\/\/carontestudio.com\/blog\/wp-content\/uploads\/2020\/06\/massimo-vignelli-obra-1-300x223.jpg 300w\" sizes=\"auto, (max-width: 600px) 100vw, 600px\" \/><\/figure>\n<\/div>\n<\/div>\n\n\n\n<h3 class=\"wp-block-heading\">Identidad Visual de American Airlines<\/h3>\n\n\n\n<p>El gigante aeron\u00e1utico estadounidense hizo uso de la identidad visual creada por Massimo Vignelli  durante m\u00e1s de 40 a\u00f1os, concretamente hasta 2013. Un proyecto basado, una vez m\u00e1s, en la Helv\u00e9tica y el uso de los colores de la bandera de Estados Unidos.<\/p>\n\n\n\n<div class=\"wp-block-image\"><figure class=\"aligncenter\"><img loading=\"lazy\" decoding=\"async\" width=\"900\" height=\"500\" src=\"https:\/\/carontestudio.com\/blog\/wp-content\/uploads\/2020\/06\/massimo-vignelli-obra-3.jpg\" alt=\"American Airlines de Massimo Vignelli. Conoce m\u00e1s acerca de un referente del dise\u00f1o gr\u00e1fico mundial.\" class=\"wp-image-1540\" srcset=\"https:\/\/carontestudio.com\/blog\/wp-content\/uploads\/2020\/06\/massimo-vignelli-obra-3.jpg 900w, https:\/\/carontestudio.com\/blog\/wp-content\/uploads\/2020\/06\/massimo-vignelli-obra-3-300x167.jpg 300w, https:\/\/carontestudio.com\/blog\/wp-content\/uploads\/2020\/06\/massimo-vignelli-obra-3-768x427.jpg 768w\" sizes=\"auto, (max-width: 900px) 100vw, 900px\" \/><\/figure><\/div>\n\n\n\n<h2 class=\"wp-block-heading\">El legado de Massimo Vignelli<\/h2>\n\n\n\n<p>En el a\u00f1o 2010 Massimo Vignelli public\u00f3 el \u00abVignelli Canon\u00bb. Un libro de gratuito (disponible en su sitio web) en el que aglomeraba promulgaba sus principales ideas y concepci\u00f3n del dise\u00f1o. En \u00e9l trata lo que \u00e9l denomina \u00abelementos intangibles\u00bb, como la sintaxis, la atemporalidad, la sem\u00e1ntica y la disciplina necesarias para desarrollar un proyecto correctamente. Tambi\u00e9n habla de los \u00abelementos tangibles\u00bb, como colores, soportes f\u00edsicos o tipograf\u00eda. <\/p>\n\n\n\n<p>\u00abVignelli Canon\u00bb fue concebido por Massimo como un compromiso para con las nuevas generaciones de dise\u00f1adores. <strong>Su aportaci\u00f3n al mundo del dise\u00f1o fue una constante a lo largo de su vida.<\/strong><\/p>\n\n\n\n<blockquote class=\"wp-block-quote is-layout-flow wp-block-quote-is-layout-flow\"><p>\u00abComo dise\u00f1ador, tenemos tres niveles de responsabilidad; el primero es para con nosotros y la totalidad del proyecto en todos sus detalles; el segundo es hacia nuestros clientes, para resolver el problema de la manera m\u00e1s econ\u00f3mica y eficiente; el tercero es hacia la sociedad, el consumidor, el beneficiario del dise\u00f1o final.\u00bb<\/p><cite> Massimo Vignelli.<\/cite><\/blockquote>\n\n\n\n<p>En 2010, se inaugur\u00f3 el archivo con las principales obras de Vignelli y su mujer, el \u00abVignelli Center for Design Studies\u00bb. Ubicado en un edificio dise\u00f1ado por el matrimonio para el Rochester Institute of Technology de Nueva York.<\/p>\n\n\n\n<h2 class=\"wp-block-heading\">Conclusi\u00f3n<\/h2>\n\n\n\n<p>El eco de Massimo Vignelli resonar\u00e1 siempre en los dise\u00f1os actuales y su filosof\u00eda, \u00abmantenlo simple y durar\u00e1 para siempre\u00bb, es el reto al que cualquier dise\u00f1ador se enfrenta a diario.<\/p>\n\n\n\n<p>Aqu\u00ed pod\u00e9is ver el trailer de \u00abDesign is One\u00bb, dedicado a Massimo Vignelli.<\/p>\n\n\n\n<div class=\"embed-responsive embed-responsive-16by9\">\n  <iframe class=\"embed-responsive-item\" src=\"https:\/\/player.vimeo.com\/video\/102626529\"><\/iframe>\n<\/div>\n\n\n\n<div class=\"wp-block-group sabermas\"><div class=\"wp-block-group__inner-container is-layout-flow wp-block-group-is-layout-flow\">\n<div class=\"wp-block-columns is-layout-flex wp-container-core-columns-is-layout-9d6595d7 wp-block-columns-is-layout-flex\">\n<div class=\"wp-block-column is-layout-flow wp-block-column-is-layout-flow\">\n<figure class=\"wp-block-image size-large\"><a href=\"https:\/\/carontestudio.com\/blog\/disenadores-ilustres-paul-rand\/\"><img loading=\"lazy\" decoding=\"async\" width=\"1024\" height=\"604\" src=\"https:\/\/carontestudio.com\/blog\/wp-content\/uploads\/2020\/06\/disenadores-destacados-paul-rand-1024x604.jpg\" alt=\"Dise\u00f1adores gr\u00e1ficos ilustres, Paul Rand\" class=\"wp-image-1687\" srcset=\"https:\/\/carontestudio.com\/blog\/wp-content\/uploads\/2020\/06\/disenadores-destacados-paul-rand-1024x604.jpg 1024w, https:\/\/carontestudio.com\/blog\/wp-content\/uploads\/2020\/06\/disenadores-destacados-paul-rand-300x177.jpg 300w, https:\/\/carontestudio.com\/blog\/wp-content\/uploads\/2020\/06\/disenadores-destacados-paul-rand-768x453.jpg 768w, https:\/\/carontestudio.com\/blog\/wp-content\/uploads\/2020\/06\/disenadores-destacados-paul-rand.jpg 1250w\" sizes=\"auto, (max-width: 1024px) 100vw, 1024px\" \/><\/a><\/figure>\n<\/div>\n\n\n\n<div class=\"wp-block-column is-layout-flow wp-block-column-is-layout-flow\">\n<figure class=\"wp-block-image size-large\"><a href=\"https:\/\/carontestudio.com\/blog\/crear-un-logotipo-i\/\"><img loading=\"lazy\" decoding=\"async\" width=\"1024\" height=\"604\" src=\"https:\/\/carontestudio.com\/blog\/wp-content\/uploads\/2020\/04\/diseno-crear-un-logotipo-que-saber-1024x604.jpg\" alt=\"Crear un logotipo profesional I: Qu\u00e9 necesitas saber\" class=\"wp-image-965\" srcset=\"https:\/\/carontestudio.com\/blog\/wp-content\/uploads\/2020\/04\/diseno-crear-un-logotipo-que-saber-1024x604.jpg 1024w, https:\/\/carontestudio.com\/blog\/wp-content\/uploads\/2020\/04\/diseno-crear-un-logotipo-que-saber-300x177.jpg 300w, https:\/\/carontestudio.com\/blog\/wp-content\/uploads\/2020\/04\/diseno-crear-un-logotipo-que-saber-768x453.jpg 768w, https:\/\/carontestudio.com\/blog\/wp-content\/uploads\/2020\/04\/diseno-crear-un-logotipo-que-saber.jpg 1250w\" sizes=\"auto, (max-width: 1024px) 100vw, 1024px\" \/><\/a><\/figure>\n<\/div>\n<\/div>\n<\/div><\/div>\n","protected":false},"excerpt":{"rendered":"<p>Massimo Vignelli tuvo un impacto tremendo en el devenir del dise\u00f1o gr\u00e1fico. En este art\u00edculo repasamos su vida y obra. Aprende m\u00e1s sobre dise\u00f1o gr\u00e1fico.<\/p>\n","protected":false},"author":3,"featured_media":1539,"comment_status":"open","ping_status":"closed","sticky":false,"template":"","format":"standard","meta":{"_acf_changed":false,"footnotes":""},"categories":[53],"tags":[61],"class_list":["post-1504","post","type-post","status-publish","format-standard","has-post-thumbnail","hentry","category-diseno-grafico","tag-disenadores"],"acf":[],"yoast_head":"<!-- This site is optimized with the Yoast SEO plugin v27.3 - https:\/\/yoast.com\/product\/yoast-seo-wordpress\/ -->\n<title>Dise\u00f1adores ilustres: Massimo Vignelli - Dise\u00f1o gr\u00e1fico en Caronte Studio<\/title>\n<meta name=\"description\" content=\"Massimo Vignelli tuvo un impacto tremendo en el devenir del dise\u00f1o gr\u00e1fico. En este art\u00edculo repasamos su vida y obra. Aprende m\u00e1s sobre dise\u00f1o gr\u00e1fico.\" \/>\n<meta name=\"robots\" content=\"index, follow, max-snippet:-1, max-image-preview:large, max-video-preview:-1\" \/>\n<link rel=\"canonical\" href=\"https:\/\/carontestudio.com\/blog\/disenadores-ilustres-massimo-vignelli\/\" \/>\n<meta property=\"og:locale\" content=\"es_ES\" \/>\n<meta property=\"og:type\" content=\"article\" \/>\n<meta property=\"og:title\" content=\"Dise\u00f1adores ilustres: Massimo Vignelli - Dise\u00f1o gr\u00e1fico en Caronte Studio\" \/>\n<meta property=\"og:description\" content=\"Massimo Vignelli tuvo un impacto tremendo en el devenir del dise\u00f1o gr\u00e1fico. En este art\u00edculo repasamos su vida y obra. Aprende m\u00e1s sobre dise\u00f1o gr\u00e1fico.\" \/>\n<meta property=\"og:url\" content=\"https:\/\/carontestudio.com\/blog\/disenadores-ilustres-massimo-vignelli\/\" \/>\n<meta property=\"og:site_name\" content=\"Blog de maketing | Caronte\" \/>\n<meta property=\"article:publisher\" content=\"https:\/\/www.facebook.com\/carontewebstudio\/\" \/>\n<meta property=\"article:published_time\" content=\"2020-06-05T11:00:10+00:00\" \/>\n<meta property=\"article:modified_time\" content=\"2020-10-08T07:54:02+00:00\" \/>\n<meta property=\"og:image\" content=\"https:\/\/carontestudio.com\/blog\/wp-content\/uploads\/2020\/06\/disenadores-ilustres-massimo-vignelli.jpg\" \/>\n\t<meta property=\"og:image:width\" content=\"1250\" \/>\n\t<meta property=\"og:image:height\" content=\"737\" \/>\n\t<meta property=\"og:image:type\" content=\"image\/jpeg\" \/>\n<meta name=\"author\" content=\"David de Lamo\" \/>\n<meta name=\"twitter:card\" content=\"summary_large_image\" \/>\n<meta name=\"twitter:label1\" content=\"Escrito por\" \/>\n\t<meta name=\"twitter:data1\" content=\"David de Lamo\" \/>\n\t<meta name=\"twitter:label2\" content=\"Tiempo de lectura\" \/>\n\t<meta name=\"twitter:data2\" content=\"6 minutos\" \/>\n<script type=\"application\/ld+json\" class=\"yoast-schema-graph\">{\"@context\":\"https:\\\/\\\/schema.org\",\"@graph\":[{\"@type\":\"Article\",\"@id\":\"https:\\\/\\\/carontestudio.com\\\/blog\\\/disenadores-ilustres-massimo-vignelli\\\/#article\",\"isPartOf\":{\"@id\":\"https:\\\/\\\/carontestudio.com\\\/blog\\\/disenadores-ilustres-massimo-vignelli\\\/\"},\"author\":{\"name\":\"David de Lamo\",\"@id\":\"https:\\\/\\\/carontestudio.com\\\/blog\\\/#\\\/schema\\\/person\\\/2104191b75663e9e9ca47f821c5f92cf\"},\"headline\":\"Dise\u00f1adores ilustres: Massimo Vignelli\",\"datePublished\":\"2020-06-05T11:00:10+00:00\",\"dateModified\":\"2020-10-08T07:54:02+00:00\",\"mainEntityOfPage\":{\"@id\":\"https:\\\/\\\/carontestudio.com\\\/blog\\\/disenadores-ilustres-massimo-vignelli\\\/\"},\"wordCount\":1139,\"commentCount\":0,\"publisher\":{\"@id\":\"https:\\\/\\\/carontestudio.com\\\/blog\\\/#organization\"},\"image\":{\"@id\":\"https:\\\/\\\/carontestudio.com\\\/blog\\\/disenadores-ilustres-massimo-vignelli\\\/#primaryimage\"},\"thumbnailUrl\":\"https:\\\/\\\/carontestudio.com\\\/blog\\\/wp-content\\\/uploads\\\/2020\\\/06\\\/disenadores-ilustres-massimo-vignelli.jpg\",\"keywords\":[\"Dise\u00f1adores\"],\"articleSection\":[\"Dise\u00f1o gr\u00e1fico\"],\"inLanguage\":\"es\",\"potentialAction\":[{\"@type\":\"CommentAction\",\"name\":\"Comment\",\"target\":[\"https:\\\/\\\/carontestudio.com\\\/blog\\\/disenadores-ilustres-massimo-vignelli\\\/#respond\"]}]},{\"@type\":\"WebPage\",\"@id\":\"https:\\\/\\\/carontestudio.com\\\/blog\\\/disenadores-ilustres-massimo-vignelli\\\/\",\"url\":\"https:\\\/\\\/carontestudio.com\\\/blog\\\/disenadores-ilustres-massimo-vignelli\\\/\",\"name\":\"Dise\u00f1adores ilustres: Massimo Vignelli - Dise\u00f1o gr\u00e1fico en Caronte Studio\",\"isPartOf\":{\"@id\":\"https:\\\/\\\/carontestudio.com\\\/blog\\\/#website\"},\"primaryImageOfPage\":{\"@id\":\"https:\\\/\\\/carontestudio.com\\\/blog\\\/disenadores-ilustres-massimo-vignelli\\\/#primaryimage\"},\"image\":{\"@id\":\"https:\\\/\\\/carontestudio.com\\\/blog\\\/disenadores-ilustres-massimo-vignelli\\\/#primaryimage\"},\"thumbnailUrl\":\"https:\\\/\\\/carontestudio.com\\\/blog\\\/wp-content\\\/uploads\\\/2020\\\/06\\\/disenadores-ilustres-massimo-vignelli.jpg\",\"datePublished\":\"2020-06-05T11:00:10+00:00\",\"dateModified\":\"2020-10-08T07:54:02+00:00\",\"description\":\"Massimo Vignelli tuvo un impacto tremendo en el devenir del dise\u00f1o gr\u00e1fico. En este art\u00edculo repasamos su vida y obra. Aprende m\u00e1s sobre dise\u00f1o gr\u00e1fico.\",\"breadcrumb\":{\"@id\":\"https:\\\/\\\/carontestudio.com\\\/blog\\\/disenadores-ilustres-massimo-vignelli\\\/#breadcrumb\"},\"inLanguage\":\"es\",\"potentialAction\":[{\"@type\":\"ReadAction\",\"target\":[\"https:\\\/\\\/carontestudio.com\\\/blog\\\/disenadores-ilustres-massimo-vignelli\\\/\"]}]},{\"@type\":\"ImageObject\",\"inLanguage\":\"es\",\"@id\":\"https:\\\/\\\/carontestudio.com\\\/blog\\\/disenadores-ilustres-massimo-vignelli\\\/#primaryimage\",\"url\":\"https:\\\/\\\/carontestudio.com\\\/blog\\\/wp-content\\\/uploads\\\/2020\\\/06\\\/disenadores-ilustres-massimo-vignelli.jpg\",\"contentUrl\":\"https:\\\/\\\/carontestudio.com\\\/blog\\\/wp-content\\\/uploads\\\/2020\\\/06\\\/disenadores-ilustres-massimo-vignelli.jpg\",\"width\":1250,\"height\":737,\"caption\":\"Dise\u00f1adores ilustres: Massimo Vignelli. Conoce m\u00e1s acerca de un referente del dise\u00f1o gr\u00e1fico mundial.\"},{\"@type\":\"BreadcrumbList\",\"@id\":\"https:\\\/\\\/carontestudio.com\\\/blog\\\/disenadores-ilustres-massimo-vignelli\\\/#breadcrumb\",\"itemListElement\":[{\"@type\":\"ListItem\",\"position\":1,\"name\":\"Portada\",\"item\":\"https:\\\/\\\/carontestudio.com\\\/blog\\\/\"},{\"@type\":\"ListItem\",\"position\":2,\"name\":\"Dise\u00f1adores ilustres: Massimo Vignelli\"}]},{\"@type\":\"WebSite\",\"@id\":\"https:\\\/\\\/carontestudio.com\\\/blog\\\/#website\",\"url\":\"https:\\\/\\\/carontestudio.com\\\/blog\\\/\",\"name\":\"Blog de marketing | Caronte\",\"description\":\"En nuestro blog encontrar\u00e1s art\u00edculos semanales sobre SEO, marketing online, programaci\u00f3n web y mucho m\u00e1s.\",\"publisher\":{\"@id\":\"https:\\\/\\\/carontestudio.com\\\/blog\\\/#organization\"},\"potentialAction\":[{\"@type\":\"SearchAction\",\"target\":{\"@type\":\"EntryPoint\",\"urlTemplate\":\"https:\\\/\\\/carontestudio.com\\\/blog\\\/?s={search_term_string}\"},\"query-input\":{\"@type\":\"PropertyValueSpecification\",\"valueRequired\":true,\"valueName\":\"search_term_string\"}}],\"inLanguage\":\"es\"},{\"@type\":\"Organization\",\"@id\":\"https:\\\/\\\/carontestudio.com\\\/blog\\\/#organization\",\"name\":\"Caronte - Agencia de marketing\",\"url\":\"https:\\\/\\\/carontestudio.com\\\/blog\\\/\",\"logo\":{\"@type\":\"ImageObject\",\"inLanguage\":\"es\",\"@id\":\"https:\\\/\\\/carontestudio.com\\\/blog\\\/#\\\/schema\\\/logo\\\/image\\\/\",\"url\":\"https:\\\/\\\/carontestudio.com\\\/blog\\\/wp-content\\\/uploads\\\/2025\\\/06\\\/caronte-agencia-de-marketing-logo.png\",\"contentUrl\":\"https:\\\/\\\/carontestudio.com\\\/blog\\\/wp-content\\\/uploads\\\/2025\\\/06\\\/caronte-agencia-de-marketing-logo.png\",\"width\":1090,\"height\":155,\"caption\":\"Caronte - Agencia de marketing\"},\"image\":{\"@id\":\"https:\\\/\\\/carontestudio.com\\\/blog\\\/#\\\/schema\\\/logo\\\/image\\\/\"},\"sameAs\":[\"https:\\\/\\\/www.facebook.com\\\/carontewebstudio\\\/\",\"https:\\\/\\\/www.instagram.com\\\/caronte_studio\\\/\",\"https:\\\/\\\/www.tiktok.com\\\/@carontewebstudio\",\"https:\\\/\\\/www.youtube.com\\\/@carontewebstudio\",\"https:\\\/\\\/es.linkedin.com\\\/company\\\/carontewebstudio\"]},{\"@type\":\"Person\",\"@id\":\"https:\\\/\\\/carontestudio.com\\\/blog\\\/#\\\/schema\\\/person\\\/2104191b75663e9e9ca47f821c5f92cf\",\"name\":\"David de Lamo\",\"image\":{\"@type\":\"ImageObject\",\"inLanguage\":\"es\",\"@id\":\"https:\\\/\\\/secure.gravatar.com\\\/avatar\\\/110df00c652880b6b00cc45fe489d819ac3f1e805e379a5adefc8fce4d1f548c?s=96&d=mm&r=g\",\"url\":\"https:\\\/\\\/secure.gravatar.com\\\/avatar\\\/110df00c652880b6b00cc45fe489d819ac3f1e805e379a5adefc8fce4d1f548c?s=96&d=mm&r=g\",\"contentUrl\":\"https:\\\/\\\/secure.gravatar.com\\\/avatar\\\/110df00c652880b6b00cc45fe489d819ac3f1e805e379a5adefc8fce4d1f548c?s=96&d=mm&r=g\",\"caption\":\"David de Lamo\"},\"description\":\"David de Lamo te descubre, en el blog de Caronte Web Studio, las tendencias de dise\u00f1o, tanto gr\u00e1fico como web. Nuestro responsable del \u00e1rea de dise\u00f1o en Caronte Web Studio te cuenta todo lo que debes saber sobre imagen de empresa, carteler\u00eda, dise\u00f1o gr\u00e1fico, dise\u00f1o web, papeler\u00eda, rotulaciones... Aprende con \u00e9l y sum\u00e9rgete en el apasionante mundo del dise\u00f1o.\",\"sameAs\":[\"http:\\\/\\\/www.carontestudio.com\"],\"url\":\"https:\\\/\\\/carontestudio.com\\\/blog\\\/author\\\/david\\\/\"}]}<\/script>\n<!-- \/ Yoast SEO plugin. -->","yoast_head_json":{"title":"Dise\u00f1adores ilustres: Massimo Vignelli - Dise\u00f1o gr\u00e1fico en Caronte Studio","description":"Massimo Vignelli tuvo un impacto tremendo en el devenir del dise\u00f1o gr\u00e1fico. En este art\u00edculo repasamos su vida y obra. Aprende m\u00e1s sobre dise\u00f1o gr\u00e1fico.","robots":{"index":"index","follow":"follow","max-snippet":"max-snippet:-1","max-image-preview":"max-image-preview:large","max-video-preview":"max-video-preview:-1"},"canonical":"https:\/\/carontestudio.com\/blog\/disenadores-ilustres-massimo-vignelli\/","og_locale":"es_ES","og_type":"article","og_title":"Dise\u00f1adores ilustres: Massimo Vignelli - Dise\u00f1o gr\u00e1fico en Caronte Studio","og_description":"Massimo Vignelli tuvo un impacto tremendo en el devenir del dise\u00f1o gr\u00e1fico. En este art\u00edculo repasamos su vida y obra. Aprende m\u00e1s sobre dise\u00f1o gr\u00e1fico.","og_url":"https:\/\/carontestudio.com\/blog\/disenadores-ilustres-massimo-vignelli\/","og_site_name":"Blog de maketing | Caronte","article_publisher":"https:\/\/www.facebook.com\/carontewebstudio\/","article_published_time":"2020-06-05T11:00:10+00:00","article_modified_time":"2020-10-08T07:54:02+00:00","og_image":[{"width":1250,"height":737,"url":"https:\/\/carontestudio.com\/blog\/wp-content\/uploads\/2020\/06\/disenadores-ilustres-massimo-vignelli.jpg","type":"image\/jpeg"}],"author":"David de Lamo","twitter_card":"summary_large_image","twitter_misc":{"Escrito por":"David de Lamo","Tiempo de lectura":"6 minutos"},"schema":{"@context":"https:\/\/schema.org","@graph":[{"@type":"Article","@id":"https:\/\/carontestudio.com\/blog\/disenadores-ilustres-massimo-vignelli\/#article","isPartOf":{"@id":"https:\/\/carontestudio.com\/blog\/disenadores-ilustres-massimo-vignelli\/"},"author":{"name":"David de Lamo","@id":"https:\/\/carontestudio.com\/blog\/#\/schema\/person\/2104191b75663e9e9ca47f821c5f92cf"},"headline":"Dise\u00f1adores ilustres: Massimo Vignelli","datePublished":"2020-06-05T11:00:10+00:00","dateModified":"2020-10-08T07:54:02+00:00","mainEntityOfPage":{"@id":"https:\/\/carontestudio.com\/blog\/disenadores-ilustres-massimo-vignelli\/"},"wordCount":1139,"commentCount":0,"publisher":{"@id":"https:\/\/carontestudio.com\/blog\/#organization"},"image":{"@id":"https:\/\/carontestudio.com\/blog\/disenadores-ilustres-massimo-vignelli\/#primaryimage"},"thumbnailUrl":"https:\/\/carontestudio.com\/blog\/wp-content\/uploads\/2020\/06\/disenadores-ilustres-massimo-vignelli.jpg","keywords":["Dise\u00f1adores"],"articleSection":["Dise\u00f1o gr\u00e1fico"],"inLanguage":"es","potentialAction":[{"@type":"CommentAction","name":"Comment","target":["https:\/\/carontestudio.com\/blog\/disenadores-ilustres-massimo-vignelli\/#respond"]}]},{"@type":"WebPage","@id":"https:\/\/carontestudio.com\/blog\/disenadores-ilustres-massimo-vignelli\/","url":"https:\/\/carontestudio.com\/blog\/disenadores-ilustres-massimo-vignelli\/","name":"Dise\u00f1adores ilustres: Massimo Vignelli - Dise\u00f1o gr\u00e1fico en Caronte Studio","isPartOf":{"@id":"https:\/\/carontestudio.com\/blog\/#website"},"primaryImageOfPage":{"@id":"https:\/\/carontestudio.com\/blog\/disenadores-ilustres-massimo-vignelli\/#primaryimage"},"image":{"@id":"https:\/\/carontestudio.com\/blog\/disenadores-ilustres-massimo-vignelli\/#primaryimage"},"thumbnailUrl":"https:\/\/carontestudio.com\/blog\/wp-content\/uploads\/2020\/06\/disenadores-ilustres-massimo-vignelli.jpg","datePublished":"2020-06-05T11:00:10+00:00","dateModified":"2020-10-08T07:54:02+00:00","description":"Massimo Vignelli tuvo un impacto tremendo en el devenir del dise\u00f1o gr\u00e1fico. En este art\u00edculo repasamos su vida y obra. Aprende m\u00e1s sobre dise\u00f1o gr\u00e1fico.","breadcrumb":{"@id":"https:\/\/carontestudio.com\/blog\/disenadores-ilustres-massimo-vignelli\/#breadcrumb"},"inLanguage":"es","potentialAction":[{"@type":"ReadAction","target":["https:\/\/carontestudio.com\/blog\/disenadores-ilustres-massimo-vignelli\/"]}]},{"@type":"ImageObject","inLanguage":"es","@id":"https:\/\/carontestudio.com\/blog\/disenadores-ilustres-massimo-vignelli\/#primaryimage","url":"https:\/\/carontestudio.com\/blog\/wp-content\/uploads\/2020\/06\/disenadores-ilustres-massimo-vignelli.jpg","contentUrl":"https:\/\/carontestudio.com\/blog\/wp-content\/uploads\/2020\/06\/disenadores-ilustres-massimo-vignelli.jpg","width":1250,"height":737,"caption":"Dise\u00f1adores ilustres: Massimo Vignelli. Conoce m\u00e1s acerca de un referente del dise\u00f1o gr\u00e1fico mundial."},{"@type":"BreadcrumbList","@id":"https:\/\/carontestudio.com\/blog\/disenadores-ilustres-massimo-vignelli\/#breadcrumb","itemListElement":[{"@type":"ListItem","position":1,"name":"Portada","item":"https:\/\/carontestudio.com\/blog\/"},{"@type":"ListItem","position":2,"name":"Dise\u00f1adores ilustres: Massimo Vignelli"}]},{"@type":"WebSite","@id":"https:\/\/carontestudio.com\/blog\/#website","url":"https:\/\/carontestudio.com\/blog\/","name":"Blog de marketing | Caronte","description":"En nuestro blog encontrar\u00e1s art\u00edculos semanales sobre SEO, marketing online, programaci\u00f3n web y mucho m\u00e1s.","publisher":{"@id":"https:\/\/carontestudio.com\/blog\/#organization"},"potentialAction":[{"@type":"SearchAction","target":{"@type":"EntryPoint","urlTemplate":"https:\/\/carontestudio.com\/blog\/?s={search_term_string}"},"query-input":{"@type":"PropertyValueSpecification","valueRequired":true,"valueName":"search_term_string"}}],"inLanguage":"es"},{"@type":"Organization","@id":"https:\/\/carontestudio.com\/blog\/#organization","name":"Caronte - Agencia de marketing","url":"https:\/\/carontestudio.com\/blog\/","logo":{"@type":"ImageObject","inLanguage":"es","@id":"https:\/\/carontestudio.com\/blog\/#\/schema\/logo\/image\/","url":"https:\/\/carontestudio.com\/blog\/wp-content\/uploads\/2025\/06\/caronte-agencia-de-marketing-logo.png","contentUrl":"https:\/\/carontestudio.com\/blog\/wp-content\/uploads\/2025\/06\/caronte-agencia-de-marketing-logo.png","width":1090,"height":155,"caption":"Caronte - Agencia de marketing"},"image":{"@id":"https:\/\/carontestudio.com\/blog\/#\/schema\/logo\/image\/"},"sameAs":["https:\/\/www.facebook.com\/carontewebstudio\/","https:\/\/www.instagram.com\/caronte_studio\/","https:\/\/www.tiktok.com\/@carontewebstudio","https:\/\/www.youtube.com\/@carontewebstudio","https:\/\/es.linkedin.com\/company\/carontewebstudio"]},{"@type":"Person","@id":"https:\/\/carontestudio.com\/blog\/#\/schema\/person\/2104191b75663e9e9ca47f821c5f92cf","name":"David de Lamo","image":{"@type":"ImageObject","inLanguage":"es","@id":"https:\/\/secure.gravatar.com\/avatar\/110df00c652880b6b00cc45fe489d819ac3f1e805e379a5adefc8fce4d1f548c?s=96&d=mm&r=g","url":"https:\/\/secure.gravatar.com\/avatar\/110df00c652880b6b00cc45fe489d819ac3f1e805e379a5adefc8fce4d1f548c?s=96&d=mm&r=g","contentUrl":"https:\/\/secure.gravatar.com\/avatar\/110df00c652880b6b00cc45fe489d819ac3f1e805e379a5adefc8fce4d1f548c?s=96&d=mm&r=g","caption":"David de Lamo"},"description":"David de Lamo te descubre, en el blog de Caronte Web Studio, las tendencias de dise\u00f1o, tanto gr\u00e1fico como web. Nuestro responsable del \u00e1rea de dise\u00f1o en Caronte Web Studio te cuenta todo lo que debes saber sobre imagen de empresa, carteler\u00eda, dise\u00f1o gr\u00e1fico, dise\u00f1o web, papeler\u00eda, rotulaciones... Aprende con \u00e9l y sum\u00e9rgete en el apasionante mundo del dise\u00f1o.","sameAs":["http:\/\/www.carontestudio.com"],"url":"https:\/\/carontestudio.com\/blog\/author\/david\/"}]}},"_links":{"self":[{"href":"https:\/\/carontestudio.com\/blog\/wp-json\/wp\/v2\/posts\/1504","targetHints":{"allow":["GET"]}}],"collection":[{"href":"https:\/\/carontestudio.com\/blog\/wp-json\/wp\/v2\/posts"}],"about":[{"href":"https:\/\/carontestudio.com\/blog\/wp-json\/wp\/v2\/types\/post"}],"author":[{"embeddable":true,"href":"https:\/\/carontestudio.com\/blog\/wp-json\/wp\/v2\/users\/3"}],"replies":[{"embeddable":true,"href":"https:\/\/carontestudio.com\/blog\/wp-json\/wp\/v2\/comments?post=1504"}],"version-history":[{"count":43,"href":"https:\/\/carontestudio.com\/blog\/wp-json\/wp\/v2\/posts\/1504\/revisions"}],"predecessor-version":[{"id":1798,"href":"https:\/\/carontestudio.com\/blog\/wp-json\/wp\/v2\/posts\/1504\/revisions\/1798"}],"wp:featuredmedia":[{"embeddable":true,"href":"https:\/\/carontestudio.com\/blog\/wp-json\/wp\/v2\/media\/1539"}],"wp:attachment":[{"href":"https:\/\/carontestudio.com\/blog\/wp-json\/wp\/v2\/media?parent=1504"}],"wp:term":[{"taxonomy":"category","embeddable":true,"href":"https:\/\/carontestudio.com\/blog\/wp-json\/wp\/v2\/categories?post=1504"},{"taxonomy":"post_tag","embeddable":true,"href":"https:\/\/carontestudio.com\/blog\/wp-json\/wp\/v2\/tags?post=1504"}],"curies":[{"name":"wp","href":"https:\/\/api.w.org\/{rel}","templated":true}]}}