{"id":12083,"date":"2022-12-09T13:00:00","date_gmt":"2022-12-09T12:00:00","guid":{"rendered":"https:\/\/carontestudio.com\/blog\/?p=12083"},"modified":"2023-01-03T10:00:02","modified_gmt":"2023-01-03T09:00:02","slug":"compartir-fotos-de-instagram-en-facebook","status":"publish","type":"post","link":"https:\/\/carontestudio.com\/blog\/compartir-fotos-de-instagram-en-facebook\/","title":{"rendered":"Compartir fotos de Instagram en Facebook"},"content":{"rendered":"\n<p>Actualmente, Facebook e Instagram son dos de las redes sociales m\u00e1s conocidas en todo el mundo con amplias comunidades de usuarios. Para las empresas, ya sean peque\u00f1as o grandes, son redes sociales de mucho inter\u00e9s por su gran capacidad de generar comunidades al rededor de la marca. Para aquellas personas que quieren simplificar tareas y ahorrar tiempo, hoy os mostramos c\u00f3mo compartir fotos de Instagram en Facebook.<\/p>\n\n\n\n<p>Publicar en las dos redes sociales a la vez nos va a aportar muchas ventajas. Entre ellas, <strong>ahorrar mucho tiempo<\/strong> a la hora de publicar contenido en tus redes, <strong>llegar a un p\u00fablico m\u00e1s amplio<\/strong>, y <strong>ganar una mayor visibilidad<\/strong>. <\/p>\n\n\n\n<p>Recuerda que duplicar el contenido en las dos redes sociales no es algo que se deba hacer muy a menudo, ya que, <strong>se recomienda personalizar las publicaciones dependiendo de la red social en la que van a ser publicadas<\/strong>. En Instagram, por ejemplo, no se pueden poner links en las publicaciones, pero en Facebook s\u00ed. No obstante, si dispones de poco tiempo para dedicar a las redes de tu marca, esta opci\u00f3n puede ser muy atractiva y efectiva. <\/p>\n\n\n\n<h2 class=\"wp-block-heading\">C\u00f3mo vincular Instagram y Facebook desde Facebook<\/h2>\n\n\n\n<p>Para poder publicar en las dos redes sociales a la vez, debemos vincular las dos cuentas. Sigue los siguientes pasos para realizar la vinculaci\u00f3n:<\/p>\n\n\n\n<ol class=\"wp-block-list\"><li>Inicia sesi\u00f3n en tu perfil de Facebook y entra en la pesta\u00f1a \u00ab<strong>P\u00e1ginas<\/strong>\u00bb para seleccionar la p\u00e1gina que administras de empresa. <\/li><li>En el panel \u00ab<strong>Administrar p\u00e1gina<\/strong>\u00ab, en la nueva versi\u00f3n de Facebook te va a pedir cambiar de perfil para poder realizar m\u00e1s acciones. Para ello, hacemos clic en el icono del perfil y seleccionamos la p\u00e1gina de empresa.<\/li><li>Volvemos al panel \u00abAdministrar p\u00e1gina\u00bb, seleccionamos \u00ab<strong>Herramientas profesionales<\/strong>\u00bb y despu\u00e9s \u00abPanel para profesionales\u00bb.<\/li><li>En el \u00ab<strong>Panel para profesionales<\/strong>\u00ab, seleccionamos la opci\u00f3n \u00ab<strong>Cuentas vinculadas<\/strong>\u00ab.<\/li><\/ol>\n\n\n\n<div class=\"wp-block-columns is-layout-flex wp-container-core-columns-is-layout-9d6595d7 wp-block-columns-is-layout-flex\">\n<div class=\"wp-block-column is-layout-flow wp-block-column-is-layout-flow\" style=\"flex-basis:33.33%\"><div class=\"wp-block-image\">\n<figure class=\"aligncenter size-full\"><img loading=\"lazy\" decoding=\"async\" width=\"318\" height=\"389\" src=\"https:\/\/carontestudio.com\/blog\/wp-content\/uploads\/2022\/11\/pagina-de-facebook.jpg\" alt=\"pagina de facebook\" class=\"wp-image-12090\" srcset=\"https:\/\/carontestudio.com\/blog\/wp-content\/uploads\/2022\/11\/pagina-de-facebook.jpg 318w, https:\/\/carontestudio.com\/blog\/wp-content\/uploads\/2022\/11\/pagina-de-facebook-245x300.jpg 245w\" sizes=\"auto, (max-width: 318px) 100vw, 318px\" \/><\/figure>\n<\/div><\/div>\n\n\n\n<div class=\"wp-block-column is-layout-flow wp-block-column-is-layout-flow\" style=\"flex-basis:66.66%\"><div class=\"wp-block-image\">\n<figure class=\"aligncenter size-full\"><img loading=\"lazy\" decoding=\"async\" width=\"950\" height=\"534\" src=\"https:\/\/carontestudio.com\/blog\/wp-content\/uploads\/2022\/11\/cambiar-de-perfil-en-facebook.jpg\" alt=\"cambiar de perfil en facebook\" class=\"wp-image-12092\" srcset=\"https:\/\/carontestudio.com\/blog\/wp-content\/uploads\/2022\/11\/cambiar-de-perfil-en-facebook.jpg 950w, https:\/\/carontestudio.com\/blog\/wp-content\/uploads\/2022\/11\/cambiar-de-perfil-en-facebook-300x169.jpg 300w, https:\/\/carontestudio.com\/blog\/wp-content\/uploads\/2022\/11\/cambiar-de-perfil-en-facebook-768x432.jpg 768w\" sizes=\"auto, (max-width: 950px) 100vw, 950px\" \/><\/figure>\n<\/div><\/div>\n<\/div>\n\n\n\n<p>Una vez que estemos dentro de \u00ab<strong>Cuentas vinculadas<\/strong>\u00ab, nos dejar\u00e1 vincular una cuenta de Instagram y otra de WhatsApp. Hacemos clic en el bot\u00f3n de Vincular cuenta dentro de Instagram y seguimos los pasos.<\/p>\n\n\n<div class=\"wp-block-image\">\n<figure class=\"aligncenter size-full\"><img loading=\"lazy\" decoding=\"async\" width=\"950\" height=\"478\" src=\"https:\/\/carontestudio.com\/blog\/wp-content\/uploads\/2022\/11\/vincular-cuenta-de-instagram-con-facebook.jpg\" alt=\"vincular cuenta de instagram con facebook\" class=\"wp-image-12094\" srcset=\"https:\/\/carontestudio.com\/blog\/wp-content\/uploads\/2022\/11\/vincular-cuenta-de-instagram-con-facebook.jpg 950w, https:\/\/carontestudio.com\/blog\/wp-content\/uploads\/2022\/11\/vincular-cuenta-de-instagram-con-facebook-300x151.jpg 300w, https:\/\/carontestudio.com\/blog\/wp-content\/uploads\/2022\/11\/vincular-cuenta-de-instagram-con-facebook-768x386.jpg 768w\" sizes=\"auto, (max-width: 950px) 100vw, 950px\" \/><\/figure>\n<\/div>\n\n\n<p>Aceptamos contactar la cuenta e <strong>iniciamos sesi\u00f3n en Instagram<\/strong> en la ventana que se abre para poder vincular la cuenta. <\/p>\n\n\n\n<div class=\"wp-block-columns is-layout-flex wp-container-core-columns-is-layout-9d6595d7 wp-block-columns-is-layout-flex\">\n<div class=\"wp-block-column is-layout-flow wp-block-column-is-layout-flow\">\n<figure class=\"wp-block-image size-full\"><img loading=\"lazy\" decoding=\"async\" width=\"550\" height=\"484\" src=\"https:\/\/carontestudio.com\/blog\/wp-content\/uploads\/2022\/11\/vinculacion-instagram-y-facebook.jpg\" alt=\"vinculacion instagram y facebook\" class=\"wp-image-12102\" srcset=\"https:\/\/carontestudio.com\/blog\/wp-content\/uploads\/2022\/11\/vinculacion-instagram-y-facebook.jpg 550w, https:\/\/carontestudio.com\/blog\/wp-content\/uploads\/2022\/11\/vinculacion-instagram-y-facebook-300x264.jpg 300w\" sizes=\"auto, (max-width: 550px) 100vw, 550px\" \/><\/figure>\n<\/div>\n\n\n\n<div class=\"wp-block-column is-layout-flow wp-block-column-is-layout-flow\"><div class=\"wp-block-image\">\n<figure class=\"aligncenter size-full\"><img loading=\"lazy\" decoding=\"async\" width=\"550\" height=\"454\" src=\"https:\/\/carontestudio.com\/blog\/wp-content\/uploads\/2022\/11\/como-compartir-fotos-de-instagram-en-facebook-1.jpg\" alt=\"como compartir fotos de instagram en facebook\" class=\"wp-image-12104\" srcset=\"https:\/\/carontestudio.com\/blog\/wp-content\/uploads\/2022\/11\/como-compartir-fotos-de-instagram-en-facebook-1.jpg 550w, https:\/\/carontestudio.com\/blog\/wp-content\/uploads\/2022\/11\/como-compartir-fotos-de-instagram-en-facebook-1-300x248.jpg 300w\" sizes=\"auto, (max-width: 550px) 100vw, 550px\" \/><\/figure>\n<\/div><\/div>\n<\/div>\n\n\n\n<p>Una vez que se hayan vinculado las cuentas, podremos publicar en Facebook el mismo contenido que estamos publicando desde Instagram. <\/p>\n\n\n\n<p>Desde la propia aplicaci\u00f3n de Facebook no nos va a dejar publicar en Instagram, pero podemos acceder a <strong><a href=\"https:\/\/carontestudio.com\/blog\/herramienta-facebook-creator-studio\/\" target=\"_blank\" rel=\"noreferrer noopener\">Creator Studio<\/a>: una plataforma de Facebook para creadores de contenido<\/strong>, donde podemos organizar los contenidos de Facebook e Instagram a la vez. <\/p>\n\n\n\n<h2 class=\"wp-block-heading\">C\u00f3mo vincular Instagram y Facebook desde la app Instagram<\/h2>\n\n\n\n<p>Si lo prefieres y se te hace m\u00e1s c\u00f3modo, puedes <strong>realizar esta vinculaci\u00f3n desde la propia aplicaci\u00f3n de Instagram<\/strong>:<\/p>\n\n\n\n<ol class=\"wp-block-list\"><li>Para ello, debes abrir Instagram, darle al \u00ab<strong>Men\u00fa<\/strong>\u00bb de tres rayas que aparece arriba a la derecha en tu perfil y seleccionar la opci\u00f3n \u00ab<strong>Configuraci\u00f3n<\/strong>\u00ab. <\/li><li>En la ventana de \u00abConfiguraci\u00f3n\u00bb seleccionamos la opci\u00f3n \u00ab<strong>Cuenta<\/strong>\u00ab, y dentro de ella, la secci\u00f3n \u00ab<strong>Compartir en otras publicaciones<\/strong>\u00ab. En este apartado encontraremos la opci\u00f3n de vincular distintas cuentas:<strong> Facebook, WhatsApp, Twitter, Tumblr, Ameba y OK.ru<\/strong>. <\/li><\/ol>\n\n\n\n<div class=\"wp-block-columns is-layout-flex wp-container-core-columns-is-layout-9d6595d7 wp-block-columns-is-layout-flex\">\n<div class=\"wp-block-column is-layout-flow wp-block-column-is-layout-flow\">\n<figure class=\"wp-block-image size-full\"><img loading=\"lazy\" decoding=\"async\" width=\"280\" height=\"600\" src=\"https:\/\/carontestudio.com\/blog\/wp-content\/uploads\/2022\/11\/instagram-conexiones.jpg\" alt=\"instagram conexiones\" class=\"wp-image-12106\" srcset=\"https:\/\/carontestudio.com\/blog\/wp-content\/uploads\/2022\/11\/instagram-conexiones.jpg 280w, https:\/\/carontestudio.com\/blog\/wp-content\/uploads\/2022\/11\/instagram-conexiones-140x300.jpg 140w\" sizes=\"auto, (max-width: 280px) 100vw, 280px\" \/><\/figure>\n<\/div>\n\n\n\n<div class=\"wp-block-column is-layout-flow wp-block-column-is-layout-flow\">\n<figure class=\"wp-block-image size-full\"><img loading=\"lazy\" decoding=\"async\" width=\"279\" height=\"600\" src=\"https:\/\/carontestudio.com\/blog\/wp-content\/uploads\/2022\/11\/insatgram-compartir.jpg\" alt=\"instagram compartir\" class=\"wp-image-12108\" srcset=\"https:\/\/carontestudio.com\/blog\/wp-content\/uploads\/2022\/11\/insatgram-compartir.jpg 279w, https:\/\/carontestudio.com\/blog\/wp-content\/uploads\/2022\/11\/insatgram-compartir-140x300.jpg 140w\" sizes=\"auto, (max-width: 279px) 100vw, 279px\" \/><\/figure>\n<\/div>\n\n\n\n<div class=\"wp-block-column is-layout-flow wp-block-column-is-layout-flow\">\n<figure class=\"wp-block-image size-full\"><img loading=\"lazy\" decoding=\"async\" width=\"280\" height=\"600\" src=\"https:\/\/carontestudio.com\/blog\/wp-content\/uploads\/2022\/11\/instagram-compartir-en-otras-apps.jpg\" alt=\"instagram compartir en otras apps\" class=\"wp-image-12109\" srcset=\"https:\/\/carontestudio.com\/blog\/wp-content\/uploads\/2022\/11\/instagram-compartir-en-otras-apps.jpg 280w, https:\/\/carontestudio.com\/blog\/wp-content\/uploads\/2022\/11\/instagram-compartir-en-otras-apps-140x300.jpg 140w\" sizes=\"auto, (max-width: 280px) 100vw, 280px\" \/><\/figure>\n<\/div>\n<\/div>\n\n\n\n<p>Una vez hecho esto, ya tendr\u00e1s las cuentas de Instagram y Facebook conectadas y podr\u00e1s compartir publicaciones entre ambas. Cuando vayas a compartir un contenido desde la app de Instagram, te aparecer\u00e1 un <strong>bot\u00f3n que debes activar para que se comparta tambi\u00e9n en Facebook la publicaci\u00f3n<\/strong>.<\/p>\n\n\n\n<h2 class=\"wp-block-heading\">Conclusi\u00f3n: compartir fotos de Instagram en Facebook<\/h2>\n\n\n\n<p>Como has podido comprobar, vincular las cuentas de Instagram y Facebook para compartir publicaciones es muy sencillo. Si est\u00e1s pensando en llevar tus redes sociales a un siguiente nivel, estaremos encantados de acompa\u00f1arte en el camino. En Caronte Web Studio <a href=\"https:\/\/carontestudio.com\/marketing\/community-manager-gestion-redes-sociales\/\">creamos una estrategia de redes completa<\/a>, gestionamos y creamos el contenido de cada red social que necesita tu marca.<\/p>\n\n\n\n<div class=\"wp-block-columns sabermas is-layout-flex wp-container-core-columns-is-layout-9d6595d7 wp-block-columns-is-layout-flex\">\n<div class=\"wp-block-column is-layout-flow wp-block-column-is-layout-flow\">\n<figure class=\"wp-block-image size-large\"><a href=\"https:\/\/carontestudio.com\/blog\/como-eliminar-cuenta-de-instagram\/\"><img loading=\"lazy\" decoding=\"async\" width=\"1024\" height=\"604\" src=\"https:\/\/carontestudio.com\/blog\/wp-content\/uploads\/2022\/03\/como-eliminar-cuenta-de-instagram-1024x604.jpg\" alt=\"como eliminar cuenta de instagram\" class=\"wp-image-9266\" srcset=\"https:\/\/carontestudio.com\/blog\/wp-content\/uploads\/2022\/03\/como-eliminar-cuenta-de-instagram-1024x604.jpg 1024w, https:\/\/carontestudio.com\/blog\/wp-content\/uploads\/2022\/03\/como-eliminar-cuenta-de-instagram-300x177.jpg 300w, https:\/\/carontestudio.com\/blog\/wp-content\/uploads\/2022\/03\/como-eliminar-cuenta-de-instagram-768x453.jpg 768w, https:\/\/carontestudio.com\/blog\/wp-content\/uploads\/2022\/03\/como-eliminar-cuenta-de-instagram-600x354.jpg 600w, https:\/\/carontestudio.com\/blog\/wp-content\/uploads\/2022\/03\/como-eliminar-cuenta-de-instagram.jpg 1250w\" sizes=\"auto, (max-width: 1024px) 100vw, 1024px\" \/><\/a><\/figure>\n<\/div>\n\n\n\n<div class=\"wp-block-column is-layout-flow wp-block-column-is-layout-flow\">\n<figure class=\"wp-block-image size-large\"><a href=\"https:\/\/carontestudio.com\/blog\/mejores-apps-para-programar-publicaciones-en-instagram\/\"><img loading=\"lazy\" decoding=\"async\" width=\"1024\" height=\"604\" src=\"https:\/\/carontestudio.com\/blog\/wp-content\/uploads\/2021\/03\/2021-09-septiembre-octubre-1024x604.jpg\" alt=\"programar publicaciones en instagram\" class=\"wp-image-6697\" srcset=\"https:\/\/carontestudio.com\/blog\/wp-content\/uploads\/2021\/03\/2021-09-septiembre-octubre-1024x604.jpg 1024w, https:\/\/carontestudio.com\/blog\/wp-content\/uploads\/2021\/03\/2021-09-septiembre-octubre-300x177.jpg 300w, https:\/\/carontestudio.com\/blog\/wp-content\/uploads\/2021\/03\/2021-09-septiembre-octubre-768x453.jpg 768w, https:\/\/carontestudio.com\/blog\/wp-content\/uploads\/2021\/03\/2021-09-septiembre-octubre.jpg 1250w\" sizes=\"auto, (max-width: 1024px) 100vw, 1024px\" \/><\/a><\/figure>\n<\/div>\n<\/div>\n","protected":false},"excerpt":{"rendered":"<p>Facebook e Instagram son dos de las redes sociales m\u00e1s conocidas en todo el mundo. Para las empresas, son redes sociales de mucho inter\u00e9s por su gran capacidad de generar comunidades al rededor de la marca. Para aquellas personas que quieren ahorrar tiempo, os mostramos c\u00f3mo compartir fotos de Instagram en Facebook.<\/p>\n","protected":false},"author":21,"featured_media":12085,"comment_status":"open","ping_status":"closed","sticky":false,"template":"","format":"standard","meta":{"_acf_changed":false,"footnotes":""},"categories":[75],"tags":[77,76],"class_list":["post-12083","post","type-post","status-publish","format-standard","has-post-thumbnail","hentry","category-redes-sociales","tag-facebook","tag-instagram"],"acf":[],"yoast_head":"<!-- This site is optimized with the Yoast SEO plugin v27.3 - https:\/\/yoast.com\/product\/yoast-seo-wordpress\/ -->\n<title>Compartir fotos de Instagram en Facebook - Caronte Web Studio<\/title>\n<meta name=\"description\" content=\"Para aquellas personas que quieren simplificar tareas y ahorrar tiempo, hoy os mostramos c\u00f3mo compartir fotos de Instagram en Facebook.\" \/>\n<meta name=\"robots\" content=\"index, follow, max-snippet:-1, max-image-preview:large, max-video-preview:-1\" \/>\n<link rel=\"canonical\" href=\"https:\/\/carontestudio.com\/blog\/compartir-fotos-de-instagram-en-facebook\/\" \/>\n<meta property=\"og:locale\" content=\"es_ES\" \/>\n<meta property=\"og:type\" content=\"article\" \/>\n<meta property=\"og:title\" content=\"Compartir fotos de Instagram en Facebook - Caronte Web Studio\" \/>\n<meta property=\"og:description\" content=\"Para aquellas personas que quieren simplificar tareas y ahorrar tiempo, hoy os mostramos c\u00f3mo compartir fotos de Instagram en Facebook.\" \/>\n<meta property=\"og:url\" content=\"https:\/\/carontestudio.com\/blog\/compartir-fotos-de-instagram-en-facebook\/\" \/>\n<meta property=\"og:site_name\" content=\"Blog de maketing | Caronte\" \/>\n<meta property=\"article:publisher\" content=\"https:\/\/www.facebook.com\/carontewebstudio\/\" \/>\n<meta property=\"article:published_time\" content=\"2022-12-09T12:00:00+00:00\" \/>\n<meta property=\"article:modified_time\" content=\"2023-01-03T09:00:02+00:00\" \/>\n<meta property=\"og:image\" content=\"https:\/\/carontestudio.com\/blog\/wp-content\/uploads\/2022\/11\/como-compartir-fotos-de-instagram-en-facebook.jpg\" \/>\n\t<meta property=\"og:image:width\" content=\"1250\" \/>\n\t<meta property=\"og:image:height\" content=\"737\" \/>\n\t<meta property=\"og:image:type\" content=\"image\/jpeg\" \/>\n<meta name=\"author\" content=\"Caronte Studio\" \/>\n<meta name=\"twitter:card\" content=\"summary_large_image\" \/>\n<meta name=\"twitter:title\" content=\"Compartir fotos de Instagram en Facebook - Caronte Web Studio\" \/>\n<meta name=\"twitter:description\" content=\"Para aquellas personas que quieren simplificar tareas y ahorrar tiempo, hoy os mostramos c\u00f3mo compartir fotos de Instagram en Facebook.\" \/>\n<meta name=\"twitter:image\" content=\"https:\/\/carontestudio.com\/blog\/wp-content\/uploads\/2022\/11\/como-compartir-fotos-de-instagram-en-facebook.jpg\" \/>\n<meta name=\"twitter:label1\" content=\"Escrito por\" \/>\n\t<meta name=\"twitter:data1\" content=\"Caronte Studio\" \/>\n\t<meta name=\"twitter:label2\" content=\"Tiempo de lectura\" \/>\n\t<meta name=\"twitter:data2\" content=\"5 minutos\" \/>\n<script type=\"application\/ld+json\" class=\"yoast-schema-graph\">{\"@context\":\"https:\\\/\\\/schema.org\",\"@graph\":[{\"@type\":\"Article\",\"@id\":\"https:\\\/\\\/carontestudio.com\\\/blog\\\/compartir-fotos-de-instagram-en-facebook\\\/#article\",\"isPartOf\":{\"@id\":\"https:\\\/\\\/carontestudio.com\\\/blog\\\/compartir-fotos-de-instagram-en-facebook\\\/\"},\"author\":{\"name\":\"Caronte Studio\",\"@id\":\"https:\\\/\\\/carontestudio.com\\\/blog\\\/#\\\/schema\\\/person\\\/af53223b68efd2be07f600dfc0506979\"},\"headline\":\"Compartir fotos de Instagram en Facebook\",\"datePublished\":\"2022-12-09T12:00:00+00:00\",\"dateModified\":\"2023-01-03T09:00:02+00:00\",\"mainEntityOfPage\":{\"@id\":\"https:\\\/\\\/carontestudio.com\\\/blog\\\/compartir-fotos-de-instagram-en-facebook\\\/\"},\"wordCount\":662,\"commentCount\":0,\"publisher\":{\"@id\":\"https:\\\/\\\/carontestudio.com\\\/blog\\\/#organization\"},\"image\":{\"@id\":\"https:\\\/\\\/carontestudio.com\\\/blog\\\/compartir-fotos-de-instagram-en-facebook\\\/#primaryimage\"},\"thumbnailUrl\":\"https:\\\/\\\/carontestudio.com\\\/blog\\\/wp-content\\\/uploads\\\/2022\\\/11\\\/como-compartir-fotos-de-instagram-en-facebook.jpg\",\"keywords\":[\"Facebook\",\"Instagram\"],\"articleSection\":[\"Redes sociales\"],\"inLanguage\":\"es\",\"potentialAction\":[{\"@type\":\"CommentAction\",\"name\":\"Comment\",\"target\":[\"https:\\\/\\\/carontestudio.com\\\/blog\\\/compartir-fotos-de-instagram-en-facebook\\\/#respond\"]}]},{\"@type\":\"WebPage\",\"@id\":\"https:\\\/\\\/carontestudio.com\\\/blog\\\/compartir-fotos-de-instagram-en-facebook\\\/\",\"url\":\"https:\\\/\\\/carontestudio.com\\\/blog\\\/compartir-fotos-de-instagram-en-facebook\\\/\",\"name\":\"Compartir fotos de Instagram en Facebook - Caronte Web Studio\",\"isPartOf\":{\"@id\":\"https:\\\/\\\/carontestudio.com\\\/blog\\\/#website\"},\"primaryImageOfPage\":{\"@id\":\"https:\\\/\\\/carontestudio.com\\\/blog\\\/compartir-fotos-de-instagram-en-facebook\\\/#primaryimage\"},\"image\":{\"@id\":\"https:\\\/\\\/carontestudio.com\\\/blog\\\/compartir-fotos-de-instagram-en-facebook\\\/#primaryimage\"},\"thumbnailUrl\":\"https:\\\/\\\/carontestudio.com\\\/blog\\\/wp-content\\\/uploads\\\/2022\\\/11\\\/como-compartir-fotos-de-instagram-en-facebook.jpg\",\"datePublished\":\"2022-12-09T12:00:00+00:00\",\"dateModified\":\"2023-01-03T09:00:02+00:00\",\"description\":\"Para aquellas personas que quieren simplificar tareas y ahorrar tiempo, hoy os mostramos c\u00f3mo compartir fotos de Instagram en Facebook.\",\"breadcrumb\":{\"@id\":\"https:\\\/\\\/carontestudio.com\\\/blog\\\/compartir-fotos-de-instagram-en-facebook\\\/#breadcrumb\"},\"inLanguage\":\"es\",\"potentialAction\":[{\"@type\":\"ReadAction\",\"target\":[\"https:\\\/\\\/carontestudio.com\\\/blog\\\/compartir-fotos-de-instagram-en-facebook\\\/\"]}]},{\"@type\":\"ImageObject\",\"inLanguage\":\"es\",\"@id\":\"https:\\\/\\\/carontestudio.com\\\/blog\\\/compartir-fotos-de-instagram-en-facebook\\\/#primaryimage\",\"url\":\"https:\\\/\\\/carontestudio.com\\\/blog\\\/wp-content\\\/uploads\\\/2022\\\/11\\\/como-compartir-fotos-de-instagram-en-facebook.jpg\",\"contentUrl\":\"https:\\\/\\\/carontestudio.com\\\/blog\\\/wp-content\\\/uploads\\\/2022\\\/11\\\/como-compartir-fotos-de-instagram-en-facebook.jpg\",\"width\":1250,\"height\":737,\"caption\":\"como compartir fotos de instagram en facebook\"},{\"@type\":\"BreadcrumbList\",\"@id\":\"https:\\\/\\\/carontestudio.com\\\/blog\\\/compartir-fotos-de-instagram-en-facebook\\\/#breadcrumb\",\"itemListElement\":[{\"@type\":\"ListItem\",\"position\":1,\"name\":\"Portada\",\"item\":\"https:\\\/\\\/carontestudio.com\\\/blog\\\/\"},{\"@type\":\"ListItem\",\"position\":2,\"name\":\"Compartir fotos de Instagram en Facebook\"}]},{\"@type\":\"WebSite\",\"@id\":\"https:\\\/\\\/carontestudio.com\\\/blog\\\/#website\",\"url\":\"https:\\\/\\\/carontestudio.com\\\/blog\\\/\",\"name\":\"Blog de marketing | Caronte\",\"description\":\"En nuestro blog encontrar\u00e1s art\u00edculos semanales sobre SEO, marketing online, programaci\u00f3n web y mucho m\u00e1s.\",\"publisher\":{\"@id\":\"https:\\\/\\\/carontestudio.com\\\/blog\\\/#organization\"},\"potentialAction\":[{\"@type\":\"SearchAction\",\"target\":{\"@type\":\"EntryPoint\",\"urlTemplate\":\"https:\\\/\\\/carontestudio.com\\\/blog\\\/?s={search_term_string}\"},\"query-input\":{\"@type\":\"PropertyValueSpecification\",\"valueRequired\":true,\"valueName\":\"search_term_string\"}}],\"inLanguage\":\"es\"},{\"@type\":\"Organization\",\"@id\":\"https:\\\/\\\/carontestudio.com\\\/blog\\\/#organization\",\"name\":\"Caronte - Agencia de marketing\",\"url\":\"https:\\\/\\\/carontestudio.com\\\/blog\\\/\",\"logo\":{\"@type\":\"ImageObject\",\"inLanguage\":\"es\",\"@id\":\"https:\\\/\\\/carontestudio.com\\\/blog\\\/#\\\/schema\\\/logo\\\/image\\\/\",\"url\":\"https:\\\/\\\/carontestudio.com\\\/blog\\\/wp-content\\\/uploads\\\/2025\\\/06\\\/caronte-agencia-de-marketing-logo.png\",\"contentUrl\":\"https:\\\/\\\/carontestudio.com\\\/blog\\\/wp-content\\\/uploads\\\/2025\\\/06\\\/caronte-agencia-de-marketing-logo.png\",\"width\":1090,\"height\":155,\"caption\":\"Caronte - Agencia de marketing\"},\"image\":{\"@id\":\"https:\\\/\\\/carontestudio.com\\\/blog\\\/#\\\/schema\\\/logo\\\/image\\\/\"},\"sameAs\":[\"https:\\\/\\\/www.facebook.com\\\/carontewebstudio\\\/\",\"https:\\\/\\\/www.instagram.com\\\/caronte_studio\\\/\",\"https:\\\/\\\/www.tiktok.com\\\/@carontewebstudio\",\"https:\\\/\\\/www.youtube.com\\\/@carontewebstudio\",\"https:\\\/\\\/es.linkedin.com\\\/company\\\/carontewebstudio\"]},{\"@type\":\"Person\",\"@id\":\"https:\\\/\\\/carontestudio.com\\\/blog\\\/#\\\/schema\\\/person\\\/af53223b68efd2be07f600dfc0506979\",\"name\":\"Caronte Studio\",\"image\":{\"@type\":\"ImageObject\",\"inLanguage\":\"es\",\"@id\":\"https:\\\/\\\/secure.gravatar.com\\\/avatar\\\/4156e97024f8a40a8bcef2b24c0de8c6cfdd6857e2bc92e993c1a04b255e2e98?s=96&d=mm&r=g\",\"url\":\"https:\\\/\\\/secure.gravatar.com\\\/avatar\\\/4156e97024f8a40a8bcef2b24c0de8c6cfdd6857e2bc92e993c1a04b255e2e98?s=96&d=mm&r=g\",\"contentUrl\":\"https:\\\/\\\/secure.gravatar.com\\\/avatar\\\/4156e97024f8a40a8bcef2b24c0de8c6cfdd6857e2bc92e993c1a04b255e2e98?s=96&d=mm&r=g\",\"caption\":\"Caronte Studio\"},\"url\":\"https:\\\/\\\/carontestudio.com\\\/blog\\\/author\\\/caronte-studio\\\/\"}]}<\/script>\n<!-- \/ Yoast SEO plugin. -->","yoast_head_json":{"title":"Compartir fotos de Instagram en Facebook - Caronte Web Studio","description":"Para aquellas personas que quieren simplificar tareas y ahorrar tiempo, hoy os mostramos c\u00f3mo compartir fotos de Instagram en Facebook.","robots":{"index":"index","follow":"follow","max-snippet":"max-snippet:-1","max-image-preview":"max-image-preview:large","max-video-preview":"max-video-preview:-1"},"canonical":"https:\/\/carontestudio.com\/blog\/compartir-fotos-de-instagram-en-facebook\/","og_locale":"es_ES","og_type":"article","og_title":"Compartir fotos de Instagram en Facebook - Caronte Web Studio","og_description":"Para aquellas personas que quieren simplificar tareas y ahorrar tiempo, hoy os mostramos c\u00f3mo compartir fotos de Instagram en Facebook.","og_url":"https:\/\/carontestudio.com\/blog\/compartir-fotos-de-instagram-en-facebook\/","og_site_name":"Blog de maketing | Caronte","article_publisher":"https:\/\/www.facebook.com\/carontewebstudio\/","article_published_time":"2022-12-09T12:00:00+00:00","article_modified_time":"2023-01-03T09:00:02+00:00","og_image":[{"width":1250,"height":737,"url":"https:\/\/carontestudio.com\/blog\/wp-content\/uploads\/2022\/11\/como-compartir-fotos-de-instagram-en-facebook.jpg","type":"image\/jpeg"}],"author":"Caronte Studio","twitter_card":"summary_large_image","twitter_title":"Compartir fotos de Instagram en Facebook - Caronte Web Studio","twitter_description":"Para aquellas personas que quieren simplificar tareas y ahorrar tiempo, hoy os mostramos c\u00f3mo compartir fotos de Instagram en Facebook.","twitter_image":"https:\/\/carontestudio.com\/blog\/wp-content\/uploads\/2022\/11\/como-compartir-fotos-de-instagram-en-facebook.jpg","twitter_misc":{"Escrito por":"Caronte Studio","Tiempo de lectura":"5 minutos"},"schema":{"@context":"https:\/\/schema.org","@graph":[{"@type":"Article","@id":"https:\/\/carontestudio.com\/blog\/compartir-fotos-de-instagram-en-facebook\/#article","isPartOf":{"@id":"https:\/\/carontestudio.com\/blog\/compartir-fotos-de-instagram-en-facebook\/"},"author":{"name":"Caronte Studio","@id":"https:\/\/carontestudio.com\/blog\/#\/schema\/person\/af53223b68efd2be07f600dfc0506979"},"headline":"Compartir fotos de Instagram en Facebook","datePublished":"2022-12-09T12:00:00+00:00","dateModified":"2023-01-03T09:00:02+00:00","mainEntityOfPage":{"@id":"https:\/\/carontestudio.com\/blog\/compartir-fotos-de-instagram-en-facebook\/"},"wordCount":662,"commentCount":0,"publisher":{"@id":"https:\/\/carontestudio.com\/blog\/#organization"},"image":{"@id":"https:\/\/carontestudio.com\/blog\/compartir-fotos-de-instagram-en-facebook\/#primaryimage"},"thumbnailUrl":"https:\/\/carontestudio.com\/blog\/wp-content\/uploads\/2022\/11\/como-compartir-fotos-de-instagram-en-facebook.jpg","keywords":["Facebook","Instagram"],"articleSection":["Redes sociales"],"inLanguage":"es","potentialAction":[{"@type":"CommentAction","name":"Comment","target":["https:\/\/carontestudio.com\/blog\/compartir-fotos-de-instagram-en-facebook\/#respond"]}]},{"@type":"WebPage","@id":"https:\/\/carontestudio.com\/blog\/compartir-fotos-de-instagram-en-facebook\/","url":"https:\/\/carontestudio.com\/blog\/compartir-fotos-de-instagram-en-facebook\/","name":"Compartir fotos de Instagram en Facebook - Caronte Web Studio","isPartOf":{"@id":"https:\/\/carontestudio.com\/blog\/#website"},"primaryImageOfPage":{"@id":"https:\/\/carontestudio.com\/blog\/compartir-fotos-de-instagram-en-facebook\/#primaryimage"},"image":{"@id":"https:\/\/carontestudio.com\/blog\/compartir-fotos-de-instagram-en-facebook\/#primaryimage"},"thumbnailUrl":"https:\/\/carontestudio.com\/blog\/wp-content\/uploads\/2022\/11\/como-compartir-fotos-de-instagram-en-facebook.jpg","datePublished":"2022-12-09T12:00:00+00:00","dateModified":"2023-01-03T09:00:02+00:00","description":"Para aquellas personas que quieren simplificar tareas y ahorrar tiempo, hoy os mostramos c\u00f3mo compartir fotos de Instagram en Facebook.","breadcrumb":{"@id":"https:\/\/carontestudio.com\/blog\/compartir-fotos-de-instagram-en-facebook\/#breadcrumb"},"inLanguage":"es","potentialAction":[{"@type":"ReadAction","target":["https:\/\/carontestudio.com\/blog\/compartir-fotos-de-instagram-en-facebook\/"]}]},{"@type":"ImageObject","inLanguage":"es","@id":"https:\/\/carontestudio.com\/blog\/compartir-fotos-de-instagram-en-facebook\/#primaryimage","url":"https:\/\/carontestudio.com\/blog\/wp-content\/uploads\/2022\/11\/como-compartir-fotos-de-instagram-en-facebook.jpg","contentUrl":"https:\/\/carontestudio.com\/blog\/wp-content\/uploads\/2022\/11\/como-compartir-fotos-de-instagram-en-facebook.jpg","width":1250,"height":737,"caption":"como compartir fotos de instagram en facebook"},{"@type":"BreadcrumbList","@id":"https:\/\/carontestudio.com\/blog\/compartir-fotos-de-instagram-en-facebook\/#breadcrumb","itemListElement":[{"@type":"ListItem","position":1,"name":"Portada","item":"https:\/\/carontestudio.com\/blog\/"},{"@type":"ListItem","position":2,"name":"Compartir fotos de Instagram en Facebook"}]},{"@type":"WebSite","@id":"https:\/\/carontestudio.com\/blog\/#website","url":"https:\/\/carontestudio.com\/blog\/","name":"Blog de marketing | Caronte","description":"En nuestro blog encontrar\u00e1s art\u00edculos semanales sobre SEO, marketing online, programaci\u00f3n web y mucho m\u00e1s.","publisher":{"@id":"https:\/\/carontestudio.com\/blog\/#organization"},"potentialAction":[{"@type":"SearchAction","target":{"@type":"EntryPoint","urlTemplate":"https:\/\/carontestudio.com\/blog\/?s={search_term_string}"},"query-input":{"@type":"PropertyValueSpecification","valueRequired":true,"valueName":"search_term_string"}}],"inLanguage":"es"},{"@type":"Organization","@id":"https:\/\/carontestudio.com\/blog\/#organization","name":"Caronte - Agencia de marketing","url":"https:\/\/carontestudio.com\/blog\/","logo":{"@type":"ImageObject","inLanguage":"es","@id":"https:\/\/carontestudio.com\/blog\/#\/schema\/logo\/image\/","url":"https:\/\/carontestudio.com\/blog\/wp-content\/uploads\/2025\/06\/caronte-agencia-de-marketing-logo.png","contentUrl":"https:\/\/carontestudio.com\/blog\/wp-content\/uploads\/2025\/06\/caronte-agencia-de-marketing-logo.png","width":1090,"height":155,"caption":"Caronte - Agencia de marketing"},"image":{"@id":"https:\/\/carontestudio.com\/blog\/#\/schema\/logo\/image\/"},"sameAs":["https:\/\/www.facebook.com\/carontewebstudio\/","https:\/\/www.instagram.com\/caronte_studio\/","https:\/\/www.tiktok.com\/@carontewebstudio","https:\/\/www.youtube.com\/@carontewebstudio","https:\/\/es.linkedin.com\/company\/carontewebstudio"]},{"@type":"Person","@id":"https:\/\/carontestudio.com\/blog\/#\/schema\/person\/af53223b68efd2be07f600dfc0506979","name":"Caronte Studio","image":{"@type":"ImageObject","inLanguage":"es","@id":"https:\/\/secure.gravatar.com\/avatar\/4156e97024f8a40a8bcef2b24c0de8c6cfdd6857e2bc92e993c1a04b255e2e98?s=96&d=mm&r=g","url":"https:\/\/secure.gravatar.com\/avatar\/4156e97024f8a40a8bcef2b24c0de8c6cfdd6857e2bc92e993c1a04b255e2e98?s=96&d=mm&r=g","contentUrl":"https:\/\/secure.gravatar.com\/avatar\/4156e97024f8a40a8bcef2b24c0de8c6cfdd6857e2bc92e993c1a04b255e2e98?s=96&d=mm&r=g","caption":"Caronte Studio"},"url":"https:\/\/carontestudio.com\/blog\/author\/caronte-studio\/"}]}},"_links":{"self":[{"href":"https:\/\/carontestudio.com\/blog\/wp-json\/wp\/v2\/posts\/12083","targetHints":{"allow":["GET"]}}],"collection":[{"href":"https:\/\/carontestudio.com\/blog\/wp-json\/wp\/v2\/posts"}],"about":[{"href":"https:\/\/carontestudio.com\/blog\/wp-json\/wp\/v2\/types\/post"}],"author":[{"embeddable":true,"href":"https:\/\/carontestudio.com\/blog\/wp-json\/wp\/v2\/users\/21"}],"replies":[{"embeddable":true,"href":"https:\/\/carontestudio.com\/blog\/wp-json\/wp\/v2\/comments?post=12083"}],"version-history":[{"count":23,"href":"https:\/\/carontestudio.com\/blog\/wp-json\/wp\/v2\/posts\/12083\/revisions"}],"predecessor-version":[{"id":12848,"href":"https:\/\/carontestudio.com\/blog\/wp-json\/wp\/v2\/posts\/12083\/revisions\/12848"}],"wp:featuredmedia":[{"embeddable":true,"href":"https:\/\/carontestudio.com\/blog\/wp-json\/wp\/v2\/media\/12085"}],"wp:attachment":[{"href":"https:\/\/carontestudio.com\/blog\/wp-json\/wp\/v2\/media?parent=12083"}],"wp:term":[{"taxonomy":"category","embeddable":true,"href":"https:\/\/carontestudio.com\/blog\/wp-json\/wp\/v2\/categories?post=12083"},{"taxonomy":"post_tag","embeddable":true,"href":"https:\/\/carontestudio.com\/blog\/wp-json\/wp\/v2\/tags?post=12083"}],"curies":[{"name":"wp","href":"https:\/\/api.w.org\/{rel}","templated":true}]}}