{"id":10063,"date":"2022-06-21T13:00:00","date_gmt":"2022-06-21T11:00:00","guid":{"rendered":"https:\/\/carontestudio.com\/blog\/?p=10063"},"modified":"2022-10-26T10:01:28","modified_gmt":"2022-10-26T08:01:28","slug":"disenadores-ilustres-otl-aicher","status":"publish","type":"post","link":"https:\/\/carontestudio.com\/blog\/disenadores-ilustres-otl-aicher\/","title":{"rendered":"Dise\u00f1adores ilustres: Otl Aicher"},"content":{"rendered":"\n<p>Hablar de Otl Aicher es sin\u00f3nimo de identidad corporativa. Un pionero del sector a nivel mundial, que ayud\u00f3 a separar el concepto de arte del de dise\u00f1o gr\u00e1fico, gracias a una trayectoria donde la funcionalidad primaba sobre la est\u00e9tica. Hoy te contamos la vida y obra del germano, Otl Aicher. \u00bfNos acompa\u00f1as?<\/p>\n\n\n\n<!--more-->\n\n\n\n<h2 class=\"wp-block-heading\">Qui\u00e9n fue Otl Aicher<\/h2>\n\n\n\n<p>Otto Aicher naci\u00f3 en Ulm, Alemania en el a\u00f1o 1922. Al finalizar la guerra, Aicher curs\u00f3 estudios en la Academia de Bellas Artes de M\u00fanich, donde coincidir\u00eda con el arquitecto, pintor, tip\u00f3grafo y dise\u00f1ador, Max Bill. Tras acabar los estudios superiores, Aicher, su mujer Inge Aicher-Scholl y Bill, junto a otros estudiantes, fundaron la Escuela de Dise\u00f1o de Ulm, toda una referencia en el mundo del dise\u00f1o. La \u00abHochschule f\u00fcr Gestaltung\u00bb, se distingui\u00f3 de la archi famosa Bauhaus, <strong>por darle la espalda al arte, centr\u00e1ndose principalmente en el dise\u00f1o funcional.<\/strong> La escuela form\u00f3 a toda una generaci\u00f3n de dise\u00f1adores alemanes desde 1953 hasta 1968.<\/p>\n\n\n\n<div class=\"wp-block-columns is-layout-flex wp-container-core-columns-is-layout-9d6595d7 wp-block-columns-is-layout-flex\">\n<div class=\"wp-block-column is-layout-flow wp-block-column-is-layout-flow\" style=\"flex-basis:66.66%\">\n<p>En 1966, se encarg\u00f3 a Otl Aicher el dise\u00f1o y se\u00f1al\u00e9tica al completo de los Juegos Ol\u00edmpicos de 1972. Este deb\u00eda inspirarse en la arquitectura del reci\u00e9n construido estadio de Munich, por el arquitecto G\u00fcnther Behnisch. Inspir\u00e1ndose en el trabajo de Katsumie en los Juegos Ol\u00edmpicos de Tokio de 1964, Aicher cre\u00f3 una serie de pictogramas para la se\u00f1al\u00e9tica revolucionaria. As\u00ed, <strong>de manera inteligente e intuitiva, produjo un pictograma flexible y coherente con los dem\u00e1s, para cada uno de los deportes. <\/strong>As\u00ed, la propia se\u00f1al\u00e9tica para la villa ol\u00edmpica, servir\u00eda de inspiraci\u00f3n para llevar a cabo la del Departamento de Transporte de Estados Unidos.  El \u00e9xito fue tal, que a\u00fan hoy se emplean muchos de sus pictogramas sin apenas modificaciones en incontables localizaciones a nivel mundial.<\/p>\n<\/div>\n\n\n\n<div class=\"wp-block-column is-layout-flow wp-block-column-is-layout-flow\" style=\"flex-basis:33.33%\">\n<figure class=\"wp-block-image size-full\"><img loading=\"lazy\" decoding=\"async\" width=\"800\" height=\"566\" src=\"https:\/\/carontestudio.com\/blog\/wp-content\/uploads\/2022\/06\/munich-72-cartel-otl-aicher.jpg\" alt=\"\" class=\"wp-image-10279\" srcset=\"https:\/\/carontestudio.com\/blog\/wp-content\/uploads\/2022\/06\/munich-72-cartel-otl-aicher.jpg 800w, https:\/\/carontestudio.com\/blog\/wp-content\/uploads\/2022\/06\/munich-72-cartel-otl-aicher-300x212.jpg 300w, https:\/\/carontestudio.com\/blog\/wp-content\/uploads\/2022\/06\/munich-72-cartel-otl-aicher-768x543.jpg 768w, https:\/\/carontestudio.com\/blog\/wp-content\/uploads\/2022\/06\/munich-72-cartel-otl-aicher-600x425.jpg 600w\" sizes=\"auto, (max-width: 800px) 100vw, 800px\" \/><\/figure>\n<\/div>\n<\/div>\n\n\n\n<div class=\"wp-block-columns is-layout-flex wp-container-core-columns-is-layout-9d6595d7 wp-block-columns-is-layout-flex\">\n<div class=\"wp-block-column is-layout-flow wp-block-column-is-layout-flow\" style=\"flex-basis:33.33%\">\n<figure class=\"wp-block-image size-full\"><img loading=\"lazy\" decoding=\"async\" width=\"500\" height=\"500\" src=\"https:\/\/carontestudio.com\/blog\/wp-content\/uploads\/2022\/06\/waldi-otl-aicher.jpg\" alt=\"Waldi, la mascota de Munich 72, por Otl Aicher.\" class=\"wp-image-10276\" srcset=\"https:\/\/carontestudio.com\/blog\/wp-content\/uploads\/2022\/06\/waldi-otl-aicher.jpg 500w, https:\/\/carontestudio.com\/blog\/wp-content\/uploads\/2022\/06\/waldi-otl-aicher-300x300.jpg 300w, https:\/\/carontestudio.com\/blog\/wp-content\/uploads\/2022\/06\/waldi-otl-aicher-150x150.jpg 150w, https:\/\/carontestudio.com\/blog\/wp-content\/uploads\/2022\/06\/waldi-otl-aicher-100x100.jpg 100w\" sizes=\"auto, (max-width: 500px) 100vw, 500px\" \/><\/figure>\n<\/div>\n\n\n\n<div class=\"wp-block-column is-layout-flow wp-block-column-is-layout-flow\" style=\"flex-basis:66.66%\">\n<p>Adem\u00e1s del \u00e9xito suscitado por sus pictogramas, cre\u00f3 el conocido como\u00bbStrahlenkranz\u00bb. Esta guirnalda, que en origen representaba el sol, y anillos ol\u00edmpicos, fue remodelada por Coordt von Mannstein <strong>para incorporarla en una espiral perfecta.<\/strong> En consonancia con la imagen dise\u00f1ada para la edici\u00f3n Ol\u00edmpica, Aicher llev\u00f3 a cabo varios carteles, uniformes, medios y soportes para la ocasi\u00f3n. De esta manera, de la mano de la ilustre tipograf\u00eda del suizo Frutiger, la \u00abUnivers\u00bb, convirtieron a los Juegos de Munich 72, en un aut\u00e9ntico punto de referencia para este evento mundial. Adem\u00e1s, cre\u00f3 la primera mascota ol\u00edmpica, el perro salchicha, Waldi.<\/p>\n\n\n\n<p>En los a\u00f1os 80 lleva a cabo el dise\u00f1o de un innovador sistema de cocinas para la marca \u00abBulthaup\u00bb. Un trabajo en el que, seg\u00fan Aicher, se promov\u00eda la honestidad en la funci\u00f3n y los materiales. Una corriente muy similar a la que impusieron otros ilustres dise\u00f1adores de producto de la \u00e9poca.<\/p>\n<\/div>\n<\/div>\n\n\n\n<p>A finales de la d\u00e9cada de los 80, Otl Aicher llev\u00f3 a cabo la se\u00f1al\u00e9tica e identidad visual del metro de Bilbao. El concurso, adjudicado inicialmente a Norman Foster, <strong>fue complementado por el germano gracias a su exquisita labor de investigaci\u00f3n y s\u00edntesis.<\/strong><\/p>\n\n\n\n<p>Tras incontables proyectos en el mundo del dise\u00f1o gr\u00e1fico e industrial, Aicher contribuy\u00f3 al mundo del dise\u00f1o con su inquebrantable visi\u00f3n acerca del dise\u00f1o. Falleci\u00f3 en 1991.<\/p>\n\n\n\n<h2 class=\"wp-block-heading\">La visi\u00f3n de Otl Aicher<\/h2>\n\n\n\n<p>Como avanz\u00e1bamos en la introducci\u00f3n, para Aicher, \u00abla funci\u00f3n hace la forma\u00bb. Esto lo convierte en otro f\u00e9rreo defensor de la funcionalidad sobre la est\u00e9tica, junto a <a href=\"https:\/\/carontestudio.com\/blog\/disenadores-ilustres-dieter-rams\/\">Dieter Rams o incluso alg\u00fan sector de la Bauhaus.<\/a><\/p>\n\n\n\n<div class=\"wp-block-columns is-layout-flex wp-container-core-columns-is-layout-9d6595d7 wp-block-columns-is-layout-flex\">\n<div class=\"wp-block-column is-layout-flow wp-block-column-is-layout-flow\">\n<p>Cuando aseveramos que Otl Aicher fue uno de los precursores de la identidad corporativa, no es por casualidad. Y es que, adem\u00e1s de su gran trabajo con el uso y creaci\u00f3n de pictogramas, tan intuitivos y sencillos de comprender a simple vista, el calado de Aicher resulta mucho mayor.<\/p>\n\n\n\n<p>Aicher se basaba en una ret\u00edcula en la que dispon\u00eda los elementos geom\u00e9tricos necesarios de manera impecable para lograr una s\u00edntesis conceptual sin precedentes. Tanto es as\u00ed que para muchos, Aicher <strong>sigue suponiendo el culmen de la creaci\u00f3n de los pictogramas<\/strong>. Y es que esto se debe a que muchos de ellos, a\u00fan siguen soportando el paso del tiempo y los cambios culturales.<\/p>\n<\/div>\n\n\n\n<div class=\"wp-block-column is-layout-flow wp-block-column-is-layout-flow\">\n<figure class=\"wp-block-image size-full\"><img loading=\"lazy\" decoding=\"async\" width=\"800\" height=\"526\" src=\"https:\/\/carontestudio.com\/blog\/wp-content\/uploads\/2022\/06\/pictograma-aicher.jpg\" alt=\"\" class=\"wp-image-10281\" srcset=\"https:\/\/carontestudio.com\/blog\/wp-content\/uploads\/2022\/06\/pictograma-aicher.jpg 800w, https:\/\/carontestudio.com\/blog\/wp-content\/uploads\/2022\/06\/pictograma-aicher-300x197.jpg 300w, https:\/\/carontestudio.com\/blog\/wp-content\/uploads\/2022\/06\/pictograma-aicher-768x505.jpg 768w, https:\/\/carontestudio.com\/blog\/wp-content\/uploads\/2022\/06\/pictograma-aicher-600x395.jpg 600w\" sizes=\"auto, (max-width: 800px) 100vw, 800px\" \/><\/figure>\n<\/div>\n<\/div>\n\n\n\n<p>Para Aicher, el dise\u00f1o ilustra la filosof\u00eda t\u00e9cnica y econ\u00f3mica de una empresa, y la imagen de la empresa revela el car\u00e1cter y su mentalidad. Por eso, la tarea del dise\u00f1ador es hacer perceptible dichos valores. De esta manera, Aicher hac\u00eda hincapi\u00e9 en la capacidad de la identidad visual corporativa, como herramienta para proyectar una imagen determinada, sin requerir del uso de palabras.<\/p>\n\n\n\n<h2 class=\"wp-block-heading\">Su trabajo<\/h2>\n\n\n\n<p>Como otros genios de la \u00e9poca, Aicher abarc\u00f3 numerosas \u00e1reas del dise\u00f1o, la tipograf\u00eda, o la arquitectura, entre otros. Entre los numerosos proyectos en los que trabaj\u00f3 el germano, podemos destacar la identidad corporativa de la compa\u00f1\u00eda a\u00e9rea germana, Lufthansa, el restyling del logotipo de Braun, el Metro de Bilbao y por supuesto, su labor en los Juegos de Munich 72.<\/p>\n\n\n\n<figure class=\"wp-block-gallery has-nested-images columns-4 is-cropped wp-block-gallery-1 is-layout-flex wp-block-gallery-is-layout-flex\">\n<figure class=\"wp-block-image size-large\"><img loading=\"lazy\" decoding=\"async\" width=\"500\" height=\"501\" data-id=\"10271\" src=\"https:\/\/carontestudio.com\/blog\/wp-content\/uploads\/2022\/06\/braun-otl-aicher.jpg\" alt=\"Logotipo de Braun por Otl Aicher\" class=\"wp-image-10271\" srcset=\"https:\/\/carontestudio.com\/blog\/wp-content\/uploads\/2022\/06\/braun-otl-aicher.jpg 500w, https:\/\/carontestudio.com\/blog\/wp-content\/uploads\/2022\/06\/braun-otl-aicher-300x300.jpg 300w, https:\/\/carontestudio.com\/blog\/wp-content\/uploads\/2022\/06\/braun-otl-aicher-150x150.jpg 150w, https:\/\/carontestudio.com\/blog\/wp-content\/uploads\/2022\/06\/braun-otl-aicher-100x100.jpg 100w\" sizes=\"auto, (max-width: 500px) 100vw, 500px\" \/><\/figure>\n\n\n\n<figure class=\"wp-block-image size-large\"><img loading=\"lazy\" decoding=\"async\" width=\"500\" height=\"500\" data-id=\"10269\" src=\"https:\/\/carontestudio.com\/blog\/wp-content\/uploads\/2022\/06\/lufthansa-otl-aicher.jpg\" alt=\"Restyling Lufthansa\" class=\"wp-image-10269\" srcset=\"https:\/\/carontestudio.com\/blog\/wp-content\/uploads\/2022\/06\/lufthansa-otl-aicher.jpg 500w, https:\/\/carontestudio.com\/blog\/wp-content\/uploads\/2022\/06\/lufthansa-otl-aicher-300x300.jpg 300w, https:\/\/carontestudio.com\/blog\/wp-content\/uploads\/2022\/06\/lufthansa-otl-aicher-150x150.jpg 150w, https:\/\/carontestudio.com\/blog\/wp-content\/uploads\/2022\/06\/lufthansa-otl-aicher-100x100.jpg 100w\" sizes=\"auto, (max-width: 500px) 100vw, 500px\" \/><\/figure>\n\n\n\n<figure class=\"wp-block-image size-large\"><img loading=\"lazy\" decoding=\"async\" width=\"500\" height=\"499\" data-id=\"10270\" src=\"https:\/\/carontestudio.com\/blog\/wp-content\/uploads\/2022\/06\/metro-otl-aicher.jpg\" alt=\"Metro de Bilbao por Otl Aicher\" class=\"wp-image-10270\" srcset=\"https:\/\/carontestudio.com\/blog\/wp-content\/uploads\/2022\/06\/metro-otl-aicher.jpg 500w, https:\/\/carontestudio.com\/blog\/wp-content\/uploads\/2022\/06\/metro-otl-aicher-300x300.jpg 300w, https:\/\/carontestudio.com\/blog\/wp-content\/uploads\/2022\/06\/metro-otl-aicher-150x150.jpg 150w, https:\/\/carontestudio.com\/blog\/wp-content\/uploads\/2022\/06\/metro-otl-aicher-100x100.jpg 100w\" sizes=\"auto, (max-width: 500px) 100vw, 500px\" \/><\/figure>\n\n\n\n<figure class=\"wp-block-image size-large\"><img loading=\"lazy\" decoding=\"async\" width=\"500\" height=\"500\" data-id=\"10268\" src=\"https:\/\/carontestudio.com\/blog\/wp-content\/uploads\/2022\/06\/munich-72-otl-aicher.jpg\" alt=\"Juegos ol\u00edmpicos Munich 72\" class=\"wp-image-10268\" srcset=\"https:\/\/carontestudio.com\/blog\/wp-content\/uploads\/2022\/06\/munich-72-otl-aicher.jpg 500w, https:\/\/carontestudio.com\/blog\/wp-content\/uploads\/2022\/06\/munich-72-otl-aicher-300x300.jpg 300w, https:\/\/carontestudio.com\/blog\/wp-content\/uploads\/2022\/06\/munich-72-otl-aicher-150x150.jpg 150w, https:\/\/carontestudio.com\/blog\/wp-content\/uploads\/2022\/06\/munich-72-otl-aicher-100x100.jpg 100w\" sizes=\"auto, (max-width: 500px) 100vw, 500px\" \/><\/figure>\n<\/figure>\n\n\n\n<p>Adem\u00e1s de un brillante dise\u00f1ador gr\u00e1fico, Aicher tambi\u00e9n fue tip\u00f3grafo, galardonado en varias ocasiones a nivel internacional. Dise\u00f1\u00f3 la familia \u00abRotis\u00bb, con sus singulares &#8216;c&#8217; y &#8216;e&#8217;. Tambi\u00e9n cre\u00f3 la \u00abTraffic\u00bb, que a\u00fan hoy, se sigue empleando en el aeropuerto de M\u00fanich.<\/p>\n\n\n<div class=\"wp-block-image\">\n<figure class=\"aligncenter size-full\"><img loading=\"lazy\" decoding=\"async\" width=\"800\" height=\"382\" src=\"https:\/\/carontestudio.com\/blog\/wp-content\/uploads\/2022\/06\/rotis.jpg\" alt=\"Tipograf\u00eda Rotis, por Otl Aicher\" class=\"wp-image-10287\" srcset=\"https:\/\/carontestudio.com\/blog\/wp-content\/uploads\/2022\/06\/rotis.jpg 800w, https:\/\/carontestudio.com\/blog\/wp-content\/uploads\/2022\/06\/rotis-300x143.jpg 300w, https:\/\/carontestudio.com\/blog\/wp-content\/uploads\/2022\/06\/rotis-768x367.jpg 768w, https:\/\/carontestudio.com\/blog\/wp-content\/uploads\/2022\/06\/rotis-600x287.jpg 600w\" sizes=\"auto, (max-width: 800px) 100vw, 800px\" \/><\/figure>\n<\/div>\n\n\n<h2 class=\"wp-block-heading\">Conclusi\u00f3n<\/h2>\n\n\n\n<p>Huelga decir que las palabras de Aicher acerca de la identidad visual corporativa a\u00fan resuenan en cada aula de dise\u00f1o. Como otros ilustres dise\u00f1adores y dise\u00f1adoras gr\u00e1ficas, ayud\u00f3 a sentar las bases de la creaci\u00f3n de una marca. Es por eso que tenemos mucho que agradecer a Otl Aicher.<\/p>\n\n\n\n<p>Por nuestra parte, esperamos que hayas disfrutado de nuestro art\u00edculo. Te animamos a comentar tus impresiones en la secci\u00f3n de comentarios, y nos despedimos hasta el pr\u00f3ximo art\u00edculo. \u00a1Hasta pronto!<\/p>\n","protected":false},"excerpt":{"rendered":"<p>Repasamos vida y obra del dise\u00f1ador gr\u00e1fico y tip\u00f3grafo, Otl Aicher. Todo un referente en el campo de la identidad visual.<\/p>\n","protected":false},"author":3,"featured_media":10289,"comment_status":"open","ping_status":"closed","sticky":false,"template":"","format":"standard","meta":{"_acf_changed":false,"footnotes":""},"categories":[53],"tags":[61],"class_list":["post-10063","post","type-post","status-publish","format-standard","has-post-thumbnail","hentry","category-diseno-grafico","tag-disenadores"],"acf":[],"yoast_head":"<!-- This site is optimized with the Yoast SEO plugin v27.3 - https:\/\/yoast.com\/product\/yoast-seo-wordpress\/ -->\n<title>Dise\u00f1adores ilustres: Otl Aicher - Caronte Web Studio<\/title>\n<meta name=\"description\" content=\"Repasamos vida y obra Otl Aicher, el dise\u00f1ador y tip\u00f3grafo alem\u00e1n que marc\u00f3 una antes y un despu\u00e9s en la identidad visual.\" \/>\n<meta name=\"robots\" content=\"index, follow, max-snippet:-1, max-image-preview:large, max-video-preview:-1\" \/>\n<link rel=\"canonical\" href=\"https:\/\/carontestudio.com\/blog\/disenadores-ilustres-otl-aicher\/\" \/>\n<meta property=\"og:locale\" content=\"es_ES\" \/>\n<meta property=\"og:type\" content=\"article\" \/>\n<meta property=\"og:title\" content=\"Dise\u00f1adores ilustres: Otl Aicher - Caronte Web Studio\" \/>\n<meta property=\"og:description\" content=\"Repasamos vida y obra Otl Aicher, el dise\u00f1ador y tip\u00f3grafo alem\u00e1n que marc\u00f3 una antes y un despu\u00e9s en la identidad visual.\" \/>\n<meta property=\"og:url\" content=\"https:\/\/carontestudio.com\/blog\/disenadores-ilustres-otl-aicher\/\" \/>\n<meta property=\"og:site_name\" content=\"Blog de maketing | Caronte\" \/>\n<meta property=\"article:publisher\" content=\"https:\/\/www.facebook.com\/carontewebstudio\/\" \/>\n<meta property=\"article:published_time\" content=\"2022-06-21T11:00:00+00:00\" \/>\n<meta property=\"article:modified_time\" content=\"2022-10-26T08:01:28+00:00\" \/>\n<meta property=\"og:image\" content=\"https:\/\/carontestudio.com\/blog\/wp-content\/uploads\/2022\/06\/otl-aicher.jpg\" \/>\n\t<meta property=\"og:image:width\" content=\"1250\" \/>\n\t<meta property=\"og:image:height\" content=\"737\" \/>\n\t<meta property=\"og:image:type\" content=\"image\/jpeg\" \/>\n<meta name=\"author\" content=\"David de Lamo\" \/>\n<meta name=\"twitter:card\" content=\"summary_large_image\" \/>\n<meta name=\"twitter:label1\" content=\"Escrito por\" \/>\n\t<meta name=\"twitter:data1\" content=\"David de Lamo\" \/>\n\t<meta name=\"twitter:label2\" content=\"Tiempo de lectura\" \/>\n\t<meta name=\"twitter:data2\" content=\"6 minutos\" \/>\n<script type=\"application\/ld+json\" class=\"yoast-schema-graph\">{\"@context\":\"https:\\\/\\\/schema.org\",\"@graph\":[{\"@type\":\"Article\",\"@id\":\"https:\\\/\\\/carontestudio.com\\\/blog\\\/disenadores-ilustres-otl-aicher\\\/#article\",\"isPartOf\":{\"@id\":\"https:\\\/\\\/carontestudio.com\\\/blog\\\/disenadores-ilustres-otl-aicher\\\/\"},\"author\":{\"name\":\"David de Lamo\",\"@id\":\"https:\\\/\\\/carontestudio.com\\\/blog\\\/#\\\/schema\\\/person\\\/2104191b75663e9e9ca47f821c5f92cf\"},\"headline\":\"Dise\u00f1adores ilustres: Otl Aicher\",\"datePublished\":\"2022-06-21T11:00:00+00:00\",\"dateModified\":\"2022-10-26T08:01:28+00:00\",\"mainEntityOfPage\":{\"@id\":\"https:\\\/\\\/carontestudio.com\\\/blog\\\/disenadores-ilustres-otl-aicher\\\/\"},\"wordCount\":1010,\"commentCount\":0,\"publisher\":{\"@id\":\"https:\\\/\\\/carontestudio.com\\\/blog\\\/#organization\"},\"image\":{\"@id\":\"https:\\\/\\\/carontestudio.com\\\/blog\\\/disenadores-ilustres-otl-aicher\\\/#primaryimage\"},\"thumbnailUrl\":\"https:\\\/\\\/carontestudio.com\\\/blog\\\/wp-content\\\/uploads\\\/2022\\\/06\\\/otl-aicher.jpg\",\"keywords\":[\"Dise\u00f1adores\"],\"articleSection\":[\"Dise\u00f1o gr\u00e1fico\"],\"inLanguage\":\"es\",\"potentialAction\":[{\"@type\":\"CommentAction\",\"name\":\"Comment\",\"target\":[\"https:\\\/\\\/carontestudio.com\\\/blog\\\/disenadores-ilustres-otl-aicher\\\/#respond\"]}]},{\"@type\":\"WebPage\",\"@id\":\"https:\\\/\\\/carontestudio.com\\\/blog\\\/disenadores-ilustres-otl-aicher\\\/\",\"url\":\"https:\\\/\\\/carontestudio.com\\\/blog\\\/disenadores-ilustres-otl-aicher\\\/\",\"name\":\"Dise\u00f1adores ilustres: Otl Aicher - Caronte Web Studio\",\"isPartOf\":{\"@id\":\"https:\\\/\\\/carontestudio.com\\\/blog\\\/#website\"},\"primaryImageOfPage\":{\"@id\":\"https:\\\/\\\/carontestudio.com\\\/blog\\\/disenadores-ilustres-otl-aicher\\\/#primaryimage\"},\"image\":{\"@id\":\"https:\\\/\\\/carontestudio.com\\\/blog\\\/disenadores-ilustres-otl-aicher\\\/#primaryimage\"},\"thumbnailUrl\":\"https:\\\/\\\/carontestudio.com\\\/blog\\\/wp-content\\\/uploads\\\/2022\\\/06\\\/otl-aicher.jpg\",\"datePublished\":\"2022-06-21T11:00:00+00:00\",\"dateModified\":\"2022-10-26T08:01:28+00:00\",\"description\":\"Repasamos vida y obra Otl Aicher, el dise\u00f1ador y tip\u00f3grafo alem\u00e1n que marc\u00f3 una antes y un despu\u00e9s en la identidad visual.\",\"breadcrumb\":{\"@id\":\"https:\\\/\\\/carontestudio.com\\\/blog\\\/disenadores-ilustres-otl-aicher\\\/#breadcrumb\"},\"inLanguage\":\"es\",\"potentialAction\":[{\"@type\":\"ReadAction\",\"target\":[\"https:\\\/\\\/carontestudio.com\\\/blog\\\/disenadores-ilustres-otl-aicher\\\/\"]}]},{\"@type\":\"ImageObject\",\"inLanguage\":\"es\",\"@id\":\"https:\\\/\\\/carontestudio.com\\\/blog\\\/disenadores-ilustres-otl-aicher\\\/#primaryimage\",\"url\":\"https:\\\/\\\/carontestudio.com\\\/blog\\\/wp-content\\\/uploads\\\/2022\\\/06\\\/otl-aicher.jpg\",\"contentUrl\":\"https:\\\/\\\/carontestudio.com\\\/blog\\\/wp-content\\\/uploads\\\/2022\\\/06\\\/otl-aicher.jpg\",\"width\":1250,\"height\":737,\"caption\":\"Dise\u00f1adores ilustres: Otl Aicher\"},{\"@type\":\"BreadcrumbList\",\"@id\":\"https:\\\/\\\/carontestudio.com\\\/blog\\\/disenadores-ilustres-otl-aicher\\\/#breadcrumb\",\"itemListElement\":[{\"@type\":\"ListItem\",\"position\":1,\"name\":\"Portada\",\"item\":\"https:\\\/\\\/carontestudio.com\\\/blog\\\/\"},{\"@type\":\"ListItem\",\"position\":2,\"name\":\"Dise\u00f1adores ilustres: Otl Aicher\"}]},{\"@type\":\"WebSite\",\"@id\":\"https:\\\/\\\/carontestudio.com\\\/blog\\\/#website\",\"url\":\"https:\\\/\\\/carontestudio.com\\\/blog\\\/\",\"name\":\"Blog de marketing | Caronte\",\"description\":\"En nuestro blog encontrar\u00e1s art\u00edculos semanales sobre SEO, marketing online, programaci\u00f3n web y mucho m\u00e1s.\",\"publisher\":{\"@id\":\"https:\\\/\\\/carontestudio.com\\\/blog\\\/#organization\"},\"potentialAction\":[{\"@type\":\"SearchAction\",\"target\":{\"@type\":\"EntryPoint\",\"urlTemplate\":\"https:\\\/\\\/carontestudio.com\\\/blog\\\/?s={search_term_string}\"},\"query-input\":{\"@type\":\"PropertyValueSpecification\",\"valueRequired\":true,\"valueName\":\"search_term_string\"}}],\"inLanguage\":\"es\"},{\"@type\":\"Organization\",\"@id\":\"https:\\\/\\\/carontestudio.com\\\/blog\\\/#organization\",\"name\":\"Caronte - Agencia de marketing\",\"url\":\"https:\\\/\\\/carontestudio.com\\\/blog\\\/\",\"logo\":{\"@type\":\"ImageObject\",\"inLanguage\":\"es\",\"@id\":\"https:\\\/\\\/carontestudio.com\\\/blog\\\/#\\\/schema\\\/logo\\\/image\\\/\",\"url\":\"https:\\\/\\\/carontestudio.com\\\/blog\\\/wp-content\\\/uploads\\\/2025\\\/06\\\/caronte-agencia-de-marketing-logo.png\",\"contentUrl\":\"https:\\\/\\\/carontestudio.com\\\/blog\\\/wp-content\\\/uploads\\\/2025\\\/06\\\/caronte-agencia-de-marketing-logo.png\",\"width\":1090,\"height\":155,\"caption\":\"Caronte - Agencia de marketing\"},\"image\":{\"@id\":\"https:\\\/\\\/carontestudio.com\\\/blog\\\/#\\\/schema\\\/logo\\\/image\\\/\"},\"sameAs\":[\"https:\\\/\\\/www.facebook.com\\\/carontewebstudio\\\/\",\"https:\\\/\\\/www.instagram.com\\\/caronte_studio\\\/\",\"https:\\\/\\\/www.tiktok.com\\\/@carontewebstudio\",\"https:\\\/\\\/www.youtube.com\\\/@carontewebstudio\",\"https:\\\/\\\/es.linkedin.com\\\/company\\\/carontewebstudio\"]},{\"@type\":\"Person\",\"@id\":\"https:\\\/\\\/carontestudio.com\\\/blog\\\/#\\\/schema\\\/person\\\/2104191b75663e9e9ca47f821c5f92cf\",\"name\":\"David de Lamo\",\"image\":{\"@type\":\"ImageObject\",\"inLanguage\":\"es\",\"@id\":\"https:\\\/\\\/secure.gravatar.com\\\/avatar\\\/110df00c652880b6b00cc45fe489d819ac3f1e805e379a5adefc8fce4d1f548c?s=96&d=mm&r=g\",\"url\":\"https:\\\/\\\/secure.gravatar.com\\\/avatar\\\/110df00c652880b6b00cc45fe489d819ac3f1e805e379a5adefc8fce4d1f548c?s=96&d=mm&r=g\",\"contentUrl\":\"https:\\\/\\\/secure.gravatar.com\\\/avatar\\\/110df00c652880b6b00cc45fe489d819ac3f1e805e379a5adefc8fce4d1f548c?s=96&d=mm&r=g\",\"caption\":\"David de Lamo\"},\"description\":\"David de Lamo te descubre, en el blog de Caronte Web Studio, las tendencias de dise\u00f1o, tanto gr\u00e1fico como web. Nuestro responsable del \u00e1rea de dise\u00f1o en Caronte Web Studio te cuenta todo lo que debes saber sobre imagen de empresa, carteler\u00eda, dise\u00f1o gr\u00e1fico, dise\u00f1o web, papeler\u00eda, rotulaciones... Aprende con \u00e9l y sum\u00e9rgete en el apasionante mundo del dise\u00f1o.\",\"sameAs\":[\"http:\\\/\\\/www.carontestudio.com\"],\"url\":\"https:\\\/\\\/carontestudio.com\\\/blog\\\/author\\\/david\\\/\"}]}<\/script>\n<!-- \/ Yoast SEO plugin. -->","yoast_head_json":{"title":"Dise\u00f1adores ilustres: Otl Aicher - Caronte Web Studio","description":"Repasamos vida y obra Otl Aicher, el dise\u00f1ador y tip\u00f3grafo alem\u00e1n que marc\u00f3 una antes y un despu\u00e9s en la identidad visual.","robots":{"index":"index","follow":"follow","max-snippet":"max-snippet:-1","max-image-preview":"max-image-preview:large","max-video-preview":"max-video-preview:-1"},"canonical":"https:\/\/carontestudio.com\/blog\/disenadores-ilustres-otl-aicher\/","og_locale":"es_ES","og_type":"article","og_title":"Dise\u00f1adores ilustres: Otl Aicher - Caronte Web Studio","og_description":"Repasamos vida y obra Otl Aicher, el dise\u00f1ador y tip\u00f3grafo alem\u00e1n que marc\u00f3 una antes y un despu\u00e9s en la identidad visual.","og_url":"https:\/\/carontestudio.com\/blog\/disenadores-ilustres-otl-aicher\/","og_site_name":"Blog de maketing | Caronte","article_publisher":"https:\/\/www.facebook.com\/carontewebstudio\/","article_published_time":"2022-06-21T11:00:00+00:00","article_modified_time":"2022-10-26T08:01:28+00:00","og_image":[{"width":1250,"height":737,"url":"https:\/\/carontestudio.com\/blog\/wp-content\/uploads\/2022\/06\/otl-aicher.jpg","type":"image\/jpeg"}],"author":"David de Lamo","twitter_card":"summary_large_image","twitter_misc":{"Escrito por":"David de Lamo","Tiempo de lectura":"6 minutos"},"schema":{"@context":"https:\/\/schema.org","@graph":[{"@type":"Article","@id":"https:\/\/carontestudio.com\/blog\/disenadores-ilustres-otl-aicher\/#article","isPartOf":{"@id":"https:\/\/carontestudio.com\/blog\/disenadores-ilustres-otl-aicher\/"},"author":{"name":"David de Lamo","@id":"https:\/\/carontestudio.com\/blog\/#\/schema\/person\/2104191b75663e9e9ca47f821c5f92cf"},"headline":"Dise\u00f1adores ilustres: Otl Aicher","datePublished":"2022-06-21T11:00:00+00:00","dateModified":"2022-10-26T08:01:28+00:00","mainEntityOfPage":{"@id":"https:\/\/carontestudio.com\/blog\/disenadores-ilustres-otl-aicher\/"},"wordCount":1010,"commentCount":0,"publisher":{"@id":"https:\/\/carontestudio.com\/blog\/#organization"},"image":{"@id":"https:\/\/carontestudio.com\/blog\/disenadores-ilustres-otl-aicher\/#primaryimage"},"thumbnailUrl":"https:\/\/carontestudio.com\/blog\/wp-content\/uploads\/2022\/06\/otl-aicher.jpg","keywords":["Dise\u00f1adores"],"articleSection":["Dise\u00f1o gr\u00e1fico"],"inLanguage":"es","potentialAction":[{"@type":"CommentAction","name":"Comment","target":["https:\/\/carontestudio.com\/blog\/disenadores-ilustres-otl-aicher\/#respond"]}]},{"@type":"WebPage","@id":"https:\/\/carontestudio.com\/blog\/disenadores-ilustres-otl-aicher\/","url":"https:\/\/carontestudio.com\/blog\/disenadores-ilustres-otl-aicher\/","name":"Dise\u00f1adores ilustres: Otl Aicher - Caronte Web Studio","isPartOf":{"@id":"https:\/\/carontestudio.com\/blog\/#website"},"primaryImageOfPage":{"@id":"https:\/\/carontestudio.com\/blog\/disenadores-ilustres-otl-aicher\/#primaryimage"},"image":{"@id":"https:\/\/carontestudio.com\/blog\/disenadores-ilustres-otl-aicher\/#primaryimage"},"thumbnailUrl":"https:\/\/carontestudio.com\/blog\/wp-content\/uploads\/2022\/06\/otl-aicher.jpg","datePublished":"2022-06-21T11:00:00+00:00","dateModified":"2022-10-26T08:01:28+00:00","description":"Repasamos vida y obra Otl Aicher, el dise\u00f1ador y tip\u00f3grafo alem\u00e1n que marc\u00f3 una antes y un despu\u00e9s en la identidad visual.","breadcrumb":{"@id":"https:\/\/carontestudio.com\/blog\/disenadores-ilustres-otl-aicher\/#breadcrumb"},"inLanguage":"es","potentialAction":[{"@type":"ReadAction","target":["https:\/\/carontestudio.com\/blog\/disenadores-ilustres-otl-aicher\/"]}]},{"@type":"ImageObject","inLanguage":"es","@id":"https:\/\/carontestudio.com\/blog\/disenadores-ilustres-otl-aicher\/#primaryimage","url":"https:\/\/carontestudio.com\/blog\/wp-content\/uploads\/2022\/06\/otl-aicher.jpg","contentUrl":"https:\/\/carontestudio.com\/blog\/wp-content\/uploads\/2022\/06\/otl-aicher.jpg","width":1250,"height":737,"caption":"Dise\u00f1adores ilustres: Otl Aicher"},{"@type":"BreadcrumbList","@id":"https:\/\/carontestudio.com\/blog\/disenadores-ilustres-otl-aicher\/#breadcrumb","itemListElement":[{"@type":"ListItem","position":1,"name":"Portada","item":"https:\/\/carontestudio.com\/blog\/"},{"@type":"ListItem","position":2,"name":"Dise\u00f1adores ilustres: Otl Aicher"}]},{"@type":"WebSite","@id":"https:\/\/carontestudio.com\/blog\/#website","url":"https:\/\/carontestudio.com\/blog\/","name":"Blog de marketing | Caronte","description":"En nuestro blog encontrar\u00e1s art\u00edculos semanales sobre SEO, marketing online, programaci\u00f3n web y mucho m\u00e1s.","publisher":{"@id":"https:\/\/carontestudio.com\/blog\/#organization"},"potentialAction":[{"@type":"SearchAction","target":{"@type":"EntryPoint","urlTemplate":"https:\/\/carontestudio.com\/blog\/?s={search_term_string}"},"query-input":{"@type":"PropertyValueSpecification","valueRequired":true,"valueName":"search_term_string"}}],"inLanguage":"es"},{"@type":"Organization","@id":"https:\/\/carontestudio.com\/blog\/#organization","name":"Caronte - Agencia de marketing","url":"https:\/\/carontestudio.com\/blog\/","logo":{"@type":"ImageObject","inLanguage":"es","@id":"https:\/\/carontestudio.com\/blog\/#\/schema\/logo\/image\/","url":"https:\/\/carontestudio.com\/blog\/wp-content\/uploads\/2025\/06\/caronte-agencia-de-marketing-logo.png","contentUrl":"https:\/\/carontestudio.com\/blog\/wp-content\/uploads\/2025\/06\/caronte-agencia-de-marketing-logo.png","width":1090,"height":155,"caption":"Caronte - Agencia de marketing"},"image":{"@id":"https:\/\/carontestudio.com\/blog\/#\/schema\/logo\/image\/"},"sameAs":["https:\/\/www.facebook.com\/carontewebstudio\/","https:\/\/www.instagram.com\/caronte_studio\/","https:\/\/www.tiktok.com\/@carontewebstudio","https:\/\/www.youtube.com\/@carontewebstudio","https:\/\/es.linkedin.com\/company\/carontewebstudio"]},{"@type":"Person","@id":"https:\/\/carontestudio.com\/blog\/#\/schema\/person\/2104191b75663e9e9ca47f821c5f92cf","name":"David de Lamo","image":{"@type":"ImageObject","inLanguage":"es","@id":"https:\/\/secure.gravatar.com\/avatar\/110df00c652880b6b00cc45fe489d819ac3f1e805e379a5adefc8fce4d1f548c?s=96&d=mm&r=g","url":"https:\/\/secure.gravatar.com\/avatar\/110df00c652880b6b00cc45fe489d819ac3f1e805e379a5adefc8fce4d1f548c?s=96&d=mm&r=g","contentUrl":"https:\/\/secure.gravatar.com\/avatar\/110df00c652880b6b00cc45fe489d819ac3f1e805e379a5adefc8fce4d1f548c?s=96&d=mm&r=g","caption":"David de Lamo"},"description":"David de Lamo te descubre, en el blog de Caronte Web Studio, las tendencias de dise\u00f1o, tanto gr\u00e1fico como web. Nuestro responsable del \u00e1rea de dise\u00f1o en Caronte Web Studio te cuenta todo lo que debes saber sobre imagen de empresa, carteler\u00eda, dise\u00f1o gr\u00e1fico, dise\u00f1o web, papeler\u00eda, rotulaciones... Aprende con \u00e9l y sum\u00e9rgete en el apasionante mundo del dise\u00f1o.","sameAs":["http:\/\/www.carontestudio.com"],"url":"https:\/\/carontestudio.com\/blog\/author\/david\/"}]}},"_links":{"self":[{"href":"https:\/\/carontestudio.com\/blog\/wp-json\/wp\/v2\/posts\/10063","targetHints":{"allow":["GET"]}}],"collection":[{"href":"https:\/\/carontestudio.com\/blog\/wp-json\/wp\/v2\/posts"}],"about":[{"href":"https:\/\/carontestudio.com\/blog\/wp-json\/wp\/v2\/types\/post"}],"author":[{"embeddable":true,"href":"https:\/\/carontestudio.com\/blog\/wp-json\/wp\/v2\/users\/3"}],"replies":[{"embeddable":true,"href":"https:\/\/carontestudio.com\/blog\/wp-json\/wp\/v2\/comments?post=10063"}],"version-history":[{"count":34,"href":"https:\/\/carontestudio.com\/blog\/wp-json\/wp\/v2\/posts\/10063\/revisions"}],"predecessor-version":[{"id":10288,"href":"https:\/\/carontestudio.com\/blog\/wp-json\/wp\/v2\/posts\/10063\/revisions\/10288"}],"wp:featuredmedia":[{"embeddable":true,"href":"https:\/\/carontestudio.com\/blog\/wp-json\/wp\/v2\/media\/10289"}],"wp:attachment":[{"href":"https:\/\/carontestudio.com\/blog\/wp-json\/wp\/v2\/media?parent=10063"}],"wp:term":[{"taxonomy":"category","embeddable":true,"href":"https:\/\/carontestudio.com\/blog\/wp-json\/wp\/v2\/categories?post=10063"},{"taxonomy":"post_tag","embeddable":true,"href":"https:\/\/carontestudio.com\/blog\/wp-json\/wp\/v2\/tags?post=10063"}],"curies":[{"name":"wp","href":"https:\/\/api.w.org\/{rel}","templated":true}]}}