{"id":10026,"date":"2022-05-24T13:00:00","date_gmt":"2022-05-24T11:00:00","guid":{"rendered":"https:\/\/carontestudio.com\/blog\/?p=10026"},"modified":"2025-05-19T14:42:25","modified_gmt":"2025-05-19T12:42:25","slug":"disenadores-ilustres-dieter-rams","status":"publish","type":"post","link":"https:\/\/carontestudio.com\/blog\/disenadores-ilustres-dieter-rams\/","title":{"rendered":"Dise\u00f1adores ilustres: Dieter Rams"},"content":{"rendered":"\n<p>Hoy queremos hablaros de <strong>Dieter Rams<\/strong>, por lo que nos permitir\u00e9is tomarnos una peque\u00f1a licencia al profundizar en la figura de un <strong>dise\u00f1ador industrial<\/strong>, en vez de uno gr\u00e1fico, como es costumbre. Si algo debemos agradecer al alem\u00e1n, es a <strong>haber contribuido a arrojar algo de luz sobre la eterna discusi\u00f3n en torno al dise\u00f1o y su funcionalidad<\/strong>. El dise\u00f1ador industrial germano ayud\u00f3, gracias a su racional punto de vista, a que el mundo del dise\u00f1o lograra conciliar con mayor eficiencia la est\u00e9tica y la funcionalidad. \u00bfSuena bien, verdad? Pues acomp\u00e1\u00f1anos a descubrir a Dieter Rams.<\/p>\n\n\n\n<!--more-->\n\n\n\n<h2 class=\"wp-block-heading\">Qui\u00e9n es Dieter Rams<\/h2>\n\n\n\n<p>Nacido el 1932 en Wiesbaden, Alemania, el joven Dieter Rams creci\u00f3 mostrando gran inter\u00e9s en la construcci\u00f3n de muebles y otros elementos de madera, creados por su abuelo. Tanto es as\u00ed, que en 1948, a\u00fan cursando los estudios superiores de arquitectura e interiorismo,<strong> decide continuar la tradici\u00f3n familiar, y desarrollar su conocimiento como aprendiz de carpintero<\/strong>. As\u00ed, en 1953, se gradu\u00f3 en su ciudad natal y comenz\u00f3 a trabajar en el estudio de arquitectura de \u00abOtto Apple\u00bb, hasta que posteriormente se mudara a Frankfurt. All\u00ed comenz\u00f3 a trabajar en \u00abSkidmore Owings &amp; Merril\u00bb, hasta que en 1955 se incorpor\u00f3 a la compa\u00f1\u00eda tecnol\u00f3gica Braun.<\/p>\n\n\n\n<p>Coincidiendo con su llegada, el due\u00f1o y fundador de la empresa, Max Braun, falleci\u00f3, dejando la empresa en manos de sus j\u00f3venes hijos. Estos pose\u00edan una gran visi\u00f3n comercial, y supieron enfocar la l\u00ednea de productos de la marca, desde la visi\u00f3n de sofisticaci\u00f3n que demandaba su p\u00fablico objetivo. <strong>La nueva tendencia dejaba atr\u00e1s los electrodom\u00e9sticos encastrados en el mobiliario, y comenzaban a destacar por sus formas y dise\u00f1os \u00fanicos.<\/strong><\/p>\n\n\n\n<div class=\"wp-block-columns is-layout-flex wp-container-core-columns-is-layout-9d6595d7 wp-block-columns-is-layout-flex\">\n<div class=\"wp-block-column is-layout-flow wp-block-column-is-layout-flow\">\n<figure class=\"wp-block-image size-full\"><img loading=\"lazy\" decoding=\"async\" width=\"500\" height=\"588\" src=\"https:\/\/carontestudio.com\/blog\/wp-content\/uploads\/2022\/05\/dieter-rams-braun-afeitadora.jpg\" alt=\"Afeitadora Braun, por Peter Rams\" class=\"wp-image-10061\" srcset=\"https:\/\/carontestudio.com\/blog\/wp-content\/uploads\/2022\/05\/dieter-rams-braun-afeitadora.jpg 500w, https:\/\/carontestudio.com\/blog\/wp-content\/uploads\/2022\/05\/dieter-rams-braun-afeitadora-255x300.jpg 255w\" sizes=\"auto, (max-width: 500px) 100vw, 500px\" \/><\/figure>\n<\/div>\n\n\n\n<div class=\"wp-block-column is-layout-flow wp-block-column-is-layout-flow\">\n<p>Para desarrollar esta nueva l\u00ednea de dise\u00f1o, los hermanos Erwin y Artur Braun, decidieron contar con la recientemente creada \u00abUlm School of Design\u00bb. La escuela originada por Aicher-Scholl o el ilustre Otl Aicher, entre otros, comenzaron a colaborar con Dieter Rams, que pese a haberse incorporado para realizar tareas de dise\u00f1o de interiores, acab\u00f3 decant\u00e1ndose por el dise\u00f1o de producto. <\/p>\n\n\n\n<p>En 1961 fue nombrado director de dise\u00f1o de la marca, y tras la creaci\u00f3n de varios productos de gran \u00e9xito, <strong>Braun opt\u00f3 por una l\u00ednea totalmente Racionalista. <\/strong>De esta manera, los productos contaban con dise\u00f1os dotados de una gran funcionalidad, nunca supeditada a su est\u00e9tica. Pese a la evoluci\u00f3n estil\u00edstica desarrollada a lo largo de los siguientes 40 a\u00f1os,<a href=\"https:\/\/es.braun.com\/es-es\/design-culture\" target=\"_blank\" rel=\"noreferrer noopener nofollow\"> la marca mantuvo las directrices de Rams hasta su retirada,<\/a> a mediados de los 90. No obstante, su influencia no solo sigue patente en los productos actuales de la marca alemana, sino en multitud de productos y dise\u00f1os de otras marcas a nivel global.<\/p>\n<\/div>\n<\/div>\n\n\n\n<h2 class=\"wp-block-heading\">Las claves del \u00e9xito de Dieter Rams<\/h2>\n\n\n\n<p>Como habr\u00e1s podido comprobar hasta ahora, para el dise\u00f1ador germano, el dise\u00f1o deb\u00eda ser pr\u00e1ctico,  sobrio y atemporal. Es, precisamente esta, una de sus principales genialidades.<strong> La capacidad de Rams para crear dise\u00f1os pr\u00e1cticamente eternos, capaces de funcionar estil\u00edsticamente a\u00fan hoy en d\u00eda, lo hacen \u00fanico. <\/strong><\/p>\n\n\n\n<p>Como tantos otros genios de la \u00e9poca, su estilo se ve ampliamente influenciado por la Bauhaus y la \u00abGute form\u00bb (Buena forma). Es por eso que sus dise\u00f1os, minimalistas y geom\u00e9tricos, primaban la funcionalidad por encima de los excesos est\u00e9ticos. <\/p>\n\n\n\n<h3 class=\"wp-block-heading\">Los diez principios del buen dise\u00f1o<\/h3>\n\n\n\n<p>Una de las mayores aportaciones de Rams ha sido su dec\u00e1logo para el buen dise\u00f1o. Una serie de puntos clave que a\u00fan hoy en d\u00eda es seguida a pies juntillas por incontables empresas a lo largo y ancho del planeta. Su calado afecta no solo a dise\u00f1adores industriales, sino a <a href=\"https:\/\/carontestudio.com\/diseno-grafico\/diseno-grafico-vitoria\/\">profesionales del dise\u00f1o gr\u00e1fico<\/a>, de interiorismo y otros. As\u00ed debe ser un producto bajo el punto de vista del dise\u00f1ador germano:<\/p>\n\n\n\n<ul class=\"wp-block-list\"><li><strong>Innovador:<\/strong> Reconoce que dado que el dise\u00f1o evoluciona a la par que la tecnolog\u00eda, las posibilidades de innovaci\u00f3n son ilimitadas. <\/li><li><strong>Funcional<\/strong>: El dise\u00f1o ha de ser lo m\u00e1s pr\u00e1ctico posible. El apartado est\u00e9tico es totalmente secundario. De esta manera, se evitan defectos en la funcionalidad derivados de la exigencia del dise\u00f1o.<\/li><li><strong>Est\u00e9tico<\/strong>: El dise\u00f1o bien ejecutado es atractivo. Un dise\u00f1o \u00f3ptimo no solo se aprecia visualmente, sino psicol\u00f3gicamente. Ha de satisfacer al usuario por su funcionalidad y est\u00e9tica, aportando bienestar.<\/li><li><strong>Intuitivo y comprensible: <\/strong>Un buen dise\u00f1o requiere del menor periodo de aprendizaje posible. De esta manera, el usuario puede intuir c\u00f3mo funciona a grandes rasgos, propiciando una mejor experiencia de usuario.<\/li><li><strong>Discreto<\/strong>: Para Rams, el producto y su dise\u00f1o han de ser sobrios. As\u00ed, logra evitar el contraste en la est\u00e9tica de una habitaci\u00f3n, diferenci\u00e1ndola de la propia del producto.<\/li><li><strong>Honesto<\/strong>: El producto ha de ser concreto y conciso en sus funcionalidades, que reflejen el valor inherente de este. Es importante evitar sugerir cualidades ajenas a las propias del producto.<\/li><li><strong>Atemporal<\/strong>: El dise\u00f1o ha de resultar ajeno a modas pasajeras. Este es uno de los puntos m\u00e1s dif\u00edciles para cualquier creativo. Para Rams, un dise\u00f1o de calidad debe resultar atractivo y poseer un valor diferencial, que impulse al usuario a decantarse por \u00e9l. <\/li><li><strong>Detallado:  <\/strong>Nunca debe dejarse nada al azar. Cada detalle expresa el respeto de los dise\u00f1adores para con sus consumidores, y cada error o descuido, representa una falta de respeto para con el consumidor.<\/li><li><strong>Respetuoso con el medio:<\/strong> Debe contribuir a la preservaci\u00f3n del medio ambiente. Minimizar el impacto sobre el entorno gracias a la minimizaci\u00f3n de recursos y la prolongaci\u00f3n del ciclo de vida de este.<\/li><li><strong>Menos es m\u00e1s:<\/strong> Rams est\u00e1 relativamente de acuerdo con esta afirmaci\u00f3n, pero apuntilla que \u00abmenos, pero mejor ejecutado\u00bb. En definitiva, propone eliminar los aspectos no esenciales del producto. <\/li><\/ul>\n\n\n\n<h2 class=\"wp-block-heading\">Trabajos ic\u00f3nicos de Dieter Rams<\/h2>\n\n\n\n<p>Lo realmente fascinante del trabajo de Rams es que realmente logra aunar todos y cada uno de los puntos que predica en su dec\u00e1logo. El emblem\u00e1tico exprimidor \u00abCitromatic MPZ-2\u00bb, el tocadiscos \u00abBraun Audio 310\u00bb, o el transistor \u00abBraun Radio T3\u00bb, entre otros, son algunos de los productos que cuentan con el sello inequ\u00edvoco del alem\u00e1n. <\/p>\n\n\n\n<figure class=\"wp-block-gallery has-nested-images columns-default is-cropped wp-block-gallery-1 is-layout-flex wp-block-gallery-is-layout-flex\">\n<figure class=\"wp-block-image size-large\"><img loading=\"lazy\" decoding=\"async\" width=\"500\" height=\"500\" data-id=\"10053\" src=\"https:\/\/carontestudio.com\/blog\/wp-content\/uploads\/2022\/05\/dieter-rams-braun-audio-301.jpg\" alt=\"Toca discos 301 de braun\" class=\"wp-image-10053\" srcset=\"https:\/\/carontestudio.com\/blog\/wp-content\/uploads\/2022\/05\/dieter-rams-braun-audio-301.jpg 500w, https:\/\/carontestudio.com\/blog\/wp-content\/uploads\/2022\/05\/dieter-rams-braun-audio-301-300x300.jpg 300w, https:\/\/carontestudio.com\/blog\/wp-content\/uploads\/2022\/05\/dieter-rams-braun-audio-301-150x150.jpg 150w, https:\/\/carontestudio.com\/blog\/wp-content\/uploads\/2022\/05\/dieter-rams-braun-audio-301-100x100.jpg 100w\" sizes=\"auto, (max-width: 500px) 100vw, 500px\" \/><\/figure>\n\n\n\n<figure class=\"wp-block-image size-large\"><img loading=\"lazy\" decoding=\"async\" width=\"500\" height=\"500\" data-id=\"10052\" src=\"https:\/\/carontestudio.com\/blog\/wp-content\/uploads\/2022\/05\/dieter-rams-braun-mechero.jpg\" alt=\"Mechero Braun, por Dieter Rams\" class=\"wp-image-10052\" srcset=\"https:\/\/carontestudio.com\/blog\/wp-content\/uploads\/2022\/05\/dieter-rams-braun-mechero.jpg 500w, https:\/\/carontestudio.com\/blog\/wp-content\/uploads\/2022\/05\/dieter-rams-braun-mechero-300x300.jpg 300w, https:\/\/carontestudio.com\/blog\/wp-content\/uploads\/2022\/05\/dieter-rams-braun-mechero-150x150.jpg 150w, https:\/\/carontestudio.com\/blog\/wp-content\/uploads\/2022\/05\/dieter-rams-braun-mechero-100x100.jpg 100w\" sizes=\"auto, (max-width: 500px) 100vw, 500px\" \/><\/figure>\n\n\n\n<figure class=\"wp-block-image size-large\"><img loading=\"lazy\" decoding=\"async\" width=\"500\" height=\"500\" data-id=\"10056\" src=\"https:\/\/carontestudio.com\/blog\/wp-content\/uploads\/2022\/05\/dieter-rams-braun-sk-61.jpg\" alt=\"Toca discos Braun\" class=\"wp-image-10056\" srcset=\"https:\/\/carontestudio.com\/blog\/wp-content\/uploads\/2022\/05\/dieter-rams-braun-sk-61.jpg 500w, https:\/\/carontestudio.com\/blog\/wp-content\/uploads\/2022\/05\/dieter-rams-braun-sk-61-300x300.jpg 300w, https:\/\/carontestudio.com\/blog\/wp-content\/uploads\/2022\/05\/dieter-rams-braun-sk-61-150x150.jpg 150w, https:\/\/carontestudio.com\/blog\/wp-content\/uploads\/2022\/05\/dieter-rams-braun-sk-61-100x100.jpg 100w\" sizes=\"auto, (max-width: 500px) 100vw, 500px\" \/><\/figure>\n\n\n\n<figure class=\"wp-block-image size-large\"><img loading=\"lazy\" decoding=\"async\" width=\"500\" height=\"500\" data-id=\"10051\" src=\"https:\/\/carontestudio.com\/blog\/wp-content\/uploads\/2022\/05\/dieter-rams-citromatic.jpg\" alt=\"Emblem\u00e1tico Citromatic de Braun, por Dieter Rams\" class=\"wp-image-10051\" srcset=\"https:\/\/carontestudio.com\/blog\/wp-content\/uploads\/2022\/05\/dieter-rams-citromatic.jpg 500w, https:\/\/carontestudio.com\/blog\/wp-content\/uploads\/2022\/05\/dieter-rams-citromatic-300x300.jpg 300w, https:\/\/carontestudio.com\/blog\/wp-content\/uploads\/2022\/05\/dieter-rams-citromatic-150x150.jpg 150w, https:\/\/carontestudio.com\/blog\/wp-content\/uploads\/2022\/05\/dieter-rams-citromatic-100x100.jpg 100w\" sizes=\"auto, (max-width: 500px) 100vw, 500px\" \/><\/figure>\n\n\n\n<figure class=\"wp-block-image size-large\"><img loading=\"lazy\" decoding=\"async\" width=\"500\" height=\"500\" data-id=\"10055\" src=\"https:\/\/carontestudio.com\/blog\/wp-content\/uploads\/2022\/05\/dieter-rams-estanteria.jpg\" alt=\"Estanter\u00eda Braun\" class=\"wp-image-10055\" srcset=\"https:\/\/carontestudio.com\/blog\/wp-content\/uploads\/2022\/05\/dieter-rams-estanteria.jpg 500w, https:\/\/carontestudio.com\/blog\/wp-content\/uploads\/2022\/05\/dieter-rams-estanteria-300x300.jpg 300w, https:\/\/carontestudio.com\/blog\/wp-content\/uploads\/2022\/05\/dieter-rams-estanteria-150x150.jpg 150w, https:\/\/carontestudio.com\/blog\/wp-content\/uploads\/2022\/05\/dieter-rams-estanteria-100x100.jpg 100w\" sizes=\"auto, (max-width: 500px) 100vw, 500px\" \/><\/figure>\n\n\n\n<figure class=\"wp-block-image size-large\"><img loading=\"lazy\" decoding=\"async\" width=\"500\" height=\"500\" data-id=\"10054\" src=\"https:\/\/carontestudio.com\/blog\/wp-content\/uploads\/2022\/05\/dieter-rams-portable-radio.jpg\" alt=\"Transistor Braun\" class=\"wp-image-10054\" srcset=\"https:\/\/carontestudio.com\/blog\/wp-content\/uploads\/2022\/05\/dieter-rams-portable-radio.jpg 500w, https:\/\/carontestudio.com\/blog\/wp-content\/uploads\/2022\/05\/dieter-rams-portable-radio-300x300.jpg 300w, https:\/\/carontestudio.com\/blog\/wp-content\/uploads\/2022\/05\/dieter-rams-portable-radio-150x150.jpg 150w, https:\/\/carontestudio.com\/blog\/wp-content\/uploads\/2022\/05\/dieter-rams-portable-radio-100x100.jpg 100w\" sizes=\"auto, (max-width: 500px) 100vw, 500px\" \/><\/figure>\n<\/figure>\n\n\n\n<div class=\"wp-block-columns is-layout-flex wp-container-core-columns-is-layout-9d6595d7 wp-block-columns-is-layout-flex\">\n<div class=\"wp-block-column is-layout-flow wp-block-column-is-layout-flow\">\n<h2 class=\"wp-block-heading\">Conclusi\u00f3n<\/h2>\n\n\n\n<p>Ya hemos hablado sobre la influencia del dise\u00f1ador germano sobre algunas de las marcas y productos del mercado. Sin embargo, es m\u00e1s que conocida su simpat\u00eda por la \u00fanica marca que, en palabras del propio Rams, es la \u00fanica compa\u00f1\u00eda que sigue sus indicaciones de manera exhaustiva. El director de dise\u00f1o de Apple, Jonathan Ive ha reconocido en incontables ocasiones su admiraci\u00f3n por Rams. Adem\u00e1s, <strong>no esconde que una de las claves del \u00e9xito de los productos Apple<\/strong>, se debe en gran medida a la influencia de este.<\/p>\n<\/div>\n\n\n\n<div class=\"wp-block-column is-layout-flow wp-block-column-is-layout-flow\">\n<figure class=\"wp-block-image size-full\"><img loading=\"lazy\" decoding=\"async\" width=\"600\" height=\"414\" src=\"https:\/\/carontestudio.com\/blog\/wp-content\/uploads\/2022\/05\/braun-apple.jpg\" alt=\"Productos de braun y Apple, de est\u00e9tica similar\" class=\"wp-image-10058\" srcset=\"https:\/\/carontestudio.com\/blog\/wp-content\/uploads\/2022\/05\/braun-apple.jpg 600w, https:\/\/carontestudio.com\/blog\/wp-content\/uploads\/2022\/05\/braun-apple-300x207.jpg 300w\" sizes=\"auto, (max-width: 600px) 100vw, 600px\" \/><\/figure>\n<\/div>\n<\/div>\n\n\n\n<p>En definitiva, queda m\u00e1s que patente el importante calado que ha supuesto la obra de Rams, no solo en el mundo del dise\u00f1o industrial, sino en el sector gr\u00e1fico, entre otros.<\/p>\n\n\n\n<p>Por nuestra parte, no queda m\u00e1s que despedirnos, y desear que hayas disfrutado del art\u00edculo. No dudes en compartir tus impresiones en la secci\u00f3n de comentarios. Te esperamos en el pr\u00f3ximo art\u00edculo.<\/p>\n\n\n\n<div class=\"wp-block-columns sabermas is-layout-flex wp-container-core-columns-is-layout-9d6595d7 wp-block-columns-is-layout-flex\">\n<div class=\"wp-block-column is-layout-flow wp-block-column-is-layout-flow\">\n<figure class=\"wp-block-image size-large\"><a href=\"https:\/\/carontestudio.com\/blog\/disenadores-ilustres-rob-janoff\/\"><img loading=\"lazy\" decoding=\"async\" width=\"1024\" height=\"604\" src=\"https:\/\/carontestudio.com\/blog\/wp-content\/uploads\/2021\/09\/disenadores-ilustres-rob-janoff-1024x604.jpg\" alt=\"Dise\u00f1adores ilustres: Rob Janoff\" class=\"wp-image-6314\" srcset=\"https:\/\/carontestudio.com\/blog\/wp-content\/uploads\/2021\/09\/disenadores-ilustres-rob-janoff-1024x604.jpg 1024w, https:\/\/carontestudio.com\/blog\/wp-content\/uploads\/2021\/09\/disenadores-ilustres-rob-janoff-300x177.jpg 300w, https:\/\/carontestudio.com\/blog\/wp-content\/uploads\/2021\/09\/disenadores-ilustres-rob-janoff-768x453.jpg 768w, https:\/\/carontestudio.com\/blog\/wp-content\/uploads\/2021\/09\/disenadores-ilustres-rob-janoff.jpg 1250w\" sizes=\"auto, (max-width: 1024px) 100vw, 1024px\" \/><\/a><\/figure>\n<\/div>\n\n\n\n<div class=\"wp-block-column is-layout-flow wp-block-column-is-layout-flow\">\n<figure class=\"wp-block-image size-large\"><a href=\"https:\/\/carontestudio.com\/blog\/disenadores-ilustres-jan-tschichold\/\"><img loading=\"lazy\" decoding=\"async\" width=\"1024\" height=\"604\" src=\"https:\/\/carontestudio.com\/blog\/wp-content\/uploads\/2020\/11\/disenadores-tschichold-1024x604.jpg\" alt=\"Jan Tschichold\" class=\"wp-image-2910\" srcset=\"https:\/\/carontestudio.com\/blog\/wp-content\/uploads\/2020\/11\/disenadores-tschichold-1024x604.jpg 1024w, https:\/\/carontestudio.com\/blog\/wp-content\/uploads\/2020\/11\/disenadores-tschichold-300x177.jpg 300w, https:\/\/carontestudio.com\/blog\/wp-content\/uploads\/2020\/11\/disenadores-tschichold-768x453.jpg 768w, https:\/\/carontestudio.com\/blog\/wp-content\/uploads\/2020\/11\/disenadores-tschichold.jpg 1250w\" sizes=\"auto, (max-width: 1024px) 100vw, 1024px\" \/><\/a><\/figure>\n<\/div>\n<\/div>\n","protected":false},"excerpt":{"rendered":"<p>Descubre la incombustible figura del dise\u00f1ador industrial Dieter Rams. Pionero en el sector, Rams sent\u00f3 las bases de la creaci\u00f3n de productos, adem\u00e1s de influir en casi la totalidad de ramas del dise\u00f1o.<\/p>\n","protected":false},"author":3,"featured_media":10050,"comment_status":"open","ping_status":"closed","sticky":false,"template":"","format":"standard","meta":{"_acf_changed":false,"footnotes":""},"categories":[53],"tags":[61],"class_list":["post-10026","post","type-post","status-publish","format-standard","has-post-thumbnail","hentry","category-diseno-grafico","tag-disenadores"],"acf":[],"yoast_head":"<!-- This site is optimized with the Yoast SEO plugin v27.3 - https:\/\/yoast.com\/product\/yoast-seo-wordpress\/ -->\n<title>Dise\u00f1adores ilustres: Dieter Rams - Caronte Web Studio<\/title>\n<meta name=\"description\" content=\"Hoy abordamos la figura de Dieter Rams. El dise\u00f1ador industrial que puso los puntos sobre las \u00edes al dise\u00f1o, con tan solo diez puntos claves.\" \/>\n<meta name=\"robots\" content=\"index, follow, max-snippet:-1, max-image-preview:large, max-video-preview:-1\" \/>\n<link rel=\"canonical\" href=\"https:\/\/carontestudio.com\/blog\/disenadores-ilustres-dieter-rams\/\" \/>\n<meta property=\"og:locale\" content=\"es_ES\" \/>\n<meta property=\"og:type\" content=\"article\" \/>\n<meta property=\"og:title\" content=\"Dise\u00f1adores ilustres: Dieter Rams - Caronte Web Studio\" \/>\n<meta property=\"og:description\" content=\"Hoy abordamos la figura de Dieter Rams. El dise\u00f1ador industrial que puso los puntos sobre las \u00edes al dise\u00f1o, con tan solo diez puntos claves.\" \/>\n<meta property=\"og:url\" content=\"https:\/\/carontestudio.com\/blog\/disenadores-ilustres-dieter-rams\/\" \/>\n<meta property=\"og:site_name\" content=\"Blog de maketing | Caronte\" \/>\n<meta property=\"article:publisher\" content=\"https:\/\/www.facebook.com\/carontewebstudio\/\" \/>\n<meta property=\"article:published_time\" content=\"2022-05-24T11:00:00+00:00\" \/>\n<meta property=\"article:modified_time\" content=\"2025-05-19T12:42:25+00:00\" \/>\n<meta property=\"og:image\" content=\"https:\/\/carontestudio.com\/blog\/wp-content\/uploads\/2022\/05\/disenadores-ilustres-dieter-rams.jpg\" \/>\n\t<meta property=\"og:image:width\" content=\"1250\" \/>\n\t<meta property=\"og:image:height\" content=\"737\" \/>\n\t<meta property=\"og:image:type\" content=\"image\/jpeg\" \/>\n<meta name=\"author\" content=\"David de Lamo\" \/>\n<meta name=\"twitter:card\" content=\"summary_large_image\" \/>\n<meta name=\"twitter:label1\" content=\"Escrito por\" \/>\n\t<meta name=\"twitter:data1\" content=\"David de Lamo\" \/>\n\t<meta name=\"twitter:label2\" content=\"Tiempo de lectura\" \/>\n\t<meta name=\"twitter:data2\" content=\"8 minutos\" \/>\n<script type=\"application\/ld+json\" class=\"yoast-schema-graph\">{\"@context\":\"https:\\\/\\\/schema.org\",\"@graph\":[{\"@type\":\"Article\",\"@id\":\"https:\\\/\\\/carontestudio.com\\\/blog\\\/disenadores-ilustres-dieter-rams\\\/#article\",\"isPartOf\":{\"@id\":\"https:\\\/\\\/carontestudio.com\\\/blog\\\/disenadores-ilustres-dieter-rams\\\/\"},\"author\":{\"name\":\"David de Lamo\",\"@id\":\"https:\\\/\\\/carontestudio.com\\\/blog\\\/#\\\/schema\\\/person\\\/2104191b75663e9e9ca47f821c5f92cf\"},\"headline\":\"Dise\u00f1adores ilustres: Dieter Rams\",\"datePublished\":\"2022-05-24T11:00:00+00:00\",\"dateModified\":\"2025-05-19T12:42:25+00:00\",\"mainEntityOfPage\":{\"@id\":\"https:\\\/\\\/carontestudio.com\\\/blog\\\/disenadores-ilustres-dieter-rams\\\/\"},\"wordCount\":1238,\"commentCount\":0,\"publisher\":{\"@id\":\"https:\\\/\\\/carontestudio.com\\\/blog\\\/#organization\"},\"image\":{\"@id\":\"https:\\\/\\\/carontestudio.com\\\/blog\\\/disenadores-ilustres-dieter-rams\\\/#primaryimage\"},\"thumbnailUrl\":\"https:\\\/\\\/carontestudio.com\\\/blog\\\/wp-content\\\/uploads\\\/2022\\\/05\\\/disenadores-ilustres-dieter-rams.jpg\",\"keywords\":[\"Dise\u00f1adores\"],\"articleSection\":[\"Dise\u00f1o gr\u00e1fico\"],\"inLanguage\":\"es\",\"potentialAction\":[{\"@type\":\"CommentAction\",\"name\":\"Comment\",\"target\":[\"https:\\\/\\\/carontestudio.com\\\/blog\\\/disenadores-ilustres-dieter-rams\\\/#respond\"]}]},{\"@type\":\"WebPage\",\"@id\":\"https:\\\/\\\/carontestudio.com\\\/blog\\\/disenadores-ilustres-dieter-rams\\\/\",\"url\":\"https:\\\/\\\/carontestudio.com\\\/blog\\\/disenadores-ilustres-dieter-rams\\\/\",\"name\":\"Dise\u00f1adores ilustres: Dieter Rams - Caronte Web Studio\",\"isPartOf\":{\"@id\":\"https:\\\/\\\/carontestudio.com\\\/blog\\\/#website\"},\"primaryImageOfPage\":{\"@id\":\"https:\\\/\\\/carontestudio.com\\\/blog\\\/disenadores-ilustres-dieter-rams\\\/#primaryimage\"},\"image\":{\"@id\":\"https:\\\/\\\/carontestudio.com\\\/blog\\\/disenadores-ilustres-dieter-rams\\\/#primaryimage\"},\"thumbnailUrl\":\"https:\\\/\\\/carontestudio.com\\\/blog\\\/wp-content\\\/uploads\\\/2022\\\/05\\\/disenadores-ilustres-dieter-rams.jpg\",\"datePublished\":\"2022-05-24T11:00:00+00:00\",\"dateModified\":\"2025-05-19T12:42:25+00:00\",\"description\":\"Hoy abordamos la figura de Dieter Rams. El dise\u00f1ador industrial que puso los puntos sobre las \u00edes al dise\u00f1o, con tan solo diez puntos claves.\",\"breadcrumb\":{\"@id\":\"https:\\\/\\\/carontestudio.com\\\/blog\\\/disenadores-ilustres-dieter-rams\\\/#breadcrumb\"},\"inLanguage\":\"es\",\"potentialAction\":[{\"@type\":\"ReadAction\",\"target\":[\"https:\\\/\\\/carontestudio.com\\\/blog\\\/disenadores-ilustres-dieter-rams\\\/\"]}]},{\"@type\":\"ImageObject\",\"inLanguage\":\"es\",\"@id\":\"https:\\\/\\\/carontestudio.com\\\/blog\\\/disenadores-ilustres-dieter-rams\\\/#primaryimage\",\"url\":\"https:\\\/\\\/carontestudio.com\\\/blog\\\/wp-content\\\/uploads\\\/2022\\\/05\\\/disenadores-ilustres-dieter-rams.jpg\",\"contentUrl\":\"https:\\\/\\\/carontestudio.com\\\/blog\\\/wp-content\\\/uploads\\\/2022\\\/05\\\/disenadores-ilustres-dieter-rams.jpg\",\"width\":1250,\"height\":737,\"caption\":\"Dise\u00f1adores ilustres. Dieter Rams.\"},{\"@type\":\"BreadcrumbList\",\"@id\":\"https:\\\/\\\/carontestudio.com\\\/blog\\\/disenadores-ilustres-dieter-rams\\\/#breadcrumb\",\"itemListElement\":[{\"@type\":\"ListItem\",\"position\":1,\"name\":\"Portada\",\"item\":\"https:\\\/\\\/carontestudio.com\\\/blog\\\/\"},{\"@type\":\"ListItem\",\"position\":2,\"name\":\"Dise\u00f1adores ilustres: Dieter Rams\"}]},{\"@type\":\"WebSite\",\"@id\":\"https:\\\/\\\/carontestudio.com\\\/blog\\\/#website\",\"url\":\"https:\\\/\\\/carontestudio.com\\\/blog\\\/\",\"name\":\"Blog de marketing | Caronte\",\"description\":\"En nuestro blog encontrar\u00e1s art\u00edculos semanales sobre SEO, marketing online, programaci\u00f3n web y mucho m\u00e1s.\",\"publisher\":{\"@id\":\"https:\\\/\\\/carontestudio.com\\\/blog\\\/#organization\"},\"potentialAction\":[{\"@type\":\"SearchAction\",\"target\":{\"@type\":\"EntryPoint\",\"urlTemplate\":\"https:\\\/\\\/carontestudio.com\\\/blog\\\/?s={search_term_string}\"},\"query-input\":{\"@type\":\"PropertyValueSpecification\",\"valueRequired\":true,\"valueName\":\"search_term_string\"}}],\"inLanguage\":\"es\"},{\"@type\":\"Organization\",\"@id\":\"https:\\\/\\\/carontestudio.com\\\/blog\\\/#organization\",\"name\":\"Caronte - Agencia de marketing\",\"url\":\"https:\\\/\\\/carontestudio.com\\\/blog\\\/\",\"logo\":{\"@type\":\"ImageObject\",\"inLanguage\":\"es\",\"@id\":\"https:\\\/\\\/carontestudio.com\\\/blog\\\/#\\\/schema\\\/logo\\\/image\\\/\",\"url\":\"https:\\\/\\\/carontestudio.com\\\/blog\\\/wp-content\\\/uploads\\\/2025\\\/06\\\/caronte-agencia-de-marketing-logo.png\",\"contentUrl\":\"https:\\\/\\\/carontestudio.com\\\/blog\\\/wp-content\\\/uploads\\\/2025\\\/06\\\/caronte-agencia-de-marketing-logo.png\",\"width\":1090,\"height\":155,\"caption\":\"Caronte - Agencia de marketing\"},\"image\":{\"@id\":\"https:\\\/\\\/carontestudio.com\\\/blog\\\/#\\\/schema\\\/logo\\\/image\\\/\"},\"sameAs\":[\"https:\\\/\\\/www.facebook.com\\\/carontewebstudio\\\/\",\"https:\\\/\\\/www.instagram.com\\\/caronte_studio\\\/\",\"https:\\\/\\\/www.tiktok.com\\\/@carontewebstudio\",\"https:\\\/\\\/www.youtube.com\\\/@carontewebstudio\",\"https:\\\/\\\/es.linkedin.com\\\/company\\\/carontewebstudio\"]},{\"@type\":\"Person\",\"@id\":\"https:\\\/\\\/carontestudio.com\\\/blog\\\/#\\\/schema\\\/person\\\/2104191b75663e9e9ca47f821c5f92cf\",\"name\":\"David de Lamo\",\"image\":{\"@type\":\"ImageObject\",\"inLanguage\":\"es\",\"@id\":\"https:\\\/\\\/secure.gravatar.com\\\/avatar\\\/110df00c652880b6b00cc45fe489d819ac3f1e805e379a5adefc8fce4d1f548c?s=96&d=mm&r=g\",\"url\":\"https:\\\/\\\/secure.gravatar.com\\\/avatar\\\/110df00c652880b6b00cc45fe489d819ac3f1e805e379a5adefc8fce4d1f548c?s=96&d=mm&r=g\",\"contentUrl\":\"https:\\\/\\\/secure.gravatar.com\\\/avatar\\\/110df00c652880b6b00cc45fe489d819ac3f1e805e379a5adefc8fce4d1f548c?s=96&d=mm&r=g\",\"caption\":\"David de Lamo\"},\"description\":\"David de Lamo te descubre, en el blog de Caronte Web Studio, las tendencias de dise\u00f1o, tanto gr\u00e1fico como web. Nuestro responsable del \u00e1rea de dise\u00f1o en Caronte Web Studio te cuenta todo lo que debes saber sobre imagen de empresa, carteler\u00eda, dise\u00f1o gr\u00e1fico, dise\u00f1o web, papeler\u00eda, rotulaciones... Aprende con \u00e9l y sum\u00e9rgete en el apasionante mundo del dise\u00f1o.\",\"sameAs\":[\"http:\\\/\\\/www.carontestudio.com\"],\"url\":\"https:\\\/\\\/carontestudio.com\\\/blog\\\/author\\\/david\\\/\"}]}<\/script>\n<!-- \/ Yoast SEO plugin. -->","yoast_head_json":{"title":"Dise\u00f1adores ilustres: Dieter Rams - Caronte Web Studio","description":"Hoy abordamos la figura de Dieter Rams. El dise\u00f1ador industrial que puso los puntos sobre las \u00edes al dise\u00f1o, con tan solo diez puntos claves.","robots":{"index":"index","follow":"follow","max-snippet":"max-snippet:-1","max-image-preview":"max-image-preview:large","max-video-preview":"max-video-preview:-1"},"canonical":"https:\/\/carontestudio.com\/blog\/disenadores-ilustres-dieter-rams\/","og_locale":"es_ES","og_type":"article","og_title":"Dise\u00f1adores ilustres: Dieter Rams - Caronte Web Studio","og_description":"Hoy abordamos la figura de Dieter Rams. El dise\u00f1ador industrial que puso los puntos sobre las \u00edes al dise\u00f1o, con tan solo diez puntos claves.","og_url":"https:\/\/carontestudio.com\/blog\/disenadores-ilustres-dieter-rams\/","og_site_name":"Blog de maketing | Caronte","article_publisher":"https:\/\/www.facebook.com\/carontewebstudio\/","article_published_time":"2022-05-24T11:00:00+00:00","article_modified_time":"2025-05-19T12:42:25+00:00","og_image":[{"width":1250,"height":737,"url":"https:\/\/carontestudio.com\/blog\/wp-content\/uploads\/2022\/05\/disenadores-ilustres-dieter-rams.jpg","type":"image\/jpeg"}],"author":"David de Lamo","twitter_card":"summary_large_image","twitter_misc":{"Escrito por":"David de Lamo","Tiempo de lectura":"8 minutos"},"schema":{"@context":"https:\/\/schema.org","@graph":[{"@type":"Article","@id":"https:\/\/carontestudio.com\/blog\/disenadores-ilustres-dieter-rams\/#article","isPartOf":{"@id":"https:\/\/carontestudio.com\/blog\/disenadores-ilustres-dieter-rams\/"},"author":{"name":"David de Lamo","@id":"https:\/\/carontestudio.com\/blog\/#\/schema\/person\/2104191b75663e9e9ca47f821c5f92cf"},"headline":"Dise\u00f1adores ilustres: Dieter Rams","datePublished":"2022-05-24T11:00:00+00:00","dateModified":"2025-05-19T12:42:25+00:00","mainEntityOfPage":{"@id":"https:\/\/carontestudio.com\/blog\/disenadores-ilustres-dieter-rams\/"},"wordCount":1238,"commentCount":0,"publisher":{"@id":"https:\/\/carontestudio.com\/blog\/#organization"},"image":{"@id":"https:\/\/carontestudio.com\/blog\/disenadores-ilustres-dieter-rams\/#primaryimage"},"thumbnailUrl":"https:\/\/carontestudio.com\/blog\/wp-content\/uploads\/2022\/05\/disenadores-ilustres-dieter-rams.jpg","keywords":["Dise\u00f1adores"],"articleSection":["Dise\u00f1o gr\u00e1fico"],"inLanguage":"es","potentialAction":[{"@type":"CommentAction","name":"Comment","target":["https:\/\/carontestudio.com\/blog\/disenadores-ilustres-dieter-rams\/#respond"]}]},{"@type":"WebPage","@id":"https:\/\/carontestudio.com\/blog\/disenadores-ilustres-dieter-rams\/","url":"https:\/\/carontestudio.com\/blog\/disenadores-ilustres-dieter-rams\/","name":"Dise\u00f1adores ilustres: Dieter Rams - Caronte Web Studio","isPartOf":{"@id":"https:\/\/carontestudio.com\/blog\/#website"},"primaryImageOfPage":{"@id":"https:\/\/carontestudio.com\/blog\/disenadores-ilustres-dieter-rams\/#primaryimage"},"image":{"@id":"https:\/\/carontestudio.com\/blog\/disenadores-ilustres-dieter-rams\/#primaryimage"},"thumbnailUrl":"https:\/\/carontestudio.com\/blog\/wp-content\/uploads\/2022\/05\/disenadores-ilustres-dieter-rams.jpg","datePublished":"2022-05-24T11:00:00+00:00","dateModified":"2025-05-19T12:42:25+00:00","description":"Hoy abordamos la figura de Dieter Rams. El dise\u00f1ador industrial que puso los puntos sobre las \u00edes al dise\u00f1o, con tan solo diez puntos claves.","breadcrumb":{"@id":"https:\/\/carontestudio.com\/blog\/disenadores-ilustres-dieter-rams\/#breadcrumb"},"inLanguage":"es","potentialAction":[{"@type":"ReadAction","target":["https:\/\/carontestudio.com\/blog\/disenadores-ilustres-dieter-rams\/"]}]},{"@type":"ImageObject","inLanguage":"es","@id":"https:\/\/carontestudio.com\/blog\/disenadores-ilustres-dieter-rams\/#primaryimage","url":"https:\/\/carontestudio.com\/blog\/wp-content\/uploads\/2022\/05\/disenadores-ilustres-dieter-rams.jpg","contentUrl":"https:\/\/carontestudio.com\/blog\/wp-content\/uploads\/2022\/05\/disenadores-ilustres-dieter-rams.jpg","width":1250,"height":737,"caption":"Dise\u00f1adores ilustres. Dieter Rams."},{"@type":"BreadcrumbList","@id":"https:\/\/carontestudio.com\/blog\/disenadores-ilustres-dieter-rams\/#breadcrumb","itemListElement":[{"@type":"ListItem","position":1,"name":"Portada","item":"https:\/\/carontestudio.com\/blog\/"},{"@type":"ListItem","position":2,"name":"Dise\u00f1adores ilustres: Dieter Rams"}]},{"@type":"WebSite","@id":"https:\/\/carontestudio.com\/blog\/#website","url":"https:\/\/carontestudio.com\/blog\/","name":"Blog de marketing | Caronte","description":"En nuestro blog encontrar\u00e1s art\u00edculos semanales sobre SEO, marketing online, programaci\u00f3n web y mucho m\u00e1s.","publisher":{"@id":"https:\/\/carontestudio.com\/blog\/#organization"},"potentialAction":[{"@type":"SearchAction","target":{"@type":"EntryPoint","urlTemplate":"https:\/\/carontestudio.com\/blog\/?s={search_term_string}"},"query-input":{"@type":"PropertyValueSpecification","valueRequired":true,"valueName":"search_term_string"}}],"inLanguage":"es"},{"@type":"Organization","@id":"https:\/\/carontestudio.com\/blog\/#organization","name":"Caronte - Agencia de marketing","url":"https:\/\/carontestudio.com\/blog\/","logo":{"@type":"ImageObject","inLanguage":"es","@id":"https:\/\/carontestudio.com\/blog\/#\/schema\/logo\/image\/","url":"https:\/\/carontestudio.com\/blog\/wp-content\/uploads\/2025\/06\/caronte-agencia-de-marketing-logo.png","contentUrl":"https:\/\/carontestudio.com\/blog\/wp-content\/uploads\/2025\/06\/caronte-agencia-de-marketing-logo.png","width":1090,"height":155,"caption":"Caronte - Agencia de marketing"},"image":{"@id":"https:\/\/carontestudio.com\/blog\/#\/schema\/logo\/image\/"},"sameAs":["https:\/\/www.facebook.com\/carontewebstudio\/","https:\/\/www.instagram.com\/caronte_studio\/","https:\/\/www.tiktok.com\/@carontewebstudio","https:\/\/www.youtube.com\/@carontewebstudio","https:\/\/es.linkedin.com\/company\/carontewebstudio"]},{"@type":"Person","@id":"https:\/\/carontestudio.com\/blog\/#\/schema\/person\/2104191b75663e9e9ca47f821c5f92cf","name":"David de Lamo","image":{"@type":"ImageObject","inLanguage":"es","@id":"https:\/\/secure.gravatar.com\/avatar\/110df00c652880b6b00cc45fe489d819ac3f1e805e379a5adefc8fce4d1f548c?s=96&d=mm&r=g","url":"https:\/\/secure.gravatar.com\/avatar\/110df00c652880b6b00cc45fe489d819ac3f1e805e379a5adefc8fce4d1f548c?s=96&d=mm&r=g","contentUrl":"https:\/\/secure.gravatar.com\/avatar\/110df00c652880b6b00cc45fe489d819ac3f1e805e379a5adefc8fce4d1f548c?s=96&d=mm&r=g","caption":"David de Lamo"},"description":"David de Lamo te descubre, en el blog de Caronte Web Studio, las tendencias de dise\u00f1o, tanto gr\u00e1fico como web. Nuestro responsable del \u00e1rea de dise\u00f1o en Caronte Web Studio te cuenta todo lo que debes saber sobre imagen de empresa, carteler\u00eda, dise\u00f1o gr\u00e1fico, dise\u00f1o web, papeler\u00eda, rotulaciones... Aprende con \u00e9l y sum\u00e9rgete en el apasionante mundo del dise\u00f1o.","sameAs":["http:\/\/www.carontestudio.com"],"url":"https:\/\/carontestudio.com\/blog\/author\/david\/"}]}},"_links":{"self":[{"href":"https:\/\/carontestudio.com\/blog\/wp-json\/wp\/v2\/posts\/10026","targetHints":{"allow":["GET"]}}],"collection":[{"href":"https:\/\/carontestudio.com\/blog\/wp-json\/wp\/v2\/posts"}],"about":[{"href":"https:\/\/carontestudio.com\/blog\/wp-json\/wp\/v2\/types\/post"}],"author":[{"embeddable":true,"href":"https:\/\/carontestudio.com\/blog\/wp-json\/wp\/v2\/users\/3"}],"replies":[{"embeddable":true,"href":"https:\/\/carontestudio.com\/blog\/wp-json\/wp\/v2\/comments?post=10026"}],"version-history":[{"count":28,"href":"https:\/\/carontestudio.com\/blog\/wp-json\/wp\/v2\/posts\/10026\/revisions"}],"predecessor-version":[{"id":10071,"href":"https:\/\/carontestudio.com\/blog\/wp-json\/wp\/v2\/posts\/10026\/revisions\/10071"}],"wp:featuredmedia":[{"embeddable":true,"href":"https:\/\/carontestudio.com\/blog\/wp-json\/wp\/v2\/media\/10050"}],"wp:attachment":[{"href":"https:\/\/carontestudio.com\/blog\/wp-json\/wp\/v2\/media?parent=10026"}],"wp:term":[{"taxonomy":"category","embeddable":true,"href":"https:\/\/carontestudio.com\/blog\/wp-json\/wp\/v2\/categories?post=10026"},{"taxonomy":"post_tag","embeddable":true,"href":"https:\/\/carontestudio.com\/blog\/wp-json\/wp\/v2\/tags?post=10026"}],"curies":[{"name":"wp","href":"https:\/\/api.w.org\/{rel}","templated":true}]}}